{"id":131618,"date":"2011-03-07T09:32:43","date_gmt":"2011-03-07T08:32:43","guid":{"rendered":"http:\/\/www.madrimasd.org\/blogs\/CTSiberoamerica\/?p=131618"},"modified":"2011-03-07T09:32:43","modified_gmt":"2011-03-07T08:32:43","slug":"8-de-marzo-de-2011-dia-internacional-de-la-mujer-2011-ano-internacional-de-las-mujeres-cientificas","status":"publish","type":"post","link":"https:\/\/www.madrimasd.org\/blogs\/CTSiberoamerica\/2011\/03\/07\/131618","title":{"rendered":"8 de Marzo de 2011, D\u00eda Internacional de la Mujer 2011. A\u00f1o Internacional de las Mujeres Cient\u00edficas"},"content":{"rendered":"<h1><strong>8 de  Marzo de 2011, D\u00eda Internacional de la Mujer<\/strong><\/h1>\n<h2><strong><em>2011, A\u00f1o Internacional de las Mujeres Cient\u00edficas <\/em><\/strong><\/h2>\n<table border=\"0\" cellspacing=\"3\" cellpadding=\"1\" width=\"151\" align=\"right\">\n<tbody>\n<tr>\n<td>\n<table border=\"0\" cellspacing=\"0\" cellpadding=\"4\" width=\"100%\">\n<tbody>\n<tr>\n<td align=\"center\"><img decoding=\"async\" src=\"http:\/\/www.oei.es\/decada\/muj.jpg\" alt=\"\" width=\"162\" height=\"128\" \/><\/td>\n<\/tr>\n<\/tbody>\n<\/table>\n<table border=\"0\" cellspacing=\"0\" cellpadding=\"0\">\n<tbody>\n<tr>\n<td><img decoding=\"async\" src=\"http:\/\/www.oei.es\/decada\/imagenes\/sombra_izda.jpg\" alt=\"\" width=\"99\" height=\"12\" \/><\/td>\n<td align=\"right\"><img decoding=\"async\" src=\"http:\/\/www.oei.es\/decada\/imagenes\/sombra_dcha.jpg\" alt=\"\" width=\"99\" height=\"12\" \/><\/td>\n<\/tr>\n<\/tbody>\n<\/table>\n<\/td>\n<\/tr>\n<\/tbody>\n<\/table>\n<p>Como sabemos  2011 ha sido declarado por la Asamblea General de Naciones Unidas <em>A\u00f1o Internacional de la Qu\u00edmica<\/em>,  coincidiendo con el centenario  del Premio Nobel otorgado a Marie Curie \u2013Marja  Sklodowska- por sus  aportes a la Qu\u00edmica.<\/p>\n<p>Lo que  resulta menos conocido es que, aprovechando el  valor simb\u00f3lico de la figura de  Madame Curie, poseedora de  dos premios  Nobel y una  de las personas dedicadas a la ciencia m\u00e1s importantes de  la historia (independientemente  del g\u00e9nero), 2011 ha sido  elegido  tambi\u00e9n, como <em>A\u00f1o Internacional  de las Mujeres Cient\u00edficas.<!--more--><\/em><\/p>\n<p>Se corre el  riesgo, sin embargo,de que esta   celebraci\u00f3n del aporte de las mujeres a la  ciencia pase  desapercibida  por su car\u00e1cter incidental, contribuyendo as\u00ed, una vez m\u00e1s, a la   hist\u00f3rica infravaloraci\u00f3n de sus aportaciones. Una infravaloraci\u00f3n  acompa\u00f1ada  de barreras que han dificultado \u2013cuando no llanamente  impedido- su acceso a la  investigaci\u00f3n cient\u00edfica. Baste recordar que  hace un siglo la mujer ten\u00eda  prohibido el acceso a la Universidad en la  mayor parte del mundo. Y aunque hoy  el n\u00famero de mujeres y hombres sea  pr\u00e1cticamente el mismo en las aulas  universitarias de muchos pa\u00edses,  la mujer a\u00fan accede a puestos de  responsabilidad cient\u00edfica en una  proporci\u00f3n muy inferior.<\/p>\n<p>Con motivo  del 8 de marzo, D\u00eda Internacional de la  Mujer, que este a\u00f1o 2011 lleva por lema  \u201cLa igualdad de acceso a la  educaci\u00f3n, a  la capacitaci\u00f3n y a la ciencia y la tecnolog\u00eda: la v\u00eda  hacia el trabajo digno  para la mujer\u201d, queremos contribuir a impulsar  los objetivos del A\u00f1o  Internacional de las Mujeres Cient\u00edficas. Debemos  aprovechar la ocasi\u00f3n que  brinda esta celebraci\u00f3n para debatir y  cuestionar los obst\u00e1culos que siguen dificultando  el pleno  aprovechamiento para la ciencia de las mujeres, es decir, de la mitad   de la humanidad.<\/p>\n<table border=\"0\" cellspacing=\"3\" cellpadding=\"1\" width=\"151\" align=\"right\">\n<tbody>\n<tr>\n<td>\n<table border=\"0\" cellspacing=\"0\" cellpadding=\"4\" width=\"100%\">\n<tbody>\n<tr>\n<td align=\"center\"><img decoding=\"async\" src=\"http:\/\/www.oei.es\/decada\/silent5.jpg\" alt=\"\" width=\"154\" height=\"204\" \/><\/td>\n<\/tr>\n<\/tbody>\n<\/table>\n<table border=\"0\" cellspacing=\"0\" cellpadding=\"0\">\n<tbody>\n<tr>\n<td><img decoding=\"async\" src=\"http:\/\/www.oei.es\/decada\/imagenes\/sombra_izda.jpg\" alt=\"\" width=\"99\" height=\"12\" \/><\/td>\n<td align=\"right\"><img decoding=\"async\" src=\"http:\/\/www.oei.es\/decada\/imagenes\/sombra_dcha.jpg\" alt=\"\" width=\"99\" height=\"12\" \/><\/td>\n<\/tr>\n<\/tbody>\n<\/table>\n<\/td>\n<\/tr>\n<\/tbody>\n<\/table>\n<p>Y no debemos olvidar el relevante  papel jugado por las  mujeres cient\u00edficas en el origen y desarrollo de lo que empieza  ya a  denominarse nueva <em>Ciencia de la  sostenibilidad<\/em>. Es preciso  recordar, en particular, la obra de Rachel  Carson, considerada a justo  t\u00edtulo la \u201cMadre del movimiento ecologista\u201d por la enorme influencia que  tuvo su  libro <em>Primavera Silenciosa<\/em> (en el que  daba  abundantes y contrastadas pruebas de los efectos nocivos del DDT) en el   surgimiento de grupos activistas que reivindicaban la necesidad de  protecci\u00f3n  del medio ambiente, en su m\u00e1s amplio sentido, que incluye a  la especie humana.  Merece la pena recordar las violentas cr\u00edticas y el  acoso que sufri\u00f3 por parte  de la industria qu\u00edmica, de los pol\u00edticos e  incluso de <em>numerosos cient\u00edficos<\/em>, que inicialmente negaron  valor a sus pruebas  y le acusaron de estar contra un progreso que  permit\u00eda dar de comer a una  poblaci\u00f3n creciente y salvar as\u00ed muchas  vidas humanas. Sin embargo, apenas 10  a\u00f1os m\u00e1s tarde se reconoci\u00f3 que  el DDT era realmente un peligroso veneno y se  prohibi\u00f3 su utilizaci\u00f3n  (aunque, desgraciadamente, se sigui\u00f3 utilizando en algunos pa\u00edses en  desarrollo).<\/p>\n<p>No se trata,  por lo dem\u00e1s, de un caso aislado: las  revistas cient\u00edficas est\u00e1n repletas de  trabajos relevantes en el campo  de la sostenibilidad realizados por mujeres. El  A\u00f1o Internacional de  las Mujeres Cient\u00edficas ha de ser ocasi\u00f3n para poner de  relieve estas  aportaciones y, sobre todo, para hacer saltar los obst\u00e1culos que  a\u00fan  limitan el pleno aprovechamiento de su trabajo en todos los campos de la   ciencia y, en especial, en el de la construcci\u00f3n de un futuro  sostenible. Como  ha se\u00f1alado el Secretario General de Naciones Unidas,  Ban Ki-moon: \u201c<em>La igualdad de las mujeres y las ni\u00f1as  constituye  tambi\u00e9n un imperativo econ\u00f3mico y social. Hasta que no se logre  liberar  a las mujeres y las ni\u00f1as de la pobreza y la injusticia, todos nuestros   objetivos \u2014la paz, la seguridad, el desarrollo sostenible\u2014 correr\u00e1n  peligro\u201d.<\/em><\/p>\n<p align=\"right\"><strong><em>Educadores por la sostenibilidad<\/em><\/strong><br \/>\nBolet\u00edn N\u00ba 62, 8 de marzo de 2011<br \/>\n<a href=\"http:\/\/www.oei.es\/decada\/boletin062.php\">http:\/\/www.oei.es\/decada\/boletin062.php<\/a><\/p>\n","protected":false},"excerpt":{"rendered":"<p>8 de Marzo de 2011, D\u00eda Internacional de la Mujer 2011, A\u00f1o Internacional de las Mujeres Cient\u00edficas Como sabemos 2011 ha sido declarado por la Asamblea General de Naciones Unidas A\u00f1o Internacional de la Qu\u00edmica, coincidiendo con el centenario del Premio Nobel otorgado a Marie Curie \u2013Marja Sklodowska- por sus aportes a la Qu\u00edmica. Lo que resulta menos conocido es que, aprovechando el valor simb\u00f3lico de la figura de Madame Curie, poseedora de dos premios Nobel y una de las personas dedicadas a la ciencia m\u00e1s importantes de la historia (independientemente del g\u00e9nero), 2011 ha sido elegido tambi\u00e9n, como A\u00f1o\u2026<\/p>\n","protected":false},"author":14,"featured_media":0,"comment_status":"open","ping_status":"open","sticky":false,"template":"","format":"standard","meta":{"ngg_post_thumbnail":0},"categories":[1],"tags":[],"blocksy_meta":{"styles_descriptor":{"styles":{"desktop":"","tablet":"","mobile":""},"google_fonts":[],"version":4}},"aioseo_notices":[],"_links":{"self":[{"href":"https:\/\/www.madrimasd.org\/blogs\/CTSiberoamerica\/wp-json\/wp\/v2\/posts\/131618"}],"collection":[{"href":"https:\/\/www.madrimasd.org\/blogs\/CTSiberoamerica\/wp-json\/wp\/v2\/posts"}],"about":[{"href":"https:\/\/www.madrimasd.org\/blogs\/CTSiberoamerica\/wp-json\/wp\/v2\/types\/post"}],"author":[{"embeddable":true,"href":"https:\/\/www.madrimasd.org\/blogs\/CTSiberoamerica\/wp-json\/wp\/v2\/users\/14"}],"replies":[{"embeddable":true,"href":"https:\/\/www.madrimasd.org\/blogs\/CTSiberoamerica\/wp-json\/wp\/v2\/comments?post=131618"}],"version-history":[{"count":1,"href":"https:\/\/www.madrimasd.org\/blogs\/CTSiberoamerica\/wp-json\/wp\/v2\/posts\/131618\/revisions"}],"predecessor-version":[{"id":131619,"href":"https:\/\/www.madrimasd.org\/blogs\/CTSiberoamerica\/wp-json\/wp\/v2\/posts\/131618\/revisions\/131619"}],"wp:attachment":[{"href":"https:\/\/www.madrimasd.org\/blogs\/CTSiberoamerica\/wp-json\/wp\/v2\/media?parent=131618"}],"wp:term":[{"taxonomy":"category","embeddable":true,"href":"https:\/\/www.madrimasd.org\/blogs\/CTSiberoamerica\/wp-json\/wp\/v2\/categories?post=131618"},{"taxonomy":"post_tag","embeddable":true,"href":"https:\/\/www.madrimasd.org\/blogs\/CTSiberoamerica\/wp-json\/wp\/v2\/tags?post=131618"}],"curies":[{"name":"wp","href":"https:\/\/api.w.org\/{rel}","templated":true}]}}