{"id":131677,"date":"2011-09-06T09:00:12","date_gmt":"2011-09-06T08:00:12","guid":{"rendered":"http:\/\/www.madrimasd.org\/blogs\/CTSiberoamerica\/?p=131677"},"modified":"2011-09-06T09:00:12","modified_gmt":"2011-09-06T08:00:12","slug":"experto-universitario-en-divulgacion-y-cultura-cientifica","status":"publish","type":"post","link":"https:\/\/www.madrimasd.org\/blogs\/CTSiberoamerica\/2011\/09\/06\/131677","title":{"rendered":"Experto Universitario en Divulgaci\u00f3n y Cultura Cient\u00edfica"},"content":{"rendered":"<h2>Introducci\u00f3n<\/h2>\n<p>Este  curso est\u00e1 enfocado a mejorar las capacidades,  habilidades y \u00a0conocimientos de aquellas personas vinculadas   profesionalmente al \u00e1mbito de la gesti\u00f3n de I+D+i, la comunicaci\u00f3n   institucional en centros p\u00fablicos o privados de investigaci\u00f3n, la  promoci\u00f3n de \u00a0la actividad cient\u00edfica, la transferencia de   conocimientos o el periodismo cient\u00edfico y de divulgaci\u00f3n.<\/p>\n<p>Se trata de una iniciativa de la Organizaci\u00f3n de Estados                 Iberoamericanos para la Educaci\u00f3n, la Ciencia y la Cultura                 (OEI) y de la Universidad de Oviedo, y cuenta con la colaboraci\u00f3n                 de la Agencia Espa\u00f1ola de Cooperaci\u00f3n Internacional                 para el Desarrollo (AECID).<\/p>\n<p>Esta  estrategia de formaci\u00f3n se ofrece en el marco de la  Escuela de Ciencia del  Centro de Altos Estudios Universitarios de la  OEI (CAEU).<!--more--><\/p>\n<h2><a id=\"objetivos\" name=\"objetivos\"><\/a>Objetivos<\/h2>\n<p>El objetivo del curso es complementar las habilidades   divulgativas de investigadores, gestores de I+D y responsables de las  \u00e1reas de  comunicaci\u00f3n de organismos productores de conocimiento.<\/p>\n<p>El objetivo fundamental del curso es complementar las   habilidades divulgativas de investigadores, gestores de I+D y  responsables de  las \u00e1reas de comunicaci\u00f3n de organismos productores de  conocimiento. Se trata,  as\u00ed mismo, de una iniciativa vinculada al m\u00e1s  ambicioso proyecto de establecer  una <a href=\"http:\/\/www.oei.es\/comunicacionydivulgacion\">Red Iberoamericana de Comunicaci\u00f3n y Divulgaci\u00f3n Cient\u00edfica<\/a>, que contribuya  a:<\/p>\n<ol>\n<li>Fortalecer las  relaciones entre investigadores de la    Regi\u00f3n, fomentando la colaboraci\u00f3n y la creaci\u00f3n de sinergias   mediante el intercambio de recursos y conocimientos.<\/li>\n<li>Facilitar la  identificaci\u00f3n de iniciativas  innovadoras estrat\u00e9gicas, relacionadas con la  divulgaci\u00f3n de la  ciencia, que mejoren el desarrollo social y la competitividad   empresarial.<\/li>\n<li>Incrementar el  volumen de informaci\u00f3n relativa a  I+D+i disponible para la sociedad y la  transmisi\u00f3n de un acervo  cient\u00edfico en Iberoam\u00e9rica.<\/li>\n<li>Habilitar canales que  mejoren la visibilidad internacional de la Ciencia gestada y producida en Iberoam\u00e9rica.<\/li>\n<\/ol>\n<p>La formaci\u00f3n de los divulgadores y agentes de cultura   cient\u00edfica y su posterior labor profesional permitir\u00e1 cumplir cuatro  funciones,  ofreciendo servicios directos a otros tantos sectores:<\/p>\n<ol>\n<li>A la comunidad  cient\u00edfica, poniendo a disposici\u00f3n de  la misma un espacio virtual a trav\u00e9s del  cual dar a conocer sus avances  e innovaciones e identificar grupos de  investigaci\u00f3n con intereses  afines o complementarios.<\/li>\n<li>A los medios de  comunicaci\u00f3n que encuentran a trav\u00e9s  de una herramienta espec\u00edfica  informaciones relacionadas con dos  \u00e1mbitos de dif\u00edcil cobertura para ellos como  son la Ciencia  y la  Tecnolog\u00eda,  y que podr\u00e1n hacer llegar a la sociedad de manera rigurosa y  fiable.<\/li>\n<li>Al sector empresarial  que halla en la Red  un  elemento para la identificaci\u00f3n de innovaciones y novedades cient\u00edficas  que  pueden llegar a ser de inter\u00e9s comercial, facilitando as\u00ed la  transferencia de  conocimientos.<\/li>\n<li>A la sociedad en  general, mediante la ampliaci\u00f3n y el  acceso a informaciones y material  divulgativo por parte de la  ciudadan\u00eda.<\/li>\n<\/ol>\n<h2><a id=\"instituciones\" name=\"instituciones\"><\/a>Instituciones<\/h2>\n<ul>\n<li>Vicerrectorado de Ordenaci\u00f3n Acad\u00e9mica y Nuevas Tecnolog\u00edas  de la Universidad de Oviedo<\/li>\n<li>Centro de Altos Estudios Universitarios (CAEU) de la   Organizaci\u00f3n de Estados Iberoamericanos para la Educaci\u00f3n la Ciencia y  la  Cultura (OEI)<\/li>\n<li>Agencia Espa\u00f1ola de Cooperaci\u00f3n Internacional para el  Desarrollo (AECID)<\/li>\n<\/ul>\n<p>Colaboran<em>: <\/em><\/p>\n<ul>\n<li>Dpto. de Filosof\u00eda [Universidad de Oviedo]<\/li>\n<li>Dpto. de Teor\u00eda de los Lenguajes y Ciencias de la Comunicaci\u00f3n                   [Universidad de Valencia]<\/li>\n<li>Centro de Estudios, Desarrollo y Educaci\u00f3n Superior (Redes)<\/li>\n<li>Ingenio &#8211; Instituto de Gesti\u00f3n de la Innovaci\u00f3n                   y del Conocimiento [CSIC-UPV]<\/li>\n<li>Instituto de Estudios sobre Ciencia y Tecnolog\u00eda (ECYT)                   [Universidad de Salamanca]<\/li>\n<li>Unidad de Investigaci\u00f3n en Cultura Cient\u00edfica                   del Centro de Investigaciones Energ\u00e9ticas, Medioambientales                   y Tecnol\u00f3gicas (CIEMAT)<\/li>\n<li>Vicepresidencia Adjunta de Cultura Cient\u00edfica del Consejo                   Superior de Investigaciones Cient\u00edficas (CSIC)<\/li>\n<li>Instituto de Filosof\u00eda del CSIC<\/li>\n<li>Fundaci\u00f3n Espa\u00f1ola para la Ciencia y la Tecnolog\u00eda                   (FECYT)<\/li>\n<\/ul>\n<p><a title=\"Experto\" href=\"http:\/\/www.oei.es\/cienciayuniversidad\/spip.php?article851\" target=\"_blank\">M\u00e1s informaci\u00f3n<\/a><\/p>\n","protected":false},"excerpt":{"rendered":"<p>Introducci\u00f3n Este curso est\u00e1 enfocado a mejorar las capacidades, habilidades y \u00a0conocimientos de aquellas personas vinculadas profesionalmente al \u00e1mbito de la gesti\u00f3n de I+D+i, la comunicaci\u00f3n institucional en centros p\u00fablicos o privados de investigaci\u00f3n, la promoci\u00f3n de \u00a0la actividad cient\u00edfica, la transferencia de conocimientos o el periodismo cient\u00edfico y de divulgaci\u00f3n. Se trata de una iniciativa de la Organizaci\u00f3n de Estados Iberoamericanos para la Educaci\u00f3n, la Ciencia y la Cultura (OEI) y de la Universidad de Oviedo, y cuenta con la colaboraci\u00f3n de la Agencia Espa\u00f1ola de Cooperaci\u00f3n Internacional para el Desarrollo (AECID). Esta estrategia de formaci\u00f3n se ofrece en\u2026<\/p>\n","protected":false},"author":14,"featured_media":0,"comment_status":"open","ping_status":"open","sticky":false,"template":"","format":"standard","meta":{"ngg_post_thumbnail":0},"categories":[1],"tags":[],"blocksy_meta":{"styles_descriptor":{"styles":{"desktop":"","tablet":"","mobile":""},"google_fonts":[],"version":4}},"aioseo_notices":[],"_links":{"self":[{"href":"https:\/\/www.madrimasd.org\/blogs\/CTSiberoamerica\/wp-json\/wp\/v2\/posts\/131677"}],"collection":[{"href":"https:\/\/www.madrimasd.org\/blogs\/CTSiberoamerica\/wp-json\/wp\/v2\/posts"}],"about":[{"href":"https:\/\/www.madrimasd.org\/blogs\/CTSiberoamerica\/wp-json\/wp\/v2\/types\/post"}],"author":[{"embeddable":true,"href":"https:\/\/www.madrimasd.org\/blogs\/CTSiberoamerica\/wp-json\/wp\/v2\/users\/14"}],"replies":[{"embeddable":true,"href":"https:\/\/www.madrimasd.org\/blogs\/CTSiberoamerica\/wp-json\/wp\/v2\/comments?post=131677"}],"version-history":[{"count":1,"href":"https:\/\/www.madrimasd.org\/blogs\/CTSiberoamerica\/wp-json\/wp\/v2\/posts\/131677\/revisions"}],"predecessor-version":[{"id":131678,"href":"https:\/\/www.madrimasd.org\/blogs\/CTSiberoamerica\/wp-json\/wp\/v2\/posts\/131677\/revisions\/131678"}],"wp:attachment":[{"href":"https:\/\/www.madrimasd.org\/blogs\/CTSiberoamerica\/wp-json\/wp\/v2\/media?parent=131677"}],"wp:term":[{"taxonomy":"category","embeddable":true,"href":"https:\/\/www.madrimasd.org\/blogs\/CTSiberoamerica\/wp-json\/wp\/v2\/categories?post=131677"},{"taxonomy":"post_tag","embeddable":true,"href":"https:\/\/www.madrimasd.org\/blogs\/CTSiberoamerica\/wp-json\/wp\/v2\/tags?post=131677"}],"curies":[{"name":"wp","href":"https:\/\/api.w.org\/{rel}","templated":true}]}}