{"id":131754,"date":"2015-01-14T09:52:04","date_gmt":"2015-01-14T08:52:04","guid":{"rendered":"http:\/\/www.madrimasd.org\/blogs\/CTSiberoamerica\/?p=131754"},"modified":"2015-01-14T09:52:04","modified_gmt":"2015-01-14T08:52:04","slug":"programa-de-accion-global-un-compromiso-renovado-por-la-educacion-para-la-sostenibilidad","status":"publish","type":"post","link":"https:\/\/www.madrimasd.org\/blogs\/CTSiberoamerica\/2015\/01\/14\/131754","title":{"rendered":"Programa de Acci\u00f3n Global: Un compromiso renovado por la Educaci\u00f3n para la Sostenibilidad"},"content":{"rendered":"<p><img decoding=\"async\" class=\"alignright\" title=\"Por un Presente Sostenible\" src=\"http:\/\/www.oei.es\/decada\/bol101.jpg\" alt=\"Por un Presente Sostenible\" width=\"269\" height=\"149\" \/>El 1 de enero de 2005 arrancaba la <em>D\u00e9cada de la Educaci\u00f3n por la Sostenibilidad<\/em> promovida por Naciones Unidas. Desde ese mismo, d\u00eda la OEI ha estado impulsando la Educaci\u00f3n por la Sostenibilidad entre los educadores iberoamericanos por medio de este espacio web que se ha convertido en referencia en nuestra regi\u00f3n.<\/p>\n<p>Hoy, 1 de enero de 2015, finalizada la D\u00e9cada, Naciones Unidas pone en marcha un <em>Programa de Acci\u00f3n Global<\/em> con el mismo objetivo de impulsar la necesaria y todav\u00eda posible transici\u00f3n a la Sostenibilidad.<!--more--><\/p>\n<p>Este Programa de Acci\u00f3n Global (GAP por sus siglas en ingl\u00e9s, <em>Global Action Programme<\/em>) toma como base los logros alcanzados en el marco de la D\u00e9cada, con el fin de seguir impulsando el compromiso internacional de fomentar la Educaci\u00f3n para el Desarrollo Sostenible (EDS). Y ha sido concebido mediante un proceso de amplias consultas que refuerzan su inter\u00e9s y viabilidad (ver la <em>Declaraci\u00f3n de Aichi-Nagoya sobre Educaci\u00f3n para el Desarrollo Sostenible<\/em>, <a href=\"http:\/\/unesdoc.unesco.org\/images\/0023\/002310\/231074s.pdf\" target=\"3\">http:\/\/unesdoc.unesco.org\/images\/0023\/002310\/231074s.pdf<\/a>).<\/p>\n<p>Es un Programa de Acci\u00f3n <em>Mundial<\/em> necesario, porque seguimos viviendo una situaci\u00f3n de aut\u00e9ntica emergencia planetaria, marcada por toda una serie de problemas estrechamente relacionados que no han cesado de agravarse: contaminaci\u00f3n y degradaci\u00f3n de los ecosistemas, cambio clim\u00e1tico, agotamiento de recursos, crecimiento incontrolado de la poblaci\u00f3n mundial, pobreza extrema de miles de millones de seres humanos junto al consumismo depredador de una quinta parte de la humanidad, conflictos destructivos, p\u00e9rdida de diversidad biol\u00f3gica y cultural\u2026 Es, adem\u00e1s,<em> urgente<\/em>, porque la transici\u00f3n a la Sostenibilidad no ha de verse como una apuesta de futuro que exige ahora nuestro sacrificio: es, por el contrario, una estrategia fundamentada para dar soluci\u00f3n a los problemas que estamos viviendo y hacer posible la satisfacci\u00f3n de las necesidades del conjunto de la humanidad (no solo de una minor\u00eda) <em>hoy y ma\u00f1ana<\/em>.<\/p>\n<p>El Programa urge, pues, a la acci\u00f3n, para iniciar ya la transici\u00f3n a la Sostenibilidad, porque ahora sabemos, mejor que en 2005, c\u00f3mo dar respuesta a esta problem\u00e1tica sist\u00e9mica: la comunidad cient\u00edfica ha profundizado en las medidas necesarias, pero insistiendo en que debemos aplicarlas con urgencia, porque el tiempo para frenar la degradaci\u00f3n se agota y porque est\u00e1 en nuestras manos comenzar a construir sociedades sostenibles, no solo como promesa de futuro, sino como mejora necesaria del presente.<\/p>\n<p>Ello exige voluntad pol\u00edtica para superar comportamientos irresponsables, guiados por intereses particulares a corto plazo, que est\u00e1n provocando una huella ecol\u00f3gica superior ya a la biocapacidad del planeta y que imposibilitan el bienestar de la mayor\u00eda de la poblaci\u00f3n. Una voluntad pol\u00edtica que debe ser el fruto de la presi\u00f3n que ejerce una ciudadan\u00eda bien informada.\u00a0 Es preciso, pues, que toda la educaci\u00f3n, tanto formal como no reglada, contribuya a proporcionar a la ciudadan\u00eda una percepci\u00f3n correcta de los problemas y a fomentar actitudes y comportamientos favorables a la transici\u00f3n a la Sostenibilidad. Ese fue el objetivo de la D\u00e9cada de la Educaci\u00f3n para la Sostenibilidad y ha de serlo tambi\u00e9n, con intensidad incrementada, del Programa de Acci\u00f3n Global que ahora se inicia.<\/p>\n<p>Este espacio web se suma a dicho Programa con todo el bagaje construido a lo largo de la D\u00e9cada \u2013los 25 Temas de Acci\u00f3n Clave, los 100 boletines distribuidos a los miles de educadores e instituciones adheridas, su sala de lectura, etc.- y la voluntad de seguir enriqueci\u00e9ndolo, renovando as\u00ed el <em>Compromiso por una Educaci\u00f3n para la Sostenibilidad<\/em>.<\/p>\n<p><a href=\"http:\/\/www.oei.es\/decada\/\" target=\"_blank\">http:\/\/www.oei.es\/decada\/<\/a><\/p>\n","protected":false},"excerpt":{"rendered":"<p>El 1 de enero de 2005 arrancaba la D\u00e9cada de la Educaci\u00f3n por la Sostenibilidad promovida por Naciones Unidas. Desde ese mismo, d\u00eda la OEI ha estado impulsando la Educaci\u00f3n por la Sostenibilidad entre los educadores iberoamericanos por medio de este espacio web que se ha convertido en referencia en nuestra regi\u00f3n. Hoy, 1 de enero de 2015, finalizada la D\u00e9cada, Naciones Unidas pone en marcha un Programa de Acci\u00f3n Global con el mismo objetivo de impulsar la necesaria y todav\u00eda posible transici\u00f3n a la Sostenibilidad.<\/p>\n","protected":false},"author":14,"featured_media":0,"comment_status":"open","ping_status":"open","sticky":false,"template":"","format":"standard","meta":{"ngg_post_thumbnail":0},"categories":[1],"tags":[],"blocksy_meta":{"styles_descriptor":{"styles":{"desktop":"","tablet":"","mobile":""},"google_fonts":[],"version":4}},"aioseo_notices":[],"_links":{"self":[{"href":"https:\/\/www.madrimasd.org\/blogs\/CTSiberoamerica\/wp-json\/wp\/v2\/posts\/131754"}],"collection":[{"href":"https:\/\/www.madrimasd.org\/blogs\/CTSiberoamerica\/wp-json\/wp\/v2\/posts"}],"about":[{"href":"https:\/\/www.madrimasd.org\/blogs\/CTSiberoamerica\/wp-json\/wp\/v2\/types\/post"}],"author":[{"embeddable":true,"href":"https:\/\/www.madrimasd.org\/blogs\/CTSiberoamerica\/wp-json\/wp\/v2\/users\/14"}],"replies":[{"embeddable":true,"href":"https:\/\/www.madrimasd.org\/blogs\/CTSiberoamerica\/wp-json\/wp\/v2\/comments?post=131754"}],"version-history":[{"count":1,"href":"https:\/\/www.madrimasd.org\/blogs\/CTSiberoamerica\/wp-json\/wp\/v2\/posts\/131754\/revisions"}],"predecessor-version":[{"id":131755,"href":"https:\/\/www.madrimasd.org\/blogs\/CTSiberoamerica\/wp-json\/wp\/v2\/posts\/131754\/revisions\/131755"}],"wp:attachment":[{"href":"https:\/\/www.madrimasd.org\/blogs\/CTSiberoamerica\/wp-json\/wp\/v2\/media?parent=131754"}],"wp:term":[{"taxonomy":"category","embeddable":true,"href":"https:\/\/www.madrimasd.org\/blogs\/CTSiberoamerica\/wp-json\/wp\/v2\/categories?post=131754"},{"taxonomy":"post_tag","embeddable":true,"href":"https:\/\/www.madrimasd.org\/blogs\/CTSiberoamerica\/wp-json\/wp\/v2\/tags?post=131754"}],"curies":[{"name":"wp","href":"https:\/\/api.w.org\/{rel}","templated":true}]}}