{"id":131807,"date":"2018-01-31T13:18:36","date_gmt":"2018-01-31T12:18:36","guid":{"rendered":"http:\/\/www.madrimasd.org\/blogs\/CTSiberoamerica\/?p=131807"},"modified":"2018-01-31T13:18:36","modified_gmt":"2018-01-31T12:18:36","slug":"una-nueva-exclusion-social-la-de-nuestros-mayores-y-la-sociedad-tecnodigital","status":"publish","type":"post","link":"https:\/\/www.madrimasd.org\/blogs\/CTSiberoamerica\/2018\/01\/31\/131807","title":{"rendered":"Una nueva exclusi\u00f3n social: la de nuestros mayores y la sociedad tecnodigital"},"content":{"rendered":"<p><strong>Cuando \u00e9ramos ni\u00f1os nuestros padres y nuestros abuelos nos ense\u00f1aron a entender lo que significaban los sem\u00e1foros, lo que deb\u00edamos cuidar al transitar por calles de la ciudad. Seguro que cuando empezaron a aparecer los coches en las ciudades no solo ten\u00edan antecedentes en los carros tirados por animales sino que adem\u00e1s que tuvo una progresi\u00f3n lenta, en matem\u00e1tica se dir\u00eda aritm\u00e9tica.<!--more--><\/strong><\/p>\n<p>Pero en 2018 sigue una progresi\u00f3n exponencial la digitalizaci\u00f3n de los servicios, muchos de ellos b\u00e1sicos, y a ellos se deben enfrentar muchos ciudadanos sin que les haya dado tiempo a ir adapt\u00e1ndose como lo hicieron sus abuelos con la circulaci\u00f3n de los coches.<\/p>\n<p>Desde la OEI siempre hemos trabajado los impactos sociales de la ciencia y la tecnolog\u00eda y esta vez no queremos dejar de hacerlo. En primer lugar porque se trata de una tecnolog\u00eda muy extendida que cada vez es empleada, como s\u00edmbolo de progreso, por muchas empresas y entidades p\u00fablicas. En segundo lugar porque una sociedad debe primar la inclusi\u00f3n social de todos los sus ciudadanos.<\/p>\n<p>Frente a ello hay que buscar estrategias para que estos impactos sean convenientemente minimizados y para ello hay que tender puentes con los ingenieros que las dise\u00f1an para que primen la usabilidad por encima de cualquier otro criterio y sobre todo por parte de los mayores. Tal como vienen preconizando investigadores como Miguel \u00c1ngel Quintanilla desde Espa\u00f1a o Mart\u00edn Parselis desde Argentina, la soluci\u00f3n viene de lo que denominan \u201c<a id=\"OLE_LINK6\" name=\"OLE_LINK6\"><\/a><a id=\"OLE_LINK5\" name=\"OLE_LINK5\"><\/a> <a href=\"http:\/\/www.oei.es\/historico\/cienciayuniversidad\/spip.php?article7493\">Tecnolog\u00edas entra\u00f1ables <\/a>\u201d. Entra\u00f1able viene de entra\u00f1a, lo contrario de v\u00edscera, y ya en 2009 Quintanilla la defin\u00eda como aquellas son a la vez: \u201csostenibles, socialmente responsables, participativas, colaborativas, abiertas\u201d.<\/p>\n<p>El otro actor, quiz\u00e1s el m\u00e1s importante, es la administraci\u00f3n local. Los Ayuntamiento o Cabildos son las administraciones que siempre han estado m\u00e1s cerca del ciudadano. Y llevan muchos a\u00f1os con programas de salud, de cultura, de ocio para nuestros mayores. Solo su implicaci\u00f3n puede revertir esta exclusi\u00f3n social cada vez m\u00e1s extendida, no tanto por el incremento del n\u00famero de perjudicados sino por el imparable proceso de digitalizaci\u00f3n de los servicios.<\/p>\n<p>Por todo lo anterior la OEI, con el acompa\u00f1amiento de muchas entidades asturianas, ha convocado un Foro Iberoamericano de Ingenier\u00eda y Sociedad Digital. Queremos que sea un espacio en que se pueda reflexionar sobre esta problem\u00e1tica y se puedan presentar estrategias exitosas que, seguro, ya existen y pueden ser modelos a imitar en otras latitudes. No ser\u00e1 un espacio en el que podamos solucionar el grave problema que ya existe pero puede ser un camino en que se inicie tanto la visibilidad del problema, como su estudio acad\u00e9mico y divulgar las buenas pr\u00e1cticas que ya existen<\/p>\n<p>Aunque ya hace semanas que tenemos abierta la web del Foro y el llamado a contribuciones con esta nota queremos reforzar esta l\u00ednea para que podamos tener tanto investigadores como promotores de proyectos que estudien o act\u00faen para acortar esta inequidad social.<\/p>\n<p>En resumen, consideramos que no es una brecha digital sino que se ha convertido en una de las m\u00e1s graves exclusiones sociales que afronta la sociedad.<\/p>\n<p align=\"center\"><a href=\"http:\/\/www.oei.es\/historico\/foroingenieriaysociedaddigital\/\" target=\"3\"><img decoding=\"async\" src=\"http:\/\/www.oei.es\/uploads\/images\/banner\/2017\/12\/25\/foro-jpg\" alt=\"\" width=\"748\" height=\"269\" border=\"0\" \/><\/a><\/p>\n","protected":false},"excerpt":{"rendered":"<p>Cuando \u00e9ramos ni\u00f1os nuestros padres y nuestros abuelos nos ense\u00f1aron a entender lo que significaban los sem\u00e1foros, lo que deb\u00edamos cuidar al transitar por calles de la ciudad. Seguro que cuando empezaron a aparecer los coches en las ciudades no solo ten\u00edan antecedentes en los carros tirados por animales sino que adem\u00e1s que tuvo una progresi\u00f3n lenta, en matem\u00e1tica se dir\u00eda aritm\u00e9tica.<\/p>\n","protected":false},"author":14,"featured_media":0,"comment_status":"open","ping_status":"open","sticky":false,"template":"","format":"standard","meta":{"ngg_post_thumbnail":0},"categories":[1],"tags":[],"blocksy_meta":{"styles_descriptor":{"styles":{"desktop":"","tablet":"","mobile":""},"google_fonts":[],"version":4}},"aioseo_notices":[],"_links":{"self":[{"href":"https:\/\/www.madrimasd.org\/blogs\/CTSiberoamerica\/wp-json\/wp\/v2\/posts\/131807"}],"collection":[{"href":"https:\/\/www.madrimasd.org\/blogs\/CTSiberoamerica\/wp-json\/wp\/v2\/posts"}],"about":[{"href":"https:\/\/www.madrimasd.org\/blogs\/CTSiberoamerica\/wp-json\/wp\/v2\/types\/post"}],"author":[{"embeddable":true,"href":"https:\/\/www.madrimasd.org\/blogs\/CTSiberoamerica\/wp-json\/wp\/v2\/users\/14"}],"replies":[{"embeddable":true,"href":"https:\/\/www.madrimasd.org\/blogs\/CTSiberoamerica\/wp-json\/wp\/v2\/comments?post=131807"}],"version-history":[{"count":2,"href":"https:\/\/www.madrimasd.org\/blogs\/CTSiberoamerica\/wp-json\/wp\/v2\/posts\/131807\/revisions"}],"predecessor-version":[{"id":131809,"href":"https:\/\/www.madrimasd.org\/blogs\/CTSiberoamerica\/wp-json\/wp\/v2\/posts\/131807\/revisions\/131809"}],"wp:attachment":[{"href":"https:\/\/www.madrimasd.org\/blogs\/CTSiberoamerica\/wp-json\/wp\/v2\/media?parent=131807"}],"wp:term":[{"taxonomy":"category","embeddable":true,"href":"https:\/\/www.madrimasd.org\/blogs\/CTSiberoamerica\/wp-json\/wp\/v2\/categories?post=131807"},{"taxonomy":"post_tag","embeddable":true,"href":"https:\/\/www.madrimasd.org\/blogs\/CTSiberoamerica\/wp-json\/wp\/v2\/tags?post=131807"}],"curies":[{"name":"wp","href":"https:\/\/api.w.org\/{rel}","templated":true}]}}