{"id":131862,"date":"2019-02-07T07:51:15","date_gmt":"2019-02-07T06:51:15","guid":{"rendered":"http:\/\/www.madrimasd.org\/blogs\/CTSiberoamerica\/?p=131862"},"modified":"2019-02-07T08:07:47","modified_gmt":"2019-02-07T07:07:47","slug":"dilemas-eticos-en-la-ciencia-patriotismo-nacionalista","status":"publish","type":"post","link":"https:\/\/www.madrimasd.org\/blogs\/CTSiberoamerica\/2019\/02\/07\/131862","title":{"rendered":"Dilemas \u00e9ticos en la ciencia: patriotismo nacionalista"},"content":{"rendered":"<p>Por Jos\u00e9 Antonio Acevedo D\u00edaz.<\/p>\n<p>El patriotismo nacionalista llevado a su extremo ha dado lugar a crueles y sangrientas guerras. No todas estas han sido en Europa, pero s\u00ed frecuentes; no hay m\u00e1s que repasar brevemente la historia.<\/p>\n<p>&nbsp;<\/p>\n<p>De este patriotismo nacionalista no se han librado los cient\u00edficos. Por ejemplo, el qu\u00edmico alem\u00e1n Fritz Haber le dijo con vehemencia al qu\u00edmico franc\u00e9s Victor Grignard: \u201cDurante la paz un cient\u00edfico pertenece al mundo pero durante la guerra pertenece a su pa\u00eds\u201d (Mart\u00edn et al., 2015, p. 225). Los dos cient\u00edficos fueron galardonados con el premio Nobel (Grignard en 1912 y Haber en 1918), y ambos fueron activos part\u00edcipes en el desarrollo de gases qu\u00edmicos mort\u00edferos de uso militar durante la Primera Guerra Mundial. A pesar de su activa colaboraci\u00f3n con el ej\u00e9rcito alem\u00e1n donde alcanz\u00f3 el grado honor\u00edfico de capit\u00e1n, Haber, que era jud\u00edo, abandon\u00f3 Alemania con la llegada de Hitler al poder en 1933.<!--more--><\/p>\n<p>&nbsp;<\/p>\n<p>Sin llegar a estos extremos, Pasteur apel\u00f3 al patriotismo nacionalista durante su controversia con Liebig sobre la fermentaci\u00f3n, oponiendo la \u201cciencia francesa\u201d a la \u201cciencia alemana\u201d en una \u00e9poca en que Francia y Prusia eran enemigas (Acevedo-D\u00edaz y Garc\u00eda-Carmona (2016, 2017). En las propias palabras de Pasteur:<\/p>\n<p>&nbsp;<\/p>\n<p>\u201cEn el momento en el que yo emprendo aqu\u00ed, contra el Sr. Liebig, la defensa de una opini\u00f3n que, despu\u00e9s de todo, pertenece a la ciencia francesa, \u00bfpor qu\u00e9 el Sr. Fremy se proclama, de forma al menos inoportuna, campe\u00f3n de la ciencia alemana, con la que estoy anheloso de volver a emprender un combate del que me he apartado a pesar m\u00edo?\u201d (Thuillier, 1990, p. 432).<\/p>\n<p>&nbsp;<\/p>\n<p>Dilemas \u00e9ticos como los ejemplificados, entre otros m\u00e1s, pueden y deben ser utilizados en la educaci\u00f3n cient\u00edfica, para una mejor comprensi\u00f3n de aspectos no-epist\u00e9micos de la Naturaleza de la Ciencia y la argumentaci\u00f3n en la educaci\u00f3n cient\u00edfica.<\/p>\n<p>&nbsp;<\/p>\n<p>Por ejemplo, Justi y Mendo\u00e7a (2016) han abordado el dilema de la concesi\u00f3n del Nobel Premio en Qu\u00edmica a Fritz Haber mediante una actividad de dramatizaci\u00f3n en la que se realiz\u00f3 un juicio simulado del caso de Fritz Haber.<\/p>\n<p>&nbsp;<\/p>\n<p>Hemos tratado la influencia del patriotismo nacionalista, entre diversos aspectos no-epist\u00e9micos de la Naturaleza de la Ciencia, en la controversia entre Pasteur y Liebig sobre la fermentaci\u00f3n (Acevedo-D\u00edaz, Garc\u00eda-Carmona y Arag\u00f3n-M\u00e9ndez, 2017; Garc\u00eda-Carmona y Acevedo-D\u00edaz, 2017).<\/p>\n<p>&nbsp;<\/p>\n<p>Referencias<\/p>\n<p>&nbsp;<\/p>\n<p>Acevedo-D\u00edaz, J. A. y Garc\u00eda-Carmona, A. (2016). Uso de la historia de la ciencia para comprender aspectos de la naturaleza de la ciencia. Fundamentaci\u00f3n de una propuesta basada en la controversia Pasteur versus Liebig sobre la fermentaci\u00f3n. Revista Iberoamericana de Ciencia, Tecnolog\u00eda y Sociedad, 11(33), 203-226.<\/p>\n<p>&nbsp;<\/p>\n<p>Acevedo-D\u00edaz, J. A. y Garc\u00eda-Carmona, A. (2017). Controversias en la historia de la ciencia y cultura cient\u00edfica. Madrid: Los Libros de la Catarata.<\/p>\n<p>&nbsp;<\/p>\n<p>Acevedo-D\u00edaz, J. A., Garc\u00eda-Carmona, A. y Arag\u00f3n-M\u00e9ndez, M. M. (2017). Ense\u00f1ar y aprender sobre naturaleza de la ciencia mediante el an\u00e1lisis de controversias de historia de la ciencia: Resultados y conclusiones de un proyecto de investigaci\u00f3n did\u00e1ctica. Madrid: OEI.<\/p>\n<p>&nbsp;<\/p>\n<p>Justi, R., &amp; Mendo\u00e7a, P. C. C. (2016). Discussion of the controversy concerning a historical event among pre-service teachers. Contributions to their knowledge about science, their argumentative skills, and reflections about their future teaching practices. Science &amp; Education, 25(7-8), 795-822.<\/p>\n<p>&nbsp;<\/p>\n<p>Garc\u00eda-Carmona, A., &amp; Acevedo-D\u00edaz, J. A. (2017). Understanding the nature of science through a critical and reflective analysis of the controversy between Pasteur and Liebig on fermentation. Science &amp; Education, 26(1-2), 65-91.<\/p>\n<p>&nbsp;<\/p>\n<p>Mart\u00edn, M., Pinto G., Hern\u00e1ndez, J. M. y Mart\u00edn, M. T. (2015). Cien a\u00f1os de armas qu\u00edmicas. Anales de Qu\u00edmica, 111(4), 224-229.<\/p>\n<p>&nbsp;<\/p>\n<p>Thuillier, P. (1990): De Arqu\u00edmedes a Einstein. Las caras ocultas de la invenci\u00f3n cient\u00edfica, Madrid, Alianza.<\/p>\n<p>&nbsp;<\/p>\n<div><\/div>\n<p align=\"center\"><img decoding=\"async\" src=\"http:\/\/www.casaalvarez.com\/wp-content\/uploads\/pasteur.png\" alt=\"\" width=\"538\" height=\"218\" \/><\/p>\n","protected":false},"excerpt":{"rendered":"<p>Por Jos\u00e9 Antonio Acevedo D\u00edaz. El patriotismo nacionalista llevado a su extremo ha dado lugar a crueles y sangrientas guerras. No todas estas han sido en Europa, pero s\u00ed frecuentes; no hay m\u00e1s que repasar brevemente la historia. &nbsp; De este patriotismo nacionalista no se han librado los cient\u00edficos. Por ejemplo, el qu\u00edmico alem\u00e1n Fritz Haber le dijo con vehemencia al qu\u00edmico franc\u00e9s Victor Grignard: \u201cDurante la paz un cient\u00edfico pertenece al mundo pero durante la guerra pertenece a su pa\u00eds\u201d (Mart\u00edn et al., 2015, p. 225). Los dos cient\u00edficos fueron galardonados con el premio Nobel (Grignard en 1912 y\u2026<\/p>\n","protected":false},"author":14,"featured_media":0,"comment_status":"open","ping_status":"open","sticky":false,"template":"","format":"standard","meta":{"ngg_post_thumbnail":0},"categories":[1],"tags":[],"blocksy_meta":{"styles_descriptor":{"styles":{"desktop":"","tablet":"","mobile":""},"google_fonts":[],"version":4}},"aioseo_notices":[],"_links":{"self":[{"href":"https:\/\/www.madrimasd.org\/blogs\/CTSiberoamerica\/wp-json\/wp\/v2\/posts\/131862"}],"collection":[{"href":"https:\/\/www.madrimasd.org\/blogs\/CTSiberoamerica\/wp-json\/wp\/v2\/posts"}],"about":[{"href":"https:\/\/www.madrimasd.org\/blogs\/CTSiberoamerica\/wp-json\/wp\/v2\/types\/post"}],"author":[{"embeddable":true,"href":"https:\/\/www.madrimasd.org\/blogs\/CTSiberoamerica\/wp-json\/wp\/v2\/users\/14"}],"replies":[{"embeddable":true,"href":"https:\/\/www.madrimasd.org\/blogs\/CTSiberoamerica\/wp-json\/wp\/v2\/comments?post=131862"}],"version-history":[{"count":3,"href":"https:\/\/www.madrimasd.org\/blogs\/CTSiberoamerica\/wp-json\/wp\/v2\/posts\/131862\/revisions"}],"predecessor-version":[{"id":131865,"href":"https:\/\/www.madrimasd.org\/blogs\/CTSiberoamerica\/wp-json\/wp\/v2\/posts\/131862\/revisions\/131865"}],"wp:attachment":[{"href":"https:\/\/www.madrimasd.org\/blogs\/CTSiberoamerica\/wp-json\/wp\/v2\/media?parent=131862"}],"wp:term":[{"taxonomy":"category","embeddable":true,"href":"https:\/\/www.madrimasd.org\/blogs\/CTSiberoamerica\/wp-json\/wp\/v2\/categories?post=131862"},{"taxonomy":"post_tag","embeddable":true,"href":"https:\/\/www.madrimasd.org\/blogs\/CTSiberoamerica\/wp-json\/wp\/v2\/tags?post=131862"}],"curies":[{"name":"wp","href":"https:\/\/api.w.org\/{rel}","templated":true}]}}