{"id":131876,"date":"2019-02-21T10:08:21","date_gmt":"2019-02-21T09:08:21","guid":{"rendered":"http:\/\/www.madrimasd.org\/blogs\/CTSiberoamerica\/?p=131876"},"modified":"2019-02-21T10:08:21","modified_gmt":"2019-02-21T09:08:21","slug":"cientificos-en-tiempos-de-guerra-i","status":"publish","type":"post","link":"https:\/\/www.madrimasd.org\/blogs\/CTSiberoamerica\/2019\/02\/21\/131876","title":{"rendered":"Cient\u00edficos en tiempos de guerra (I)"},"content":{"rendered":"<p>Por Jos\u00e9 Antonio Acevedo D\u00edaz<\/p>\n<p align=\"justify\">Respecto a la dictadura del general Franco en Espa\u00f1a, el violonchelista, compositor y director de m\u00fasica Pau Casals dijo: \u201c<em>El mundo est\u00e1 m\u00e1s amenazado por los que toleran el mal o lo apoyan que por los propios malvados<\/em>.\u201d<\/p>\n<p align=\"justify\">Albert Einstein, que admiraba a Pau Casals, se hizo eco de estas palabras, para referirse a la situaci\u00f3n de los jud\u00edos en la Alemania de Adolf Hitler y, sobre todo, al comportamiento \u201capol\u00edtico\u201d de sus colegas arios durante el Tercer Reich: \u201c<em>Pau Casals ha sabido comprender con gran clarividencia que el mundo corre mayor peligro por parte de quienes toleran el mal o lo alientan que de los mismos que lo cometen<\/em>.\u201d (Calaprice, 2015).<!--more--><\/p>\n<p align=\"justify\">Philip Ball (2014), que durante veinte a\u00f1os ha sido editor de la prestigiosa revista\u00a0<em>Nature<\/em>, ha analizado la compleja relaci\u00f3n entre ciencia y pol\u00edtica bajo el poder del Tercer Reich. El autor de este libro trata de esclarecer c\u00f3mo fue posible que los cient\u00edficos alemanes arios se acomodaron a una situaci\u00f3n en la que \u201c<em>lo que antes hab\u00eda sido impensable se volvi\u00f3 de repente factible<\/em>\u201d (El Pa\u00eds 10\/2\/2015).<\/p>\n<p align=\"justify\">En este ensayo hist\u00f3rico, Ball desvela c\u00f3mo figuras tan importantes de la F\u00edsica como Max Planck, Werner Heisenberg y Peter Debye se convirtieron en t\u00edteres del Tercer Reich. Aunque pocos cient\u00edficos arios militaron en el partido nazi, tambi\u00e9n fueron pocos los que se opusieron de manera activa a Hitler; la mayor\u00eda simplemente se acomodaron y guardaron silencio (El mundo 27\/12\/2014)*.<\/p>\n<p align=\"justify\">(*) Para evitar un malentendido, aclarar\u00e9 que la foto del peri\u00f3dico <em>El mundo<\/em>, en la que se ve a Einstein con el brazo derecho en alto, corresponde al momento en que estaba haciendo el juramento como ciudadano estadounidense junto a su hijastra Margot, su ayudante Helen Dukas, a ambos lados, y ochenta y seis ciudadanos m\u00e1s.<\/p>\n<p align=\"justify\"><strong>Referencias<\/strong><\/p>\n<p align=\"justify\">Ball, P. (2014). <em>Al servicio del Reich. La f\u00edsica en tiempos de Hitler<\/em>. Madrid: Turner.<\/p>\n<p align=\"justify\">Calaprice, A. (comp.) (2015, 4\u00aa ed.). <em>Albert Einstein. El libro definitivo de citas<\/em>. Barcelona: Plataforma Editorial.<\/p>\n<p align=\"justify\">El Mundo (27\/12\/2014):\u00a0<a href=\"http:\/\/www.elmundo.es\/ciencia\/2014\/12\/27\/549d560d268e3e1e4f8b4584.html\" rel=\"nofollow\"><span style=\"text-decoration: underline;\">http:\/\/www.elmundo.es\/ciencia\/2014\/12\/27\/549d560d268e3e1e4f8b4584.html<\/span><\/a><\/p>\n<p align=\"justify\">El Pa\u00eds (10\/2\/2015):\u00a0<a href=\"https:\/\/elpais.com\/cultura\/2015\/02\/10\/babelia\/1423567411_709762.html\" rel=\"nofollow\"><span style=\"text-decoration: underline;\">https:\/\/elpais.com\/cultura\/2015\/02\/10\/babelia\/1423567411_709762.html<\/span><\/a><\/p>\n<p align=\"justify\"><img decoding=\"async\" src=\"https:\/\/e00-elmundo.uecdn.es\/assets\/multimedia\/imagenes\/2014\/12\/26\/14195972637043.jpg\" alt=\"\" width=\"433\" height=\"337\" \/><\/p>\n<p>Foto del diario El Mundo citado en la nota<\/p>\n","protected":false},"excerpt":{"rendered":"<p>Por Jos\u00e9 Antonio Acevedo D\u00edaz Respecto a la dictadura del general Franco en Espa\u00f1a, el violonchelista, compositor y director de m\u00fasica Pau Casals dijo: \u201cEl mundo est\u00e1 m\u00e1s amenazado por los que toleran el mal o lo apoyan que por los propios malvados.\u201d Albert Einstein, que admiraba a Pau Casals, se hizo eco de estas palabras, para referirse a la situaci\u00f3n de los jud\u00edos en la Alemania de Adolf Hitler y, sobre todo, al comportamiento \u201capol\u00edtico\u201d de sus colegas arios durante el Tercer Reich: \u201cPau Casals ha sabido comprender con gran clarividencia que el mundo corre mayor peligro por parte\u2026<\/p>\n","protected":false},"author":14,"featured_media":0,"comment_status":"open","ping_status":"open","sticky":false,"template":"","format":"standard","meta":{"ngg_post_thumbnail":0},"categories":[1],"tags":[],"blocksy_meta":{"styles_descriptor":{"styles":{"desktop":"","tablet":"","mobile":""},"google_fonts":[],"version":4}},"aioseo_notices":[],"_links":{"self":[{"href":"https:\/\/www.madrimasd.org\/blogs\/CTSiberoamerica\/wp-json\/wp\/v2\/posts\/131876"}],"collection":[{"href":"https:\/\/www.madrimasd.org\/blogs\/CTSiberoamerica\/wp-json\/wp\/v2\/posts"}],"about":[{"href":"https:\/\/www.madrimasd.org\/blogs\/CTSiberoamerica\/wp-json\/wp\/v2\/types\/post"}],"author":[{"embeddable":true,"href":"https:\/\/www.madrimasd.org\/blogs\/CTSiberoamerica\/wp-json\/wp\/v2\/users\/14"}],"replies":[{"embeddable":true,"href":"https:\/\/www.madrimasd.org\/blogs\/CTSiberoamerica\/wp-json\/wp\/v2\/comments?post=131876"}],"version-history":[{"count":1,"href":"https:\/\/www.madrimasd.org\/blogs\/CTSiberoamerica\/wp-json\/wp\/v2\/posts\/131876\/revisions"}],"predecessor-version":[{"id":131877,"href":"https:\/\/www.madrimasd.org\/blogs\/CTSiberoamerica\/wp-json\/wp\/v2\/posts\/131876\/revisions\/131877"}],"wp:attachment":[{"href":"https:\/\/www.madrimasd.org\/blogs\/CTSiberoamerica\/wp-json\/wp\/v2\/media?parent=131876"}],"wp:term":[{"taxonomy":"category","embeddable":true,"href":"https:\/\/www.madrimasd.org\/blogs\/CTSiberoamerica\/wp-json\/wp\/v2\/categories?post=131876"},{"taxonomy":"post_tag","embeddable":true,"href":"https:\/\/www.madrimasd.org\/blogs\/CTSiberoamerica\/wp-json\/wp\/v2\/tags?post=131876"}],"curies":[{"name":"wp","href":"https:\/\/api.w.org\/{rel}","templated":true}]}}