{"id":51029,"date":"2006-11-15T05:58:00","date_gmt":"2006-11-15T05:58:00","guid":{"rendered":"http:\/\/weblogs.madrimasd.org\/\/CTSiberoamerica\/archive\/2006\/11\/15\/51029.aspx"},"modified":"2006-11-15T05:58:00","modified_gmt":"2006-11-15T05:58:00","slug":"espacio-iberoamericano-del-conocimiento","status":"publish","type":"post","link":"https:\/\/www.madrimasd.org\/blogs\/CTSiberoamerica\/2006\/11\/15\/51029","title":{"rendered":"Espacio Iberoamericano del Conocimiento"},"content":{"rendered":"<p>La Declaraci\u00f3n de Montevideo de la XVI Cumbre Iberoamericana presta una especial atenci\u00f3n a la creaci\u00f3n de un <b>Espacio Iberoamericano del Conocimiento (EIC)<\/b>; idea fuerza sobre la que la OEI y la SEGIB han colaborado de forma activa durante 2006, junto al sector iberoamericano de la educaci\u00f3n superior. En el marco del EIC, se decide promover una iniciativa de cooperaci\u00f3n en materia de movilidad acad\u00e9mica de estudiantes universitarios. Acciones como el programa iberoamericano de movilidad acad\u00e9mica (PIMA), impulsado desde hace a\u00f1os por la OEI, forman parte de los antecedentes de esta iniciativa.<!--more--><\/p>\n<p>Para conceptualizar el <em>Espacio Iberoamericano del Conocimiento<\/em>, la amplitud de los t\u00e9rminos \u201cespacio\u201d y \u201cconocimiento\u201d obligan a acotar y concretar su significado, de manera que la transici\u00f3n entre el propio concepto y su puesta en pr\u00e1ctica en forma de propuestas y actividades sea viable y sencilla desde el punto de vista operativo. <\/p>\n<table cellspacing=\"0\" cellpadding=\"0\" align=\"center\" border=\"1\">\n<tbody>\n<tr>\n<td valign=\"top\" width=\"528\">\n<blockquote>\n<p align=\"left\">En el Documento aprobado se propone la definici\u00f3n de <em>Espacio iberoamericano del Conocimiento<\/em> como un \u201c\u00e1mbito\u201d en el cual promover la integraci\u00f3n regional y fortalecer y fomentar las interacciones y la cooperaci\u00f3n para la generaci\u00f3n, difusi\u00f3n y transferencia de los conocimientos sobre la base de la complementariedad y el beneficio mutuo, de manera tal que ello genere una mejora de la calidad y pertinencia de la educaci\u00f3n superior, la investigaci\u00f3n cient\u00edfica e innovaci\u00f3n que fundamente un desarrollo sostenible de la regi\u00f3n.<\/p>\n<\/blockquote>\n<\/td>\n<\/tr>\n<\/tbody>\n<\/table>\n<p>En esta definici\u00f3n el concepto de \u201cconocimiento\u201d incluye tanto el conocimiento cient\u00edfico y tecnol\u00f3gico, que se encuentra impl\u00edcito en el t\u00e9rmino ingl\u00e9s \u201cknowledge\u201d, como la noci\u00f3n de \u201csabidur\u00eda\u201d. se trata de un concepto en el que coexiste su valor econ\u00f3mico y estrat\u00e9gico, que se expresa en la sociedad del conocimiento, con su valor cultural, que se expresa a trav\u00e9s de la creatividad y los procesos sociales. en consecuencia, el conocimiento se vincula con la ciencia, la tecnolog\u00eda y los procesos productivos pero tambi\u00e9n con la cultura, la identidad y la ciudadan\u00eda, valores que deber\u00e1n orientar el Espacio Iberoamericano del Conocimiento.<\/p>\n<p>La iniciativa para la construcci\u00f3n de un espacio iberoamericano del conocimiento implica actuaciones sobre los actores y los procesos relacionados con la generaci\u00f3n, difusi\u00f3n, transferencia y utilizaci\u00f3n del mismo. <\/p>\n<p>Previsiblemente todas las actuaciones que se pongan en marcha para la construcci\u00f3n del Espacio tendr\u00e1n un componente total o parcial de cooperaci\u00f3n.<\/p>\n<p><a href=\"http:\/\/www.oei.es\/espacioiberoamericano.htm\"><strong>Acceder a documento completo<\/strong><\/a><\/p>\n","protected":false},"excerpt":{"rendered":"<p>La Declaraci\u00f3n de Montevideo de la XVI Cumbre Iberoamericana presta una especial atenci\u00f3n a la creaci\u00f3n de un Espacio Iberoamericano del Conocimiento (EIC); idea fuerza sobre la que la OEI y la SEGIB han colaborado de forma activa durante 2006, junto al sector iberoamericano de la educaci\u00f3n superior. En el marco del EIC, se decide promover una iniciativa de cooperaci\u00f3n en materia de movilidad acad\u00e9mica de estudiantes universitarios. Acciones como el programa iberoamericano de movilidad acad\u00e9mica (PIMA), impulsado desde hace a\u00f1os por la OEI, forman parte de los antecedentes de esta iniciativa.<\/p>\n","protected":false},"author":14,"featured_media":0,"comment_status":"open","ping_status":"open","sticky":false,"template":"","format":"standard","meta":{"ngg_post_thumbnail":0},"categories":[1],"tags":[],"blocksy_meta":{"styles_descriptor":{"styles":{"desktop":"","tablet":"","mobile":""},"google_fonts":[],"version":4}},"aioseo_notices":[],"_links":{"self":[{"href":"https:\/\/www.madrimasd.org\/blogs\/CTSiberoamerica\/wp-json\/wp\/v2\/posts\/51029"}],"collection":[{"href":"https:\/\/www.madrimasd.org\/blogs\/CTSiberoamerica\/wp-json\/wp\/v2\/posts"}],"about":[{"href":"https:\/\/www.madrimasd.org\/blogs\/CTSiberoamerica\/wp-json\/wp\/v2\/types\/post"}],"author":[{"embeddable":true,"href":"https:\/\/www.madrimasd.org\/blogs\/CTSiberoamerica\/wp-json\/wp\/v2\/users\/14"}],"replies":[{"embeddable":true,"href":"https:\/\/www.madrimasd.org\/blogs\/CTSiberoamerica\/wp-json\/wp\/v2\/comments?post=51029"}],"version-history":[{"count":0,"href":"https:\/\/www.madrimasd.org\/blogs\/CTSiberoamerica\/wp-json\/wp\/v2\/posts\/51029\/revisions"}],"wp:attachment":[{"href":"https:\/\/www.madrimasd.org\/blogs\/CTSiberoamerica\/wp-json\/wp\/v2\/media?parent=51029"}],"wp:term":[{"taxonomy":"category","embeddable":true,"href":"https:\/\/www.madrimasd.org\/blogs\/CTSiberoamerica\/wp-json\/wp\/v2\/categories?post=51029"},{"taxonomy":"post_tag","embeddable":true,"href":"https:\/\/www.madrimasd.org\/blogs\/CTSiberoamerica\/wp-json\/wp\/v2\/tags?post=51029"}],"curies":[{"name":"wp","href":"https:\/\/api.w.org\/{rel}","templated":true}]}}