{"id":536,"date":"2005-05-16T08:49:00","date_gmt":"2005-05-16T08:49:00","guid":{"rendered":"http:\/\/weblogs.madrimasd.org\/\/CTSiberoamerica\/archive\/2005\/05\/16\/536.aspx"},"modified":"2005-05-16T08:49:00","modified_gmt":"2005-05-16T08:49:00","slug":"crecimiento-demografico-y-sostenibilidad","status":"publish","type":"post","link":"https:\/\/www.madrimasd.org\/blogs\/CTSiberoamerica\/2005\/05\/16\/536","title":{"rendered":"Crecimiento demogr\u00e1fico y Sostenibilidad"},"content":{"rendered":"<p><b><font color=\"#006699\">Crecimiento demogr\u00e1fico y Sostenibilidad<\/font><\/b><\/p>\n<p>Dada la frecuente resistencia a aceptar que el crecimiento demogr\u00e1fico representa hoy un grave problema (Vilches y Gil, 2003), conviene proporcionar algunos datos acerca del mismo que permitan valorar su papel, junto al hiperconsumo de una quinta parte de la humanidad, en el actual crecimiento no sustentable (Comisi\u00f3n Mundial del Medio Ambiente y del Desarrollo, 1988; Ehrlich y Ehrlich, 1994; Brown y Mitchell, 1998; Folch, 1998):<\/p>\n<ul>\n<li>Desde mediados del siglo XX han nacido m\u00e1s seres humanos que en toda la historia de la humanidad y, como se\u00f1ala Folch, (1998) \u00abpronto habr\u00e1 tanta gente viva como muertos a lo largo de toda la historia: la mitad de todos los seres humanos que habr\u00e1n llegado a existir estar\u00e1n vivos\u00bb.\n<li>Aunque se ha producido un descenso en la tasa de crecimiento de la poblaci\u00f3n, \u00e9sta sigue aumentando en unos 80 millones cada a\u00f1o, por lo que se duplicar\u00e1 de nuevo en pocas d\u00e9cadas.\n<li>Como han explicado los expertos en sostenibilidad, en el marco del llamado Foro de R\u00edo, la actual poblaci\u00f3n precisar\u00eda de los recursos de tres Tierras (!) para alcanzar un nivel de vida semejante al de los pa\u00edses desarrollados.\n<li>\u00abIncluso si consumieran, en promedio, mucho menos que hoy, los nueve mil millones de hombres y mujeres que poblar\u00e1n la Tierra hacia el a\u00f1o 2050 la someter\u00e1n, inevitablemente, a un enorme estr\u00e9s\u00bb (Delibes y Delibes, 2005). <\/li>\n<\/ul>\n<p>Preocupaciones semejantes ante el crecimiento explosivo de la poblaci\u00f3n llevaron a Ehrlich y Ehrlich (1994), hace ya m\u00e1s de una d\u00e9cada, a afirmar con rotundidad: \u00abNo cabe duda que la explosi\u00f3n demogr\u00e1fica terminar\u00e1 muy pronto. Lo que no sabemos es si el fin se producir\u00e1 de forma ben\u00e9vola, por medio de un descenso de las tasas de natalidad, o tr\u00e1gicamente, a trav\u00e9s de un aumento de las tasas de mortalidad\u00bb. Y a\u00f1aden: \u00abEl problema demogr\u00e1fico es el problema m\u00e1s grave al que se enfrenta la humanidad, dada la enorme diferencia de tiempo que transcurre entre el inicio de un programa adecuado y el comienzo del descenso de la poblaci\u00f3n\u00bb. Y aunque se puede discrepar de que constituya \u00abel problema m\u00e1s grave\u00bb, s\u00ed cabe reconocer que \u00abse superponen los dos factores que est\u00e1n asociados de forma permanente e indisoluble al impacto de la humanidad sobre el ambiente: de un lado, el derroche de los m\u00e1s ricos, y de otro, el enorme tama\u00f1o de la poblaci\u00f3n mundial\u00bb (Delibes y Delibes, 2005).<\/p>\n<p>Estos planteamientos contrastan, sin embargo, con la creciente preocupaci\u00f3n que se da en algunos pa\u00edses por la baja tasa de natalidad local. Una preocupaci\u00f3n frecuentemente aireada por los medios de comunicaci\u00f3n, que suele ser mencionada por algunos de los profesores encuestados y que conviene abordar. Un reciente informe de la ONU sobre la evoluci\u00f3n de la poblaci\u00f3n activa se\u00f1ala que se precisa un m\u00ednimo de 4 a 5 trabajadores por pensionista para que los sistemas de protecci\u00f3n social puedan mantenerse. Por ello se teme que, dada la baja tasa de natalidad europea, esta proporci\u00f3n descienda muy r\u00e1pidamente, haciendo imposible el sistema de pensiones.<\/p>\n<p>Digamos que un problema como \u00e9ste, aunque parezca relativamente puntual, permite discutir, desde un nuevo \u00e1ngulo, las consecuencias de un crecimiento indefinido de la poblaci\u00f3n, visto como algo positivo a corto plazo. En efecto, pensar en el mantenimiento de una proporci\u00f3n de 4 \u00f3 5 trabajadores por pensionista es un ejemplo de planteamiento centrado en el \u00abaqu\u00ed y ahora\u00bb que se niega a considerar las consecuencias a medio plazo, pues cabe esperar que la mayor\u00eda de esos \u00ab4 \u00f3 5 trabajadores\u00bb deseen tambi\u00e9n llegar a ser pensionistas, lo que exigir\u00eda volver a multiplicar el n\u00famero de trabajadores, etc., etc. Ello no es sostenible ni siquiera recurriendo a la inmigraci\u00f3n, pues tambi\u00e9n esos inmigrantes habr\u00e1n de tener derecho a ser pensionistas. Tales planteamientos son un aut\u00e9ntico ejemplo de las famosas estafas \u00aben pir\u00e1mide\u00bb condenadas a producir una bancarrota global y una muestra de c\u00f3mo los enfoques parciales, manejando datos puntuales, conducen a conclusiones err\u00f3neas. <\/p>\n<p>Brown y Mitchell (1998) resumen as\u00ed la cuesti\u00f3n: \u00abLa estabilizaci\u00f3n de la poblaci\u00f3n es un paso fundamental para detener la destrucci\u00f3n de los recursos naturales y garantizar la satisfacci\u00f3n de las necesidades b\u00e1sicas de todas las personas\u00bb. Con otras palabras: \u00abUna sociedad sostenible es una sociedad estable demogr\u00e1ficamente, pero la poblaci\u00f3n actual est\u00e1 lejos de ese punto\u00bb. En el mismo sentido se pronuncia la Comisi\u00f3n Mundial del Medio Ambiente y del Desarrollo (1988): \u00abla reducci\u00f3n de las actuales tasas de crecimiento es absolutamente necesaria para lograr un desarrollo sostenible\u00bb.<\/p>\n<p><b>Referencias en este resumen<\/b><\/p>\n<p>BROWN, L. R. y MITCHELL, J. (1998). La construcci\u00f3n de una nueva econom\u00eda. En Brown, L. R., Flavin, C. y French, H. <i>La situaci\u00f3n del mundo 1998<\/i>. Barcelona: Ed. Icaria. <br \/>COMISI\u00d3N MUNDIAL DEL MEDIO AMBIENTE Y DEL DESARROLLO (1988). <i>Nuestro Futuro Com\u00fan<\/i>. Madrid: Alianza.<br \/>DELIBES, M. y DELIBES DE CASTRO, M. (2005). <i>La Tierra herida. \u00bfQu\u00e9 mundo heredar\u00e1n nuestros hijos?<\/i> Barcelona: Destino. <br \/>EHRLICH, P.R. y EHRLICH, A.H. (1994). La explosi\u00f3n demogr\u00e1fica. <i>El principal problema ecol\u00f3gico<\/i>. Barcelona: Salvat.<br \/>FOLCH, R. (1998). <i>Ambiente, emoci\u00f3n y \u00e9tica<\/i>. Barcelona: Ed. Ariel. <br \/>VILCHES, A. y GIL, D. (2003). <i>Construyamos un futuro sostenible. Di\u00e1logos de supervivencia<\/i>. Madrid: Cambridge University Presss. Cap\u00edtulo 9.<\/p>\n<p>Educadores para la Sostenibilidad<\/p>\n","protected":false},"excerpt":{"rendered":"<p>Crecimiento demogr\u00e1fico y Sostenibilidad Dada la frecuente resistencia a aceptar que el crecimiento demogr\u00e1fico representa hoy un grave problema (Vilches y Gil, 2003), conviene proporcionar algunos datos acerca del mismo que permitan valorar su papel, junto al hiperconsumo de una quinta parte de la humanidad, en el actual crecimiento no sustentable (Comisi\u00f3n Mundial del Medio Ambiente y del Desarrollo, 1988; Ehrlich y Ehrlich, 1994; Brown y Mitchell, 1998; Folch, 1998): Desde mediados del siglo XX han nacido m\u00e1s seres humanos que en toda la historia de la humanidad y, como se\u00f1ala Folch, (1998) \u00abpronto habr\u00e1 tanta gente viva como muertos\u2026<\/p>\n","protected":false},"author":14,"featured_media":0,"comment_status":"open","ping_status":"open","sticky":false,"template":"","format":"standard","meta":{"ngg_post_thumbnail":0},"categories":[1],"tags":[],"blocksy_meta":{"styles_descriptor":{"styles":{"desktop":"","tablet":"","mobile":""},"google_fonts":[],"version":4}},"aioseo_notices":[],"_links":{"self":[{"href":"https:\/\/www.madrimasd.org\/blogs\/CTSiberoamerica\/wp-json\/wp\/v2\/posts\/536"}],"collection":[{"href":"https:\/\/www.madrimasd.org\/blogs\/CTSiberoamerica\/wp-json\/wp\/v2\/posts"}],"about":[{"href":"https:\/\/www.madrimasd.org\/blogs\/CTSiberoamerica\/wp-json\/wp\/v2\/types\/post"}],"author":[{"embeddable":true,"href":"https:\/\/www.madrimasd.org\/blogs\/CTSiberoamerica\/wp-json\/wp\/v2\/users\/14"}],"replies":[{"embeddable":true,"href":"https:\/\/www.madrimasd.org\/blogs\/CTSiberoamerica\/wp-json\/wp\/v2\/comments?post=536"}],"version-history":[{"count":0,"href":"https:\/\/www.madrimasd.org\/blogs\/CTSiberoamerica\/wp-json\/wp\/v2\/posts\/536\/revisions"}],"wp:attachment":[{"href":"https:\/\/www.madrimasd.org\/blogs\/CTSiberoamerica\/wp-json\/wp\/v2\/media?parent=536"}],"wp:term":[{"taxonomy":"category","embeddable":true,"href":"https:\/\/www.madrimasd.org\/blogs\/CTSiberoamerica\/wp-json\/wp\/v2\/categories?post=536"},{"taxonomy":"post_tag","embeddable":true,"href":"https:\/\/www.madrimasd.org\/blogs\/CTSiberoamerica\/wp-json\/wp\/v2\/tags?post=536"}],"curies":[{"name":"wp","href":"https:\/\/api.w.org\/{rel}","templated":true}]}}