{"id":571,"date":"2005-05-22T09:38:00","date_gmt":"2005-05-22T09:38:00","guid":{"rendered":"http:\/\/weblogs.madrimasd.org\/\/CTSiberoamerica\/archive\/2005\/05\/22\/571.aspx"},"modified":"2005-05-22T09:38:00","modified_gmt":"2005-05-22T09:38:00","slug":"catedra-ctsi-de-panama-modulo-1-los-estudios-sociales-de-la-ciencia-y-la-tecnologia","status":"publish","type":"post","link":"https:\/\/www.madrimasd.org\/blogs\/CTSiberoamerica\/2005\/05\/22\/571","title":{"rendered":"C\u00e1tedra CTS+I de Panam\u00e1: M\u00f3dulo 1 Los estudios sociales de la ciencia y la tecnolog\u00eda"},"content":{"rendered":"<p>C\u00e1tedra CTS+I &#8211; Panama<br \/>M\u00f3dulo 1 Los estudios sociales de la ciencia y la tecnolog\u00eda<\/p>\n<p><b>T\u00edtulo del Seminario:<\/b><br \/><b>Los estudios sociales de la ciencia y la tecnolog\u00eda<\/b><\/p>\n<p><b>Fechas propuestas: 6 al 8 de junio de 2005<\/b><\/p>\n<p><b>Ponente invitado: Jos\u00e9 Antonio L\u00f3pez Cerezo<\/b><\/p>\n<p>Jos\u00e9 A. L\u00f3pez Cerezo se form\u00f3 como investigador en las universidades de Valencia (Espa\u00f1a) y Helsinki (Finlandia). Es Profesor Titular Habilitado como Catedr\u00e1tico de l\u00f3gica y filosof\u00eda de la ciencia en la Universidad de Oviedo, donde es Director del Departamento de Filosof\u00eda y Coordinador de la Red CTS del programa de ciencias de la Organizaci\u00f3n de Estados Iberoamericanos. Su actividad investigadora se centra en los estudios CTS y especialmente en la tem\u00e1tica de la participaci\u00f3n p\u00fablica. Entre sus libros recientes se encuentran Ciencia y pol\u00edtica del riesgo (Alianza, 2000, con J.L. Luj\u00e1n), Ciencia, tecnolog\u00eda y sociedad en el cambio de siglo (Biblioteca Nueva\/OEI, 2001, coedici\u00f3n con J.M. S\u00e1nchez Ron) y Pol\u00edticas del bosque (Cambridge University Press\/OEI, 2002, con M. Gonz\u00e1lez).<\/p>\n<p><b>Presentaci\u00f3n<\/b><\/p>\n<p>CTS (ciencia, tecnolog\u00eda y sociedad) es un campo de trabajo interdisciplinar que se ocupa, desde hace unas tres d\u00e9cadas, de las complejas interrelaciones que la ciencia y la tecnolog\u00eda establecen con las sociedades en las que se desarrollan. Los enfoques CTS responden tanto a una renovaci\u00f3n acad\u00e9mica del estudio de la ciencia y la tecnolog\u00eda como a una renovaci\u00f3n de la consideraci\u00f3n de la funci\u00f3n social de las mismas. Se trata de articular una imagen de la ciencia y la tecnolog\u00eda en contexto social, as\u00ed como de dise\u00f1ar mecanismos que favorezcan la apertura de los procesos de decisiones tecnocient\u00edficas al p\u00fablico no experto. En este tema se proporcionar\u00e1 un acercamiento a los distintos enfoques que componen el campo interdisciplinar de CTS, haciendo especial referencia a las aportaciones m\u00e1s recientes.<\/p>\n<p><b>Objetivos<\/b><\/p>\n<ul>\n<li>Comprender el origen de los estudios CTS en sus vertientes acad\u00e9micas y activistas <br \/> \n<li>Conocer la evoluci\u00f3n hist\u00f3rica de los estudios CTS en las \u00faltimas tres d\u00e9cadas. <br \/> \n<li>Familiarizarse con algunos de los enfoques m\u00e1s representativos para el estudio social de la ciencia y la tecnolog\u00eda <br \/> \n<li>Reflexionar acerca de las implicaciones del estudio social de la ciencia y la tecnolog\u00eda para su gesti\u00f3n pol\u00edtica. <\/li>\n<\/ul>\n<p><b>Agenda<\/b><\/p>\n<p><b>Lunes 6 de junio<\/b><\/p>\n<p>9:00 Acto de apertura<\/p>\n<p>9:15 &#8211; 11:00 <br \/><b>Los estudios CTS en el panorama internacional (i)<\/b><\/p>\n<p>11:00 &#8211; 11:15 Pausa Caf\u00e9<\/p>\n<p>11:15 &#8211; 13:00<\/p>\n<p><b>Los estudios CTS en el panorama internacional (ii)<\/b><\/p>\n<p>13:00 &#8211; 14:30 Receso<\/p>\n<p>14:30 &#8211; 16:00<\/p>\n<p><b>Comunicaci\u00f3n y comprensi\u00f3n p\u00fablica de la ciencia (i)<\/b><\/p>\n<p>16:00 &#8211; 16:30 Pausa Caf\u00e9<\/p>\n<p>16:30 &#8211; 17:45<\/p>\n<p><b>Comunicaci\u00f3n y comprensi\u00f3n p\u00fablica de la ciencia (ii)<\/b><\/p>\n<p><b>Martes 7 de junio<\/b><\/p>\n<p>9:00 &#8211; 11:00 <\/p>\n<p><b>La educaci\u00f3n CTS<\/b><\/p>\n<p>11:00 &#8211; 11:15 Pausa Caf\u00e9<\/p>\n<p>11:15 &#8211; 13:00<\/p>\n<p><b>Nuevos modelos de regulaci\u00f3n de la ciencia y la tecnolog\u00eda<\/b><\/p>\n<p>13:00 &#8211; 14:30 Receso<\/p>\n<p>14:30 &#8211; 16:00<\/p>\n<p>Panel: <b>El Canal de Panam\u00e1. Un caso de estudio CTS<\/b>.<br \/>Coordinaci\u00f3n del Panel Dr. Jos\u00e9 Antonio L\u00f3pez Cerezo.<br \/>Se debe contar con la participaci\u00f3n de 4 especialistas de universidades diferentes que deben preparar una intervenci\u00f3n de 20 minutos cada uno. Se har\u00e1 una coordinaci\u00f3n previa al evento.<\/p>\n<p>16:00 &#8211; 16:15 Pausa Caf\u00e9<\/p>\n<p>16:15 &#8211; 17:45 <\/p>\n<p>Panel: <b>El Canal de Panam\u00e1. Un caso de estudio CTS (continuaci\u00f3n)<\/b><\/p>\n<p>Mi\u00e9rcoles 4 de junio<\/p>\n<p>9:00 &#8211; 11:00 <\/p>\n<p><b>Pol\u00edticas p\u00fablicas de ciencia y tecnolog\u00eda: las encrucijadas de la participaci\u00f3n social<\/b><\/p>\n<p>11:00 &#8211; 11:15 Pausa Caf\u00e9<\/p>\n<p>11:15 &#8211; 13:00 <br \/><b>Taller ciencia y tecnolog\u00eda y sus p\u00fablicos en Panam\u00e1 (i)<\/b><\/p>\n<p>13:00 &#8211; 14:30 Receso<\/p>\n<p>14:30 &#8211; 16:00<br \/><b>Taller ciencia y tecnolog\u00eda y sus p\u00fablicos en Panam\u00e1 (II)<\/b><\/p>\n<p>16:00 &#8211; 16:15 Pausa Caf\u00e9<\/p>\n<p>16:15 &#8211; 17:45<br \/><b>Acto de clausura<\/b><\/p>\n<p><strong>Lecturas previas<\/strong><\/p>\n<p><b><font color=\"#ff9900\">Lecturas previas:<\/font><\/b><\/p>\n<p><b><a href=\"http:\/\/www.campus-oei.org\/salactsi\/cerezorie20.htm\" target=\"oei\">Los estudios de ciencia, tecnolog\u00eda y sociedad<\/a>.<\/b> <br \/>Jos\u00e9 Antonio L\u00f3pez Cerezo<\/p>\n<p><b><a href=\"http:\/\/www.campus-oei.org\/salactsi\/mmartin.htm\" target=\"oei\">Acercando la ciencia a la sociedad: la perspectiva CTS su implantaci\u00f3n educativa<\/a><\/b><br \/>Mariano Mart\u00edn Gordillo<br \/>Jos\u00e9 A. L\u00f3pez Cerezo<\/p>\n<p><b><a href=\"http:\/\/www.campus-oei.org\/salactsi\/arbor.htm\">Participaci\u00f3n P\u00fablica en Pol\u00edtica Tecnol\u00f3gica. Problemas y Perspectivas<\/a><\/b><br \/>Jos\u00e9 A. L\u00f3pez Cerezo (Universidad de Oviedo),<br \/>Jos\u00e9 A. M\u00e9ndez Sanz (Universidad de Oviedo) y<br \/>Oliver Todt (Universidad de Valencia)<\/p>\n<p><b><a href=\"http:\/\/www.campus-oei.org\/salactsi\/latour.htm\">Dadme un laboratorio y levantar\u00e9 el Mundo<\/a><\/b><br \/>Bruno Latour<\/p>\n<p><b><a href=\"http:\/\/www.campus-oei.org\/salactsi\/winner.htm\" target=\"oei\">\u00bfTienen pol\u00edtica los artefactos?<\/a><\/b><br \/>Langdon Winner<\/p>\n<p><b><a href=\"http:\/\/www.campus-oei.org\/oeivirt\/rie18a07.htm\">Ciencia, Tecnolog\u00eda y Sociedad<\/a><\/b><a href=\"http:\/\/www.campus-oei.org\/oeivirt\/rie18a07.htm\"><br \/><b>Bibliograf\u00eda comentada<\/b><\/a><br \/>Jos\u00e9 Antonio L\u00f3pez Cerezo<\/p>\n","protected":false},"excerpt":{"rendered":"<p>C\u00e1tedra CTS+I &#8211; PanamaM\u00f3dulo 1 Los estudios sociales de la ciencia y la tecnolog\u00eda T\u00edtulo del Seminario:Los estudios sociales de la ciencia y la tecnolog\u00eda Fechas propuestas: 6 al 8 de junio de 2005 Ponente invitado: Jos\u00e9 Antonio L\u00f3pez Cerezo Jos\u00e9 A. L\u00f3pez Cerezo se form\u00f3 como investigador en las universidades de Valencia (Espa\u00f1a) y Helsinki (Finlandia). Es Profesor Titular Habilitado como Catedr\u00e1tico de l\u00f3gica y filosof\u00eda de la ciencia en la Universidad de Oviedo, donde es Director del Departamento de Filosof\u00eda y Coordinador de la Red CTS del programa de ciencias de la Organizaci\u00f3n de Estados Iberoamericanos. Su actividad\u2026<\/p>\n","protected":false},"author":14,"featured_media":0,"comment_status":"open","ping_status":"open","sticky":false,"template":"","format":"standard","meta":{"ngg_post_thumbnail":0},"categories":[1],"tags":[],"blocksy_meta":{"styles_descriptor":{"styles":{"desktop":"","tablet":"","mobile":""},"google_fonts":[],"version":4}},"aioseo_notices":[],"_links":{"self":[{"href":"https:\/\/www.madrimasd.org\/blogs\/CTSiberoamerica\/wp-json\/wp\/v2\/posts\/571"}],"collection":[{"href":"https:\/\/www.madrimasd.org\/blogs\/CTSiberoamerica\/wp-json\/wp\/v2\/posts"}],"about":[{"href":"https:\/\/www.madrimasd.org\/blogs\/CTSiberoamerica\/wp-json\/wp\/v2\/types\/post"}],"author":[{"embeddable":true,"href":"https:\/\/www.madrimasd.org\/blogs\/CTSiberoamerica\/wp-json\/wp\/v2\/users\/14"}],"replies":[{"embeddable":true,"href":"https:\/\/www.madrimasd.org\/blogs\/CTSiberoamerica\/wp-json\/wp\/v2\/comments?post=571"}],"version-history":[{"count":0,"href":"https:\/\/www.madrimasd.org\/blogs\/CTSiberoamerica\/wp-json\/wp\/v2\/posts\/571\/revisions"}],"wp:attachment":[{"href":"https:\/\/www.madrimasd.org\/blogs\/CTSiberoamerica\/wp-json\/wp\/v2\/media?parent=571"}],"wp:term":[{"taxonomy":"category","embeddable":true,"href":"https:\/\/www.madrimasd.org\/blogs\/CTSiberoamerica\/wp-json\/wp\/v2\/categories?post=571"},{"taxonomy":"post_tag","embeddable":true,"href":"https:\/\/www.madrimasd.org\/blogs\/CTSiberoamerica\/wp-json\/wp\/v2\/tags?post=571"}],"curies":[{"name":"wp","href":"https:\/\/api.w.org\/{rel}","templated":true}]}}