{"id":689,"date":"2005-06-05T08:12:00","date_gmt":"2005-06-05T08:12:00","guid":{"rendered":"http:\/\/weblogs.madrimasd.org\/\/CTSiberoamerica\/archive\/2005\/06\/05\/689.aspx"},"modified":"2005-06-05T08:12:00","modified_gmt":"2005-06-05T08:12:00","slug":"5-de-junio-dia-mundial-del-medio-ambiente","status":"publish","type":"post","link":"https:\/\/www.madrimasd.org\/blogs\/CTSiberoamerica\/2005\/06\/05\/689","title":{"rendered":"5 de junio D\u00eda Mundial del Medio Ambiente"},"content":{"rendered":"<p><b><font color=\"#006699\"><font color=\"#cc0000\">El D\u00eda Mundial del Medio Ambiente<br \/>Una ocasi\u00f3n para la reflexi\u00f3n y la acci\u00f3n<\/font><\/font><\/b><\/p>\n<p>El D\u00eda Mundial del Medio Ambiente, conmemorado cada a\u00f1o el 5 de junio, es uno de los veh\u00edculos principales por medio de los cuales, la Organizaci\u00f3n de las Naciones Unidas fomenta una alerta mundial sobre el medio ambiente e incrementa la atenci\u00f3n y acci\u00f3n pol\u00edtica.<\/p>\n<p>\u00a1Prosigamos el esfuerzo de difusi\u00f3n de la D\u00e9cada de la Educaci\u00f3n por un futuro sostenible y recabemos nuevas adhesiones, individuales institucionales a sus objetivos! <\/p>\n<p>Invitemos a nuestros colegas a visitar la web dedicada a la D\u00e9cada (<a href=\"http:\/\/www.oei.es\/decada\/\">http:\/\/www.oei.es\/decada\/<\/a>), donde encontrar\u00e1n breves textos de \u00abTemas de acci\u00f3n clave\u00bb e informaci\u00f3n de acciones realizadas y propuestas que constituyen sugerencias e impulso para la reflexi\u00f3n y para la acci\u00f3n.<\/p>\n<p><b>Educadores para la Sostenibilidad<\/b><\/p>\n<p align=\"center\"><a href=\"http:\/\/www.oei.es\/decada\/\"><img decoding=\"async\" height=\"50\" src=\"http:\/\/www.oei.es\/ctsiima\/decada1.gif\" width=\"400\" border=\"0\" \/><\/a> <\/p>\n","protected":false},"excerpt":{"rendered":"<p>El D\u00eda Mundial del Medio AmbienteUna ocasi\u00f3n para la reflexi\u00f3n y la acci\u00f3n El D\u00eda Mundial del Medio Ambiente, conmemorado cada a\u00f1o el 5 de junio, es uno de los veh\u00edculos principales por medio de los cuales, la Organizaci\u00f3n de las Naciones Unidas fomenta una alerta mundial sobre el medio ambiente e incrementa la atenci\u00f3n y acci\u00f3n pol\u00edtica. \u00a1Prosigamos el esfuerzo de difusi\u00f3n de la D\u00e9cada de la Educaci\u00f3n por un futuro sostenible y recabemos nuevas adhesiones, individuales institucionales a sus objetivos! Invitemos a nuestros colegas a visitar la web dedicada a la D\u00e9cada (http:\/\/www.oei.es\/decada\/), donde encontrar\u00e1n breves textos de\u2026<\/p>\n","protected":false},"author":14,"featured_media":0,"comment_status":"open","ping_status":"open","sticky":false,"template":"","format":"standard","meta":{"ngg_post_thumbnail":0},"categories":[1],"tags":[],"blocksy_meta":{"styles_descriptor":{"styles":{"desktop":"","tablet":"","mobile":""},"google_fonts":[],"version":4}},"aioseo_notices":[],"_links":{"self":[{"href":"https:\/\/www.madrimasd.org\/blogs\/CTSiberoamerica\/wp-json\/wp\/v2\/posts\/689"}],"collection":[{"href":"https:\/\/www.madrimasd.org\/blogs\/CTSiberoamerica\/wp-json\/wp\/v2\/posts"}],"about":[{"href":"https:\/\/www.madrimasd.org\/blogs\/CTSiberoamerica\/wp-json\/wp\/v2\/types\/post"}],"author":[{"embeddable":true,"href":"https:\/\/www.madrimasd.org\/blogs\/CTSiberoamerica\/wp-json\/wp\/v2\/users\/14"}],"replies":[{"embeddable":true,"href":"https:\/\/www.madrimasd.org\/blogs\/CTSiberoamerica\/wp-json\/wp\/v2\/comments?post=689"}],"version-history":[{"count":0,"href":"https:\/\/www.madrimasd.org\/blogs\/CTSiberoamerica\/wp-json\/wp\/v2\/posts\/689\/revisions"}],"wp:attachment":[{"href":"https:\/\/www.madrimasd.org\/blogs\/CTSiberoamerica\/wp-json\/wp\/v2\/media?parent=689"}],"wp:term":[{"taxonomy":"category","embeddable":true,"href":"https:\/\/www.madrimasd.org\/blogs\/CTSiberoamerica\/wp-json\/wp\/v2\/categories?post=689"},{"taxonomy":"post_tag","embeddable":true,"href":"https:\/\/www.madrimasd.org\/blogs\/CTSiberoamerica\/wp-json\/wp\/v2\/tags?post=689"}],"curies":[{"name":"wp","href":"https:\/\/api.w.org\/{rel}","templated":true}]}}