{"id":131944,"date":"2010-09-07T12:27:33","date_gmt":"2010-09-07T11:27:33","guid":{"rendered":"http:\/\/www.madrimasd.org\/blogs\/Empleo_madrimasd\/?p=131944"},"modified":"2010-09-08T11:51:31","modified_gmt":"2010-09-08T10:51:31","slug":"%c2%bfigualdad-de-genero-en-la-ciencia-parece-que-no","status":"publish","type":"post","link":"https:\/\/www.madrimasd.org\/blogs\/Empleo_madrimasd\/2010\/09\/07\/131944","title":{"rendered":"\u00bfIgualdad de g\u00e9nero en la ciencia? Todav\u00eda no"},"content":{"rendered":"<p>En el Encuentro Nacional de Unidades de Igualdad de las universidades espa\u00f1olas, celebrado el 26 y el 27 de agosto en la Universidad Men\u00e9ndez Pelayo, In\u00e9s S\u00e1nchez de Madariaga desvel\u00f3 algunas de las conclusiones del Libro Blanco sobre la situaci\u00f3n de las mujeres en el sistema espa\u00f1ol de ciencia y tecnolog\u00eda. \u00a0No son nada halag\u00fce\u00f1as.<\/p>\n<p><!--more--><\/p>\n<p>La noticia se ha rese\u00f1ado en numerosos medios. Pod\u00e9is leer, entre otros, el art\u00edculo de<a href=\"http:\/\/www.ibercampus.es\/articulos.asp?idarticulo=13215\">Ibercampus<\/a>, el del\u00a0<a href=\"http:\/\/www.eldiariomontanes.es\/agencias\/20100827\/local\/cientificas-tienen-menos-probabilidades-promocionar_201008271453.html\">Diario Montan\u00e9s<\/a>, m\u00e1s completo, o el del <a href=\"http:\/\/institutoasturianodelamujer.com\/iam\/tag\/ciencia\/\">Instituto Asturiano de la Mujer<\/a>.<\/p>\n<p>Hay datos p\u00e9simos: s\u00f3lo un 15 % de mujeres en puestos directivos, ninguna catedr\u00e1tica en m\u00e1s de 20 disciplinas, incluyendo \u00e1reas m\u00e9dicas como la ginecolog\u00eda y la pediatr\u00eda&#8230; la verdad es que resulta aberrante y sorprendente.<\/p>\n<p>Nos preguntamos, naturalmente, <strong>c\u00f3mo es posible. <\/strong>Seguramente haya un factor generacional que se remedie por s\u00ed mismo. La generaci\u00f3n que actualmente se encuentra en la madurez, la del baby boom, es la primera en la que la mujer consigui\u00f3 comenzar a equipararse de forma m\u00e1s o menos generalizada, al menos en actividades profesionales y derechos, a los hombres. En esa generaci\u00f3n perviven todav\u00eda actitudes y mentalidades m\u00e1s del siglo XX que del XXI, y esto es natural y comprensible. Con el paso de las generaciones ser\u00e1 inevitable que las mujeres logren una cuota m\u00e1s razonable de posiciones de liderazgo en el mundo cient\u00edfico, ya que, seg\u00fan los datos que se difundieron en el encuentro, en la actualidad el 60 % de las mujeres sale de la universidad con mejores expedientes que los hombres. In\u00e9s S\u00e1nchez de Madariaga, responsable de la Unidad de Igualdad del MICINN, afirma que, de mantenerse la actual progresi\u00f3n, s\u00f3lo se alcanzar\u00eda la paridad dentro de cien a\u00f1os. Personalmente, soy m\u00e1s optimista. Es m\u00e1s, creo que Madariaga tambi\u00e9n lo es y ha reflejado esa proyecci\u00f3n m\u00e1s como advertencia que como una previsi\u00f3n realista. Seguramente el ritmo de equiparaci\u00f3n se acelere en las pr\u00f3ximas d\u00e9cadas.<\/p>\n<p>A\u00fan as\u00ed, ser\u00eda seguramente un error pensar que el problema va a resolverse por s\u00ed mismo. Iba a escribir que las mujeres investigadoras se enfrentan a la misma discriminaci\u00f3n de la mujer en el mundo de la empresa, a saber, los enormes obst\u00e1culos que se ponen a la conciliaci\u00f3n de la vida laboral y la condici\u00f3n prematernal y maternal.<\/p>\n<p>Sin embargo, en rigor esto no es cierto. Aunque el problema sea el mismo, los mecanismos de la discriminaci\u00f3n son distintos, y m\u00e1s invisibles en el terreno de la ciencia, cuya administraci\u00f3n es, supuestamente, m\u00e1s neutral y parcialmente ajena a la l\u00f3gica del mercado. En las empresas son los c\u00edrculos directivos los que invitan a evitar las bajas maternales, o las propias trabajadoras quienes interiorizan esas limitaciones (el famoso \u00abtecho de cristal\u00bb).<\/p>\n<p>El techo de cristal en las empresas est\u00e1 marcado en muchas ocasiones por relaciones laborales de duraci\u00f3n indefinida (perd\u00f3n por la generalizaci\u00f3n, pero sin ella no puedo argumentar). Por el contrario, para una investigadora en la treintena sin un puesto fijo, que haya encadenado de forma m\u00e1s o menos convencional una beca doctoral con otra postdoctoral, la maternidad supone interrumpir la actividad en un per\u00edodo en que la consolidaci\u00f3n del puesto es una meta tan dif\u00edcil como deseada.<\/p>\n<p>Por suerte, el Ministerio est\u00e1 trabajando para mejorar lo que se pueda. Por ejemplo, en la \u00faltima convocatoria Ram\u00f3n y Cajal se incluyen <a href=\"http:\/\/www.micinn.es\/portal\/site\/MICINN\/menuitem.791459a43fdf738d70fd325001432ea0\/?vgnextoid=b60f242046c26210VgnVCM1000001d04140aRCRD&amp;vgnextchannel=48a9282978ea0210VgnVCM1000001034e20aRCRD&amp;vgnextfmt=formato2&amp;id3=1cbf980767d26210VgnVCM1000001d04140a____\">novedades <\/a>muy positivas a este respecto. No s\u00f3lamente se equiparan las bajas por maternidad y paternidad, sino que se prorroga durante un a\u00f1o el per\u00edodo de descanso por cada hijo.<\/p>\n<p>En resumidas cuentas, la extensi\u00f3n del contrato hasta el per\u00edodo doctoral, contemplada en la nueva Ley de la Ciencia, tiene la ventaja de generalizar dichos permisos. No es la \u00fanica medida. Citando el art\u00edculo de Ibercampus, el proyecto de ley \u00abya incluye medidas para promocionar la meritocracia, como la paridad en las comisiones de evaluaci\u00f3n, incorporar el g\u00e9nero como categor\u00eda transversal y la obligatoriedad de que todos los organismos cient\u00edficos tengan planes de igualdad.\u00bb<\/p>\n<p>Bienvenidas sean las medidas. Volveremos sobre este asunto cuando se publique el libro blanco.<\/p>\n<p style=\"text-align: right;\">Por Jaime Capitel<\/p>\n","protected":false},"excerpt":{"rendered":"<p>En el Encuentro Nacional de Unidades de Igualdad de las universidades espa\u00f1olas, celebrado el 26 y el 27 de agosto en la Universidad Men\u00e9ndez Pelayo, In\u00e9s S\u00e1nchez de Madariaga desvel\u00f3 algunas de las conclusiones del Libro Blanco sobre la situaci\u00f3n de las mujeres en el sistema espa\u00f1ol de ciencia y tecnolog\u00eda. \u00a0No son nada halag\u00fce\u00f1as.<\/p>\n","protected":false},"author":120,"featured_media":0,"comment_status":"open","ping_status":"open","sticky":false,"template":"","format":"standard","meta":{"ngg_post_thumbnail":0},"categories":[120],"tags":[1654,899,895,2213,896,2214,2215,506],"blocksy_meta":{"styles_descriptor":{"styles":{"desktop":"","tablet":"","mobile":""},"google_fonts":[],"version":4}},"aioseo_notices":[],"_links":{"self":[{"href":"https:\/\/www.madrimasd.org\/blogs\/Empleo_madrimasd\/wp-json\/wp\/v2\/posts\/131944"}],"collection":[{"href":"https:\/\/www.madrimasd.org\/blogs\/Empleo_madrimasd\/wp-json\/wp\/v2\/posts"}],"about":[{"href":"https:\/\/www.madrimasd.org\/blogs\/Empleo_madrimasd\/wp-json\/wp\/v2\/types\/post"}],"author":[{"embeddable":true,"href":"https:\/\/www.madrimasd.org\/blogs\/Empleo_madrimasd\/wp-json\/wp\/v2\/users\/120"}],"replies":[{"embeddable":true,"href":"https:\/\/www.madrimasd.org\/blogs\/Empleo_madrimasd\/wp-json\/wp\/v2\/comments?post=131944"}],"version-history":[{"count":8,"href":"https:\/\/www.madrimasd.org\/blogs\/Empleo_madrimasd\/wp-json\/wp\/v2\/posts\/131944\/revisions"}],"predecessor-version":[{"id":131948,"href":"https:\/\/www.madrimasd.org\/blogs\/Empleo_madrimasd\/wp-json\/wp\/v2\/posts\/131944\/revisions\/131948"}],"wp:attachment":[{"href":"https:\/\/www.madrimasd.org\/blogs\/Empleo_madrimasd\/wp-json\/wp\/v2\/media?parent=131944"}],"wp:term":[{"taxonomy":"category","embeddable":true,"href":"https:\/\/www.madrimasd.org\/blogs\/Empleo_madrimasd\/wp-json\/wp\/v2\/categories?post=131944"},{"taxonomy":"post_tag","embeddable":true,"href":"https:\/\/www.madrimasd.org\/blogs\/Empleo_madrimasd\/wp-json\/wp\/v2\/tags?post=131944"}],"curies":[{"name":"wp","href":"https:\/\/api.w.org\/{rel}","templated":true}]}}