{"id":132243,"date":"2011-09-06T10:44:48","date_gmt":"2011-09-06T09:44:48","guid":{"rendered":"http:\/\/www.madrimasd.org\/blogs\/Empleo_madrimasd\/?p=132243"},"modified":"2011-09-06T10:44:48","modified_gmt":"2011-09-06T09:44:48","slug":"la-primera-universidad-privada-en-andalucia-busca-investigadores","status":"publish","type":"post","link":"https:\/\/www.madrimasd.org\/blogs\/Empleo_madrimasd\/2011\/09\/06\/132243","title":{"rendered":"La primera universidad privada en Andaluc\u00eda busca investigadores"},"content":{"rendered":"<p><a href=\"http:\/\/www.etea.com\">ETEA<\/a>, la Facultad de Derecho y Ciencias Econ\u00f3micas y Empresariales de la Universidad de C\u00f3rdoba, va a alumbrar a la <a href=\"http:\/\/www.uloyola.es\/\">Universidad Loyola<\/a>, la que ser\u00e1 la primera universidad privada en toda Andaluc\u00eda. La nueva instituci\u00f3n obtendr\u00e1 la licencia de apertura a finales de 2012 y <strong>comenzar\u00e1 su actividad a partir del curso 2013-2014<\/strong>. Hasta ahora, Loyola era la escuela de negocios de ETEA, el \u00fanico centro educativo universitario en Andaluc\u00eda creado por la Compa\u00f1\u00eda de Jes\u00fas.<\/p>\n<p><img decoding=\"async\" class=\"alignnone\" src=\"http:\/\/archivos.wikanda.es\/cordobapedia\/thumb\/LogotipoULA.jpg\/300px-LogotipoULA.jpg\" alt=\"\" width=\"300\" height=\"122\" \/><\/p>\n<p><!--more-->Como es habitual en estas ocasiones, van goteando noticias relacionadas con la iniciativa. En <a href=\"http:\/\/www.uco.es\/servicios\/comunicacion\/component\/k2\/item\/download\/74132\">esta noticia<\/a>, aparecida en el diario de C\u00f3rdoba el pasado mes de julio, adem\u00e1s de explicar el procedimiento legislativo con el cual se elimin\u00f3 la barrera para la creaci\u00f3n de universidades privadas en Andaluc\u00eda, se afirma que el 3,5 % de los ingresos se destinar\u00e1n a becas.<\/p>\n<p>En <a href=\"http:\/\/www.ibercampus.es\/articulos.asp?idarticulo=14619\">esta otra noticia<\/a> en el diario digital <a href=\"http:\/\/www.ibercampus.es\">Ibercampus<\/a>, una de nuestras fuentes habituales, se explica una convocatoria para investigadores que quieran desarrollar su carrera investigadora en la nueva universidad. Las nuevas incorporaci\u00f3nes se cubrir\u00e1n bajo contrato laboral y en calidad de ayudantes de investigaci\u00f3n.<\/p>\n<p><strong>Perfil demandado<\/strong>:<\/p>\n<p><span><strong><span style=\"color: #0000ff;\">Ingenieros y Graduados en Ingenier\u00edas<\/span><\/strong><\/p>\n<p><strong><span style=\"color: #0000ff;\">Licenciados o graduados en: <\/span><\/strong><\/p>\n<p><\/span><\/p>\n<ul>\n<li><span><span style=\"color: #800000;\">Administraci\u00f3n y Direcci\u00f3n de Empresas <\/span>\n<p><\/span><\/li>\n<li><span style=\"color: #800000;\">Econom\u00eda\n<p><\/span><\/li>\n<li><span style=\"color: #800000;\">Estad\u00edstica\n<p><\/span><\/li>\n<li><span style=\"color: #800000;\">Econometr\u00eda\n<p><\/span><\/li>\n<li><span style=\"color: #800000;\">Matem\u00e1ticas\n<p><\/span><\/li>\n<li><span><span style=\"color: #800000;\">F\u00edsica <\/span>\n<p><\/span><\/li>\n<\/ul>\n<p><span><strong><span style=\"color: #0000ff;\">Ingl\u00e9s B1<\/span><\/strong><\/p>\n<p><strong><span style=\"color: #0000ff;\">T\u00edtulo de doctor<\/span><\/strong><\/p>\n<p><strong><span style=\"color: #0000ff;\">Experiencia en modelos y m\u00e9todos de investigaci\u00f3n cient\u00edfica<\/span><\/strong>:<\/p>\n<p><\/span><\/p>\n<ul>\n<li><span style=\"color: #800000;\">datos de  panel\n<p><\/span><\/li>\n<li><span style=\"color: #800000;\">ecuaciones estructurales\n<p><\/span><\/li>\n<li><span><span style=\"color: #800000;\">an\u00e1lisis estad\u00edstico<\/span>\n<p><\/span><\/li>\n<\/ul>\n<p><span>Aunque el n\u00famero de incorporaciones depender\u00e1 del nivel de los candidatos que se presenten, se busca cubrir <strong>un m\u00ednimo de 4 plazas<\/strong>, una por cada una de las siguientes \u00e1reas:<\/p>\n<p><\/span><\/p>\n<ul>\n<li><span><strong><span style=\"color: #0000ff;\">social<\/span><\/strong> (<span style=\"color: #800000;\">cooperaci\u00f3n  para el desarrollo<\/span>, <span style=\"color: #800000;\">organizaciones no lucrativas<\/span>, <span style=\"color: #800000;\">econom\u00eda social<\/span>),\n<p><\/span><\/li>\n<li><span><strong><span style=\"color: #0000ff;\">desarrollo<\/span><\/strong> (<span style=\"color: #800000;\">econom\u00eda del desarrollo<\/span>,<span style=\"color: #800000;\"> integraci\u00f3n regional<\/span>,<span style=\"color: #800000;\"> desarrollo  rural<\/span>, <span style=\"color: #800000;\">comercio justo<\/span>),\n<p><\/span><\/li>\n<li><span><strong><span style=\"color: #0000ff;\">finanzas, econom\u00eda <\/span><\/strong>(<span style=\"color: #800000;\">microeconom\u00eda <\/span>y <span style=\"color: #800000;\"> macroeconom\u00eda<\/span>),\n<p><\/span><\/li>\n<li><span><span style=\"color: #0000ff;\"><strong>direcci\u00f3n estrat\u00e9gica y marketing<\/strong><\/span>.\n<p><\/span><\/li>\n<\/ul>\n<p>Los interesados pueden enviar su curriculum a <strong> <\/strong><strong><a href=\"mailto:investigadores@uloyola.es\">investigadores@uloyola.es<\/a><\/strong>.<\/p>\n<p>En el caso de que tengan un perfil m\u00e1s orientado a la docencia, o a la gesti\u00f3n y administraci\u00f3n universitaria, pueden enviar su CV a <strong><a href=\"mailto:rrhh@uloyola.es\">rrhh@uloyola.es.<\/a><\/strong><\/p>\n","protected":false},"excerpt":{"rendered":"<p>ETEA, la Facultad de Derecho y Ciencias Econ\u00f3micas y Empresariales de la Universidad de C\u00f3rdoba, va a alumbrar a la Universidad Loyola, la que ser\u00e1 la primera universidad privada en toda Andaluc\u00eda. La nueva instituci\u00f3n obtendr\u00e1 la licencia de apertura a finales de 2012 y comenzar\u00e1 su actividad a partir del curso 2013-2014. Hasta ahora, Loyola era la escuela de negocios de ETEA, el \u00fanico centro educativo universitario en Andaluc\u00eda creado por la Compa\u00f1\u00eda de Jes\u00fas.<\/p>\n","protected":false},"author":120,"featured_media":0,"comment_status":"open","ping_status":"open","sticky":false,"template":"","format":"standard","meta":{"ngg_post_thumbnail":0},"categories":[116],"tags":[9009,1654,10201,2216,10202],"blocksy_meta":{"styles_descriptor":{"styles":{"desktop":"","tablet":"","mobile":""},"google_fonts":[],"version":4}},"aioseo_notices":[],"_links":{"self":[{"href":"https:\/\/www.madrimasd.org\/blogs\/Empleo_madrimasd\/wp-json\/wp\/v2\/posts\/132243"}],"collection":[{"href":"https:\/\/www.madrimasd.org\/blogs\/Empleo_madrimasd\/wp-json\/wp\/v2\/posts"}],"about":[{"href":"https:\/\/www.madrimasd.org\/blogs\/Empleo_madrimasd\/wp-json\/wp\/v2\/types\/post"}],"author":[{"embeddable":true,"href":"https:\/\/www.madrimasd.org\/blogs\/Empleo_madrimasd\/wp-json\/wp\/v2\/users\/120"}],"replies":[{"embeddable":true,"href":"https:\/\/www.madrimasd.org\/blogs\/Empleo_madrimasd\/wp-json\/wp\/v2\/comments?post=132243"}],"version-history":[{"count":2,"href":"https:\/\/www.madrimasd.org\/blogs\/Empleo_madrimasd\/wp-json\/wp\/v2\/posts\/132243\/revisions"}],"predecessor-version":[{"id":132245,"href":"https:\/\/www.madrimasd.org\/blogs\/Empleo_madrimasd\/wp-json\/wp\/v2\/posts\/132243\/revisions\/132245"}],"wp:attachment":[{"href":"https:\/\/www.madrimasd.org\/blogs\/Empleo_madrimasd\/wp-json\/wp\/v2\/media?parent=132243"}],"wp:term":[{"taxonomy":"category","embeddable":true,"href":"https:\/\/www.madrimasd.org\/blogs\/Empleo_madrimasd\/wp-json\/wp\/v2\/categories?post=132243"},{"taxonomy":"post_tag","embeddable":true,"href":"https:\/\/www.madrimasd.org\/blogs\/Empleo_madrimasd\/wp-json\/wp\/v2\/tags?post=132243"}],"curies":[{"name":"wp","href":"https:\/\/api.w.org\/{rel}","templated":true}]}}