{"id":132708,"date":"2013-07-31T08:22:31","date_gmt":"2013-07-31T07:22:31","guid":{"rendered":"http:\/\/www.madrimasd.org\/blogs\/Empleo_madrimasd\/?p=132708"},"modified":"2013-07-31T08:22:31","modified_gmt":"2013-07-31T07:22:31","slug":"se-publica-el-plan-de-actuacion-anual-2013-el-29-de-julio","status":"publish","type":"post","link":"https:\/\/www.madrimasd.org\/blogs\/Empleo_madrimasd\/2013\/07\/31\/132708","title":{"rendered":"Se publica el Plan de actuaci\u00f3n anual 2013&#8230; el 29 de julio"},"content":{"rendered":"<p>Juzguen por ustedes mismos.<\/p>\n<p>La Secretar\u00eda de Estado de I+D+i del Ministerio de Econom\u00eda y Competitividad acaba de publicar el <strong>Plan de actuaci\u00f3n anual 2013<\/strong> que contiene 3.800 millones de ayudas a la I+D+i. Por supuesto no tenemos tiempo de analizar el documento antes de cerrar por vacaciones, pero lo haremos puntualmente a la vuelta.<\/p>\n<p><a href=\"http:\/\/www.idi.mineco.gob.es\/stfls\/MICINN\/Investigacion\/FICHEROS\/Plan_Actuacion_Anual_2013.pdf\">Plan de actuaci\u00f3n anual 2013 (pdf)<\/a><\/p>\n<p><img decoding=\"async\" class=\"alignnone\" src=\"http:\/\/www.idi.mineco.gob.es\/stfls\/MICINN\/Comun\/ENLACES_DCHO\/PlanActuacionAnual2013.jpg\" alt=\"\" width=\"181\" height=\"65\" \/><\/p>\n<p>Adelantamos ya que ayudas es el nombre forzoso, ya que junto a subvenciones e inversiones <strong>esos 3.800 millones tambi\u00e9n incluyen cr\u00e9ditos y capital riesgo.<\/strong><\/p>\n<p>Ah, s\u00ed, alguna noticia en lo que respecta a personal y contrataci\u00f3n: <strong>la formaci\u00f3n predoctoral por fin es por contrato, se abandona nuestra peculiar \u00abtenure track\u00bb de 2+2<\/strong>. Se incluye, adem\u00e1s, un <strong>nuevo contrato para gestores de I+D+i en empresas.<\/strong><\/p>\n<p><a href=\"http:\/\/www.idi.mineco.gob.es\/portal\/site\/MICINN\/menuitem.edc7f2029a2be27d7010721001432ea0\/?vgnextoid=2ded91f9e1a20410VgnVCM1000001d04140aRCRD&amp;vgnextchannel=4346846085f90210VgnVCM1000001034e20aRCRD\">Nota de prensa<\/a><\/p>\n<p>Quien escribe se marcha ma\u00f1ana, pero lo dicho: en septiembre desglosaremos esas 84 p\u00e1ginas para ofrecer nuestro an\u00e1lisis independiente sobre las novedades en materia de empleo I+D+i.<\/p>\n<p>Felices vacaciones.<\/p>\n<p>&nbsp;<\/p>\n","protected":false},"excerpt":{"rendered":"<p>Juzguen por ustedes mismos. La Secretar\u00eda de Estado de I+D+i del Ministerio de Econom\u00eda y Competitividad acaba de publicar el Plan de actuaci\u00f3n anual 2013 que contiene 3.800 millones de ayudas a la I+D+i. Por supuesto no tenemos tiempo de analizar el documento antes de cerrar por vacaciones, pero lo haremos puntualmente a la vuelta. Plan de actuaci\u00f3n anual 2013 (pdf) Adelantamos ya que ayudas es el nombre forzoso, ya que junto a subvenciones e inversiones esos 3.800 millones tambi\u00e9n incluyen cr\u00e9ditos y capital riesgo. Ah, s\u00ed, alguna noticia en lo que respecta a personal y contrataci\u00f3n: la formaci\u00f3n predoctoral\u2026<\/p>\n","protected":false},"author":120,"featured_media":0,"comment_status":"open","ping_status":"open","sticky":false,"template":"","format":"standard","meta":{"ngg_post_thumbnail":0},"categories":[118],"tags":[2263,21771,1287],"blocksy_meta":{"styles_descriptor":{"styles":{"desktop":"","tablet":"","mobile":""},"google_fonts":[],"version":4}},"aioseo_notices":[],"_links":{"self":[{"href":"https:\/\/www.madrimasd.org\/blogs\/Empleo_madrimasd\/wp-json\/wp\/v2\/posts\/132708"}],"collection":[{"href":"https:\/\/www.madrimasd.org\/blogs\/Empleo_madrimasd\/wp-json\/wp\/v2\/posts"}],"about":[{"href":"https:\/\/www.madrimasd.org\/blogs\/Empleo_madrimasd\/wp-json\/wp\/v2\/types\/post"}],"author":[{"embeddable":true,"href":"https:\/\/www.madrimasd.org\/blogs\/Empleo_madrimasd\/wp-json\/wp\/v2\/users\/120"}],"replies":[{"embeddable":true,"href":"https:\/\/www.madrimasd.org\/blogs\/Empleo_madrimasd\/wp-json\/wp\/v2\/comments?post=132708"}],"version-history":[{"count":2,"href":"https:\/\/www.madrimasd.org\/blogs\/Empleo_madrimasd\/wp-json\/wp\/v2\/posts\/132708\/revisions"}],"predecessor-version":[{"id":132710,"href":"https:\/\/www.madrimasd.org\/blogs\/Empleo_madrimasd\/wp-json\/wp\/v2\/posts\/132708\/revisions\/132710"}],"wp:attachment":[{"href":"https:\/\/www.madrimasd.org\/blogs\/Empleo_madrimasd\/wp-json\/wp\/v2\/media?parent=132708"}],"wp:term":[{"taxonomy":"category","embeddable":true,"href":"https:\/\/www.madrimasd.org\/blogs\/Empleo_madrimasd\/wp-json\/wp\/v2\/categories?post=132708"},{"taxonomy":"post_tag","embeddable":true,"href":"https:\/\/www.madrimasd.org\/blogs\/Empleo_madrimasd\/wp-json\/wp\/v2\/tags?post=132708"}],"curies":[{"name":"wp","href":"https:\/\/api.w.org\/{rel}","templated":true}]}}