{"id":132743,"date":"2013-10-10T11:35:15","date_gmt":"2013-10-10T10:35:15","guid":{"rendered":"http:\/\/www.madrimasd.org\/blogs\/Empleo_madrimasd\/?p=132743"},"modified":"2013-10-10T11:41:02","modified_gmt":"2013-10-10T10:41:02","slug":"iv-foro-para-la-competitividad-empresarial-innovacion-13","status":"publish","type":"post","link":"https:\/\/www.madrimasd.org\/blogs\/Empleo_madrimasd\/2013\/10\/10\/132743","title":{"rendered":"IV Foro para la Competitividad Empresarial INNOVACI\u00d3N &#8217;13"},"content":{"rendered":"<p>El <strong>Ministerio de Econom\u00eda y Competitividad<\/strong> promueve\u00a0<strong>Innovaci\u00f3n\u20192013<\/strong>, el IV Foro para la Competitividad Empresarial, que se celebrar\u00e1 el pr\u00f3ximo 29 de octubre en el <strong>Hotel Auditorium<\/strong>.<\/p>\n<p><a href=\"http:\/\/www.foroglobalinnovacion.es\/es\/\"><img decoding=\"async\" class=\"alignnone\" src=\"http:\/\/www.foroglobalinnovacion.es\/images\/INNOVACION\/cabecera.jpg\" alt=\"\" width=\"900\" height=\"185\" \/><\/a><\/p>\n<p><!--more--><\/p>\n<p>Este foro de car\u00e1cter <strong>multisectorial<\/strong>, que ser\u00e1 inaugurada por Carmen Vela, Secretaria de Estado de I+D+i, contar\u00e1 con ponencias paralelas en tres salas que pueden consultarse en el <a href=\"http:\/\/www.foroglobalinnovacion.es\/es\/programa\/\">programa<\/a>.<\/p>\n<p>De acuerdo con la nota de prensa del evento, su objetivo es \u00ab<span style=\"font-size: 13px; line-height: 19px;\">coadyuvar al incremento de la innovaci\u00f3n tecnol\u00f3gica por las empresas, al desarrollo de la ciencia y de la tecnolog\u00eda espa\u00f1olas, y a la mejora de su aprovechamiento por los sectores productivos y por la sociedad.\u00bb<\/span><\/p>\n<p>No falta alguna aportaci\u00f3n en el \u00e1rea de Recursos Humanos, como la mesa redonda <strong>El tecn\u00f3logo como piedra angular en el emprendimiento,<\/strong> que tendr\u00e1 lugar en la sala 1 a las 18:30 de la tarde y estar\u00e1 moderada por <strong>Francisco Serradilla Garc\u00eda<\/strong>, Doctor en Inform\u00e1tica y Profesor Titular en la Universidad Polit\u00e9cnica de Madrid.<\/p>\n","protected":false},"excerpt":{"rendered":"<p>El Ministerio de Econom\u00eda y Competitividad promueve\u00a0Innovaci\u00f3n\u20192013, el IV Foro para la Competitividad Empresarial, que se celebrar\u00e1 el pr\u00f3ximo 29 de octubre en el Hotel Auditorium.<\/p>\n","protected":false},"author":120,"featured_media":0,"comment_status":"open","ping_status":"open","sticky":false,"template":"","format":"standard","meta":{"ngg_post_thumbnail":0},"categories":[122],"tags":[1690,21781,21780],"blocksy_meta":{"styles_descriptor":{"styles":{"desktop":"","tablet":"","mobile":""},"google_fonts":[],"version":4}},"aioseo_notices":[],"_links":{"self":[{"href":"https:\/\/www.madrimasd.org\/blogs\/Empleo_madrimasd\/wp-json\/wp\/v2\/posts\/132743"}],"collection":[{"href":"https:\/\/www.madrimasd.org\/blogs\/Empleo_madrimasd\/wp-json\/wp\/v2\/posts"}],"about":[{"href":"https:\/\/www.madrimasd.org\/blogs\/Empleo_madrimasd\/wp-json\/wp\/v2\/types\/post"}],"author":[{"embeddable":true,"href":"https:\/\/www.madrimasd.org\/blogs\/Empleo_madrimasd\/wp-json\/wp\/v2\/users\/120"}],"replies":[{"embeddable":true,"href":"https:\/\/www.madrimasd.org\/blogs\/Empleo_madrimasd\/wp-json\/wp\/v2\/comments?post=132743"}],"version-history":[{"count":7,"href":"https:\/\/www.madrimasd.org\/blogs\/Empleo_madrimasd\/wp-json\/wp\/v2\/posts\/132743\/revisions"}],"predecessor-version":[{"id":132746,"href":"https:\/\/www.madrimasd.org\/blogs\/Empleo_madrimasd\/wp-json\/wp\/v2\/posts\/132743\/revisions\/132746"}],"wp:attachment":[{"href":"https:\/\/www.madrimasd.org\/blogs\/Empleo_madrimasd\/wp-json\/wp\/v2\/media?parent=132743"}],"wp:term":[{"taxonomy":"category","embeddable":true,"href":"https:\/\/www.madrimasd.org\/blogs\/Empleo_madrimasd\/wp-json\/wp\/v2\/categories?post=132743"},{"taxonomy":"post_tag","embeddable":true,"href":"https:\/\/www.madrimasd.org\/blogs\/Empleo_madrimasd\/wp-json\/wp\/v2\/tags?post=132743"}],"curies":[{"name":"wp","href":"https:\/\/api.w.org\/{rel}","templated":true}]}}