{"id":133057,"date":"2014-10-01T10:04:31","date_gmt":"2014-10-01T09:04:31","guid":{"rendered":"http:\/\/www.madrimasd.org\/blogs\/Empleo_madrimasd\/?p=133057"},"modified":"2014-10-01T10:04:31","modified_gmt":"2014-10-01T09:04:31","slug":"la-inversion-del-cdti-en-idi-empresarial-podria-generar-mas-de-1-100-puestos-de-trabajo","status":"publish","type":"post","link":"https:\/\/www.madrimasd.org\/blogs\/Empleo_madrimasd\/2014\/10\/01\/133057","title":{"rendered":"La inversi\u00f3n del CDTI en I+D+i empresarial podr\u00eda generar m\u00e1s de 1.100 puestos de trabajo"},"content":{"rendered":"<p>El pasado 26 de septiembre la Secretar\u00eda de Estado de Investigaci\u00f3n, Desarrollo e Innovaci\u00f3n <a href=\"http:\/\/www.idi.mineco.gob.es\/portal\/site\/MICINN\/menuitem.edc7f2029a2be27d7010721001432ea0\/?vgnextoid=cf8437395d1b8410VgnVCM1000001d04140aRCRD&amp;vgnextchannel=4346846085f90210VgnVCM1000001034e20aRCRD\">ha anunciado<\/a> una importante inversi\u00f3n en proyectos de I+D+i empresarial por parte del <a href=\"http:\/\/www.cdti.es\/index.asp?idioma=2\">Consejo de Administraci\u00f3n del Centro para el desarrollo Tecnol\u00f3gico Industrial<\/a>.<\/p>\n<p><!--more--><\/p>\n<p>El CDTI ha aprobado 135 proyectos que cuentan con un presupuesto total de 96,68 millones de euros en los que participar\u00e1 con una inversi\u00f3n econ\u00f3mica de 71,06 millones.<\/p>\n<p>Las empresas involucradas son en un computo global 134, de \u00e9stas el 61% son <em>pymes<\/em>, de las cuales el 24% perteneciente a sectores de media y alta tecnolog\u00eda. El 41% de las compa\u00f1\u00edas implicadas, es decir 56 en total, recibir\u00e1 por primera vez una subvenci\u00f3n por parte del CDTI.<\/p>\n<p>Los proyectos aprobados, as\u00ed como la distribuci\u00f3n de la subvenci\u00f3n, se resumen en la siguiente tabla:<\/p>\n<table border=\"1\" cellspacing=\"0\" cellpadding=\"0\">\n<tbody>\n<tr>\n<td valign=\"top\" width=\"117\">\n<p align=\"center\">Tipo de Proyecto\/Ayudas<\/p>\n<\/td>\n<td valign=\"top\" width=\"115\">\n<p align=\"center\">Proyectos<\/p>\n<\/td>\n<td valign=\"top\" width=\"115\">\n<p align=\"center\">Aportaci\u00f3n CDTI<\/p>\n<p align=\"center\">(Euros)<\/p>\n<\/td>\n<td valign=\"top\" width=\"115\">\n<p align=\"center\">Presupuesto total<\/p>\n<p align=\"center\">(Euros)<\/p>\n<p align=\"center\">\n<\/td>\n<td valign=\"top\" width=\"115\">\n<p align=\"center\">Porcentaje de<\/p>\n<p align=\"center\">financiaci\u00f3n (%)<\/p>\n<p align=\"center\">\n<\/td>\n<\/tr>\n<tr>\n<td valign=\"top\" width=\"117\">\n<p align=\"center\">Proyectos I+D individuales<\/p>\n<\/td>\n<td valign=\"top\" width=\"115\">\n<p align=\"center\">105<\/p>\n<\/td>\n<td valign=\"top\" width=\"115\">\n<p align=\"center\">49.110.787,88<\/p>\n<\/td>\n<td valign=\"top\" width=\"115\">\n<p align=\"center\">64.715.977,30<\/p>\n<\/td>\n<td valign=\"top\" width=\"115\">\n<p align=\"center\">76%<\/p>\n<p align=\"center\">\n<\/td>\n<\/tr>\n<tr>\n<td valign=\"top\" width=\"117\">\n<p align=\"center\">Proyectos de I+D cooperativa<\/p>\n<\/td>\n<td valign=\"top\" width=\"115\">\n<p align=\"center\">5 (10)*<\/p>\n<\/td>\n<td valign=\"top\" width=\"115\">\n<p align=\"center\">3.468.164,20<\/p>\n<\/td>\n<td valign=\"top\" width=\"115\">\n<p align=\"center\">4.606.264,00<\/p>\n<\/td>\n<td valign=\"top\" width=\"115\">\n<p align=\"center\">75%<\/p>\n<p align=\"center\">\n<\/td>\n<\/tr>\n<tr>\n<td valign=\"top\" width=\"117\">\n<p align=\"center\">Proyectos Innternacionaliza<\/p>\n<\/td>\n<td valign=\"top\" width=\"115\">\n<p align=\"center\">3<\/p>\n<\/td>\n<td valign=\"top\" width=\"115\">\n<p align=\"center\">639.000,00<\/p>\n<\/td>\n<td valign=\"top\" width=\"115\">\n<p align=\"center\">852.000,00<\/p>\n<\/td>\n<td valign=\"top\" width=\"115\">\n<p align=\"center\">75%<\/p>\n<p align=\"center\">\n<\/td>\n<\/tr>\n<tr>\n<td valign=\"top\" width=\"117\">\n<p align=\"center\">L\u00ednea Directa de Innovaci\u00f3n<\/p>\n<\/td>\n<td valign=\"top\" width=\"115\">\n<p align=\"center\">20<\/p>\n<\/td>\n<td valign=\"top\" width=\"115\">\n<p align=\"center\">13.522.854,86<\/p>\n<\/td>\n<td valign=\"top\" width=\"115\">\n<p align=\"center\">18.037.249,00<\/p>\n<\/td>\n<td valign=\"top\" width=\"115\">\n<p align=\"center\">75%<\/p>\n<p align=\"center\">\n<\/td>\n<\/tr>\n<tr>\n<td valign=\"top\" width=\"117\">\n<p align=\"center\">L\u00ednea de Innovaci\u00f3n Global<\/p>\n<\/td>\n<td valign=\"top\" width=\"115\">\n<p align=\"center\">2<\/p>\n<\/td>\n<td valign=\"top\" width=\"115\">\n<p align=\"center\">4.315.217,00<\/p>\n<\/td>\n<td valign=\"top\" width=\"115\">\n<p align=\"center\">8.464.514,37<\/p>\n<\/td>\n<td valign=\"top\" width=\"115\">\n<p align=\"center\">51%<\/p>\n<p align=\"center\">\n<\/td>\n<\/tr>\n<tr>\n<td valign=\"top\" width=\"117\">\n<p align=\"center\">TOTAL<\/p>\n<\/td>\n<td valign=\"top\" width=\"115\">\n<p align=\"center\">135<\/p>\n<\/td>\n<td valign=\"top\" width=\"115\">\n<p align=\"center\">71.056.023,94<\/p>\n<\/td>\n<td valign=\"top\" width=\"115\">\n<p align=\"center\">96.676.004,67<\/p>\n<\/td>\n<td valign=\"top\" width=\"115\">\n<p align=\"center\">73%<\/p>\n<p align=\"center\">\n<\/td>\n<\/tr>\n<\/tbody>\n<\/table>\n<p align=\"right\">*Entre par\u00e9ntesis las operaciones individuales resultantes de los proyectos en consorcio<\/p>\n<p>El CDTI es el ente encargado de gestionar los <a href=\"http:\/\/ec.europa.eu\/regional_policy\/thefunds\/regional\/index_es.cfm\">fondos FEDER<\/a> de la Uni\u00f3n Europea; una parte de \u00e9stos, el denominado <a href=\"http:\/\/www.cdti.es\/index.asp?MP=7&amp;MS=236&amp;MN=3\">Fondo Tecnol\u00f3gico<\/a> dedicado a la subvenci\u00f3n de actividades de I+D+i, cofinanciar\u00e1 18 de los 135 proyectos aprobados, con una ayuda total de 10,34 millones. Adem\u00e1s, 21 proyectos se incluir\u00e1n en el Programa Operativo FEDER Madrid (con una aportaci\u00f3n econ\u00f3mica p\u00fablica de 14,94 millones de euros) y 8 en el Programa Operativo FEDER Navarra (2,42 millones de euros de aportaci\u00f3n p\u00fablica).<\/p>\n<p>La inversi\u00f3n econ\u00f3mica del Centro para el Desarrollo Tecnol\u00f3gico Industrial apunta a alimentar al sector empresarial de recursos humanos de I+D+i con nueva savia: <strong>se estima que de las iniciativas financiadas se generar\u00e1n 446 empleos directos, que desembocar\u00e1n en la creaci\u00f3n de 681 empleos indirectos, es decir un total de 1.127 puestos de trabajos.\u00a0\u00a0<\/strong><\/p>\n","protected":false},"excerpt":{"rendered":"<p>El pasado 26 de septiembre la Secretar\u00eda de Estado de Investigaci\u00f3n, Desarrollo e Innovaci\u00f3n ha anunciado una importante inversi\u00f3n en proyectos de I+D+i empresarial por parte del Consejo de Administraci\u00f3n del Centro para el desarrollo Tecnol\u00f3gico Industrial.<\/p>\n","protected":false},"author":120,"featured_media":0,"comment_status":"open","ping_status":"open","sticky":false,"template":"","format":"standard","meta":{"ngg_post_thumbnail":0},"categories":[116],"tags":[21846,1573],"blocksy_meta":{"styles_descriptor":{"styles":{"desktop":"","tablet":"","mobile":""},"google_fonts":[],"version":4}},"aioseo_notices":[],"_links":{"self":[{"href":"https:\/\/www.madrimasd.org\/blogs\/Empleo_madrimasd\/wp-json\/wp\/v2\/posts\/133057"}],"collection":[{"href":"https:\/\/www.madrimasd.org\/blogs\/Empleo_madrimasd\/wp-json\/wp\/v2\/posts"}],"about":[{"href":"https:\/\/www.madrimasd.org\/blogs\/Empleo_madrimasd\/wp-json\/wp\/v2\/types\/post"}],"author":[{"embeddable":true,"href":"https:\/\/www.madrimasd.org\/blogs\/Empleo_madrimasd\/wp-json\/wp\/v2\/users\/120"}],"replies":[{"embeddable":true,"href":"https:\/\/www.madrimasd.org\/blogs\/Empleo_madrimasd\/wp-json\/wp\/v2\/comments?post=133057"}],"version-history":[{"count":1,"href":"https:\/\/www.madrimasd.org\/blogs\/Empleo_madrimasd\/wp-json\/wp\/v2\/posts\/133057\/revisions"}],"predecessor-version":[{"id":133058,"href":"https:\/\/www.madrimasd.org\/blogs\/Empleo_madrimasd\/wp-json\/wp\/v2\/posts\/133057\/revisions\/133058"}],"wp:attachment":[{"href":"https:\/\/www.madrimasd.org\/blogs\/Empleo_madrimasd\/wp-json\/wp\/v2\/media?parent=133057"}],"wp:term":[{"taxonomy":"category","embeddable":true,"href":"https:\/\/www.madrimasd.org\/blogs\/Empleo_madrimasd\/wp-json\/wp\/v2\/categories?post=133057"},{"taxonomy":"post_tag","embeddable":true,"href":"https:\/\/www.madrimasd.org\/blogs\/Empleo_madrimasd\/wp-json\/wp\/v2\/tags?post=133057"}],"curies":[{"name":"wp","href":"https:\/\/api.w.org\/{rel}","templated":true}]}}