{"id":133220,"date":"2015-06-24T08:28:13","date_gmt":"2015-06-24T07:28:13","guid":{"rendered":"http:\/\/www.madrimasd.org\/blogs\/Empleo_madrimasd\/?p=133220"},"modified":"2015-06-24T08:28:13","modified_gmt":"2015-06-24T07:28:13","slug":"becas-de-la-fundacion-canon-para-investigadores-europeos-y-japoneses","status":"publish","type":"post","link":"https:\/\/www.madrimasd.org\/blogs\/Empleo_madrimasd\/2015\/06\/24\/133220","title":{"rendered":"Becas de la Fundaci\u00f3n Canon para investigadores europeos y japoneses"},"content":{"rendered":"<p>Como cada a\u00f1o, la <a href=\"https:\/\/www.canonfoundation.org\/\">Fundaci\u00f3n Canon<\/a> otorga <strong>15 becas<\/strong> a investigadores altamente cualificados <strong>europeos<\/strong> y <strong>japoneses<\/strong> en todos campos y que hayan obtenido, al menos, un t\u00edtulo de m\u00e1ster en los diez \u00faltimos a\u00f1os.<\/p>\n<p>Los seleccionados europeos llevar\u00e1n a cabo su investigaci\u00f3n en instituciones japonesas; del mismo modo, los becarios japoneses realizar\u00e1n su trabajo en instituciones de acogida europeas.<\/p>\n<p><strong>Requisitos<\/strong>:<\/p>\n<ul>\n<li>los solicitantes europeos deber\u00e1n tener la ciudadan\u00eda del pa\u00eds correspondiente;<\/li>\n<li>haber obtenido un m\u00e1ster en los \u00faltimos diez a\u00f1os.<\/li>\n<\/ul>\n<p>La <strong>dotaci\u00f3n econ\u00f3mica<\/strong> para los seleccionados var\u00eda entre los <strong>22.500\u20ac<\/strong> a <strong>27.500\u20ac<\/strong> al a\u00f1o. Pese a que las becas tienen una <strong>duraci\u00f3n<\/strong> de <strong>12 meses<\/strong>, tambi\u00e9n podr\u00e1n otorgarse por un m\u00ednimo de <strong>3 meses<\/strong>, en cuyo caso se conceder\u00e1 al beneficiario la cuant\u00eda correspondiente para ese periodo.<\/p>\n<p>Los interesados deber\u00e1n rellenar el <a href=\"https:\/\/www.canonfoundation.org\/login.php?accesscheck=%2Fapplication_form.php\">formulario<\/a> disponible en la p\u00e1gina web de la Fundaci\u00f3n antes del <strong>15 de septiembre<\/strong>.<\/p>\n<p>El proceso de selecci\u00f3n puede durar hasta diciembre, por lo que la fecha m\u00e1s cercana para empezar las becas ser\u00e1 el 1 de enero de 2016.<\/p>\n<p>Para m\u00e1s informaci\u00f3n, consultar la <a href=\"https:\/\/www.canonfoundation.org\/programmes_1_fellow.php\">oferta<\/a> en la p\u00e1gina web.<\/p>\n","protected":false},"excerpt":{"rendered":"<p>Como cada a\u00f1o, la Fundaci\u00f3n Canon otorga 15 becas a investigadores altamente cualificados europeos y japoneses en todos campos y que hayan obtenido, al menos, un t\u00edtulo de m\u00e1ster en los diez \u00faltimos a\u00f1os. Los seleccionados europeos llevar\u00e1n a cabo su investigaci\u00f3n en instituciones japonesas; del mismo modo, los becarios japoneses realizar\u00e1n su trabajo en instituciones de acogida europeas. Requisitos: los solicitantes europeos deber\u00e1n tener la ciudadan\u00eda del pa\u00eds correspondiente; haber obtenido un m\u00e1ster en los \u00faltimos diez a\u00f1os. La dotaci\u00f3n econ\u00f3mica para los seleccionados var\u00eda entre los 22.500\u20ac a 27.500\u20ac al a\u00f1o. Pese a que las becas tienen una\u2026<\/p>\n","protected":false},"author":120,"featured_media":0,"comment_status":"open","ping_status":"open","sticky":false,"template":"","format":"standard","meta":{"ngg_post_thumbnail":0},"categories":[125,119],"tags":[30564,30595,30565,1896],"blocksy_meta":{"styles_descriptor":{"styles":{"desktop":"","tablet":"","mobile":""},"google_fonts":[],"version":4}},"aioseo_notices":[],"_links":{"self":[{"href":"https:\/\/www.madrimasd.org\/blogs\/Empleo_madrimasd\/wp-json\/wp\/v2\/posts\/133220"}],"collection":[{"href":"https:\/\/www.madrimasd.org\/blogs\/Empleo_madrimasd\/wp-json\/wp\/v2\/posts"}],"about":[{"href":"https:\/\/www.madrimasd.org\/blogs\/Empleo_madrimasd\/wp-json\/wp\/v2\/types\/post"}],"author":[{"embeddable":true,"href":"https:\/\/www.madrimasd.org\/blogs\/Empleo_madrimasd\/wp-json\/wp\/v2\/users\/120"}],"replies":[{"embeddable":true,"href":"https:\/\/www.madrimasd.org\/blogs\/Empleo_madrimasd\/wp-json\/wp\/v2\/comments?post=133220"}],"version-history":[{"count":2,"href":"https:\/\/www.madrimasd.org\/blogs\/Empleo_madrimasd\/wp-json\/wp\/v2\/posts\/133220\/revisions"}],"predecessor-version":[{"id":133222,"href":"https:\/\/www.madrimasd.org\/blogs\/Empleo_madrimasd\/wp-json\/wp\/v2\/posts\/133220\/revisions\/133222"}],"wp:attachment":[{"href":"https:\/\/www.madrimasd.org\/blogs\/Empleo_madrimasd\/wp-json\/wp\/v2\/media?parent=133220"}],"wp:term":[{"taxonomy":"category","embeddable":true,"href":"https:\/\/www.madrimasd.org\/blogs\/Empleo_madrimasd\/wp-json\/wp\/v2\/categories?post=133220"},{"taxonomy":"post_tag","embeddable":true,"href":"https:\/\/www.madrimasd.org\/blogs\/Empleo_madrimasd\/wp-json\/wp\/v2\/tags?post=133220"}],"curies":[{"name":"wp","href":"https:\/\/api.w.org\/{rel}","templated":true}]}}