{"id":133228,"date":"2015-07-14T11:08:35","date_gmt":"2015-07-14T10:08:35","guid":{"rendered":"http:\/\/www.madrimasd.org\/blogs\/Empleo_madrimasd\/?p=133228"},"modified":"2015-07-14T11:08:35","modified_gmt":"2015-07-14T10:08:35","slug":"convocatoria-para-los-centros-de-excelencia-severo-ochoa-y-unidades-de-excelencia-maria-de-maeztu-2015","status":"publish","type":"post","link":"https:\/\/www.madrimasd.org\/blogs\/Empleo_madrimasd\/2015\/07\/14\/133228","title":{"rendered":"Convocatoria para los Centros de Excelencia \u201cSevero Ochoa\u201d y Unidades de Excelencia \u201cMar\u00eda de Maeztu\u00bb 2015"},"content":{"rendered":"<p>Una vez m\u00e1s, <a href=\"http:\/\/www.idi.mineco.gob.es\/portal\/site\/MICINN\/\">la Secretar\u00eda de Estado de Investigaci\u00f3n, Desarrollo e Innovaci\u00f3n<\/a> ha publicado una nueva convocatoria para los <strong>\u201cCentros de Excelencia Severo Ochoa\u201d<\/strong> y <strong>\u201cUnidades de Excelencia Mar\u00eda de Maeztu\u201d<\/strong> para impulsar la investigaci\u00f3n cient\u00edfica espa\u00f1ola de excelencia mediante el reconocimiento de los mejores centros y unidades.<\/p>\n<p>El <strong>objetivo<\/strong> es impulsar la calidad de la investigaci\u00f3n cient\u00edfica espa\u00f1ola de excelencia mediante el <strong>reconocimiento<\/strong> de los mejores centros y unidades, p\u00fablicos o privados sin \u00e1nimo de lucro, que destacan por la relevancia e impacto, a nivel internacional, de los resultados de investigaci\u00f3n obtenidos durante el per\u00edodo anterior. Asimismo, esta convocatoria tambi\u00e9n tiene como finalidad la <strong>financiaci\u00f3n<\/strong> de los <strong>planes estrat\u00e9gicos<\/strong> elaborados por los centros y de los <strong>programas estrat\u00e9gicos<\/strong> de investigaci\u00f3n elaborados por las unidades para el per\u00edodo 2016-2019 con el objetivo de consolidar sus capacidades cient\u00edficas y contribuir al liderazgo de la investigaci\u00f3n espa\u00f1ola.<\/p>\n<p>Podr\u00e1n optar a estas ayudas aquellos centros y unidades que re\u00fanan, entre otros, los siguientes <strong>requisitos:<\/strong><\/p>\n<ul>\n<li>El director cient\u00edfico y los investigadores garantes deber\u00e1n ser funcionarios o tener una vinculaci\u00f3n laboral o estatutaria con la entidad solicitante.<\/li>\n<li>En el caso de centros y unidades inter universitarios o mixtos la vinculaci\u00f3n del director cient\u00edfico y de los investigadores garantes podr\u00e1 referirse a cada una de las entidades que han participado en su constituci\u00f3n siempre que exista un acuerdo expl\u00edcito y nominal de adscripci\u00f3n donde conste la vinculaci\u00f3n a tiempo completo.<\/li>\n<li>Quedan excluidas las solicitudes aquellos centros y unidades que:\n<ul>\n<li>tengan una estructura de investigaci\u00f3n de car\u00e1cter virtual o en red.<\/li>\n<li>hayan sido acreditados en las convocatorias 2012 y 2013 para \u201cCentros\/Unidades de Excelencia Severo Ochoa\u201d, y en la convocatoria 2014 para \u201cCentros de Excelencia Severo Ochoa\u00bb y \u00abUnidades de Excelencia Mar\u00eda de Maeztu\u201d.<\/li>\n<li>Sean resultantes de la desagregaci\u00f3n de otros previamente acreditados y financiados en las convocatorias referidas en el apartado anterior.<\/li>\n<\/ul>\n<\/li>\n<\/ul>\n<p>La ayuda tiene una <strong>duraci\u00f3n de cuatro a\u00f1os<\/strong>. Para el a\u00f1o 2016, se prev\u00e9 una financiaci\u00f3n de <strong>13 millones de euros<\/strong>; la cuant\u00eda individual de cada ayuda ser\u00e1 de <strong>4 millones de euros<\/strong> en el caso de los \u201cCentros de Excelencia Severo Ochoa\u201d y de <strong>2 millones de euros<\/strong> en el caso de las \u201cUnidades de Excelencia Mar\u00eda de Maeztu\u201d.<\/p>\n<p>Los interesados deber\u00e1n presentar sus solicitudes <strong>antes de las 15:00h del mi\u00e9rcoles 29 de julio<\/strong>.<\/p>\n<p>Para m\u00e1s informaci\u00f3n, consultar las bases de la <a href=\"http:\/\/www.idi.mineco.gob.es\/portal\/site\/MICINN\/menuitem.dbc68b34d11ccbd5d52ffeb801432ea0\/?vgnextoid=3e9970043260e410VgnVCM1000001d04140aRCRD&amp;vgnextchannel=f272de2007371410VgnVCM1000001d04140aRCRD\">convocatoria<\/a>.<\/p>\n","protected":false},"excerpt":{"rendered":"<p>Una vez m\u00e1s, la Secretar\u00eda de Estado de Investigaci\u00f3n, Desarrollo e Innovaci\u00f3n ha publicado una nueva convocatoria para los \u201cCentros de Excelencia Severo Ochoa\u201d y \u201cUnidades de Excelencia Mar\u00eda de Maeztu\u201d para impulsar la investigaci\u00f3n cient\u00edfica espa\u00f1ola de excelencia mediante el reconocimiento de los mejores centros y unidades. El objetivo es impulsar la calidad de la investigaci\u00f3n cient\u00edfica espa\u00f1ola de excelencia mediante el reconocimiento de los mejores centros y unidades, p\u00fablicos o privados sin \u00e1nimo de lucro, que destacan por la relevancia e impacto, a nivel internacional, de los resultados de investigaci\u00f3n obtenidos durante el per\u00edodo anterior. Asimismo, esta convocatoria\u2026<\/p>\n","protected":false},"author":120,"featured_media":0,"comment_status":"open","ping_status":"open","sticky":false,"template":"","format":"standard","meta":{"ngg_post_thumbnail":0},"categories":[125],"tags":[30567,30566,506],"blocksy_meta":{"styles_descriptor":{"styles":{"desktop":"","tablet":"","mobile":""},"google_fonts":[],"version":4}},"aioseo_notices":[],"_links":{"self":[{"href":"https:\/\/www.madrimasd.org\/blogs\/Empleo_madrimasd\/wp-json\/wp\/v2\/posts\/133228"}],"collection":[{"href":"https:\/\/www.madrimasd.org\/blogs\/Empleo_madrimasd\/wp-json\/wp\/v2\/posts"}],"about":[{"href":"https:\/\/www.madrimasd.org\/blogs\/Empleo_madrimasd\/wp-json\/wp\/v2\/types\/post"}],"author":[{"embeddable":true,"href":"https:\/\/www.madrimasd.org\/blogs\/Empleo_madrimasd\/wp-json\/wp\/v2\/users\/120"}],"replies":[{"embeddable":true,"href":"https:\/\/www.madrimasd.org\/blogs\/Empleo_madrimasd\/wp-json\/wp\/v2\/comments?post=133228"}],"version-history":[{"count":3,"href":"https:\/\/www.madrimasd.org\/blogs\/Empleo_madrimasd\/wp-json\/wp\/v2\/posts\/133228\/revisions"}],"predecessor-version":[{"id":133231,"href":"https:\/\/www.madrimasd.org\/blogs\/Empleo_madrimasd\/wp-json\/wp\/v2\/posts\/133228\/revisions\/133231"}],"wp:attachment":[{"href":"https:\/\/www.madrimasd.org\/blogs\/Empleo_madrimasd\/wp-json\/wp\/v2\/media?parent=133228"}],"wp:term":[{"taxonomy":"category","embeddable":true,"href":"https:\/\/www.madrimasd.org\/blogs\/Empleo_madrimasd\/wp-json\/wp\/v2\/categories?post=133228"},{"taxonomy":"post_tag","embeddable":true,"href":"https:\/\/www.madrimasd.org\/blogs\/Empleo_madrimasd\/wp-json\/wp\/v2\/tags?post=133228"}],"curies":[{"name":"wp","href":"https:\/\/api.w.org\/{rel}","templated":true}]}}