{"id":130352,"date":"2012-06-06T04:03:12","date_gmt":"2012-06-06T03:03:12","guid":{"rendered":"http:\/\/www.madrimasd.org\/blogs\/Historia_RRII\/?p=130352"},"modified":"2013-04-02T10:39:48","modified_gmt":"2013-04-02T09:39:48","slug":"exteriores-anuncia-una-revision-del-acuerdo-que-blinda-toda-su-documentacion","status":"publish","type":"post","link":"https:\/\/www.madrimasd.org\/blogs\/Historia_RRII\/2012\/06\/06\/130352","title":{"rendered":"Exteriores anuncia una revisi\u00f3n del acuerdo que blinda toda su documentaci\u00f3n"},"content":{"rendered":"<p>El ministro de Asuntos Exteriores y Cooperaci\u00f3n, <a href=\"http:\/\/www.maec.es\/es\/MenuPpal\/Ministerio\/ElMinistro\/Paginas\/Bibliografia.aspx\">Jos\u00e9 Manuel Garc\u00eda-Margallo<\/a>, ha anunciado que su departamento<strong> revisar\u00e1 el acuerdo de 2010 que clasifica la pr\u00e1ctica totalidad de la documentaci\u00f3n del ministerio<\/strong> sin ning\u00fan l\u00edmite temporal, seg\u00fan informa el periodista de El Pa\u00eds <a href=\"http:\/\/politica.elpais.com\/politica\/2012\/06\/05\/actualidad\/1338903319_488877.html\">Miguel Gonz\u00e1lez<\/a>.<\/p>\n<blockquote>\n<h1 id=\"titulo_noticia\">Exteriores revisar\u00e1 el acuerdo que declara secretos todos sus documentos<\/h1>\n<ul>\n<li><strong>La medida provoca que los investigadores no tengan acceso a documentos de inter\u00e9s hist\u00f3rico<\/strong><\/li>\n<\/ul>\n<p><strong>El Gobierno tiene intenci\u00f3n de revisar <\/strong><a href=\"http:\/\/ep00.epimg.net\/descargables\/2012\/06\/03\/81b3c3748773b522e38eb34079877132.pdf\">el acuerdo del Consejo de Ministros de 15 de octubre<\/a> de 2010, bajo el mandato de Zapatero, que clasifica\u00a0<a href=\"http:\/\/politica.elpais.com\/politica\/2012\/06\/03\/actualidad\/1338750887_077908.html\">como secretos o reservados todos los documentos<\/a> del departamento de Asuntos Exteriores, incluso los m\u00e1s inocuos, y sin l\u00edmite temporal, seg\u00fan ha declarado el ministro Jos\u00e9 Manuel Garc\u00eda Margallo.<\/p>\n<p>Este acuerdo, que EL PA\u00cdS difundi\u00f3 el pasado lunes, ha provocado que desde hace unos meses el Archivo del Ministerio de Asuntos Exteriores niegue a historiadores e investigadores documentos de inter\u00e9s hist\u00f3rico a los que hasta ahora ten\u00edan acceso. Se da la circunstancia de que este acuerdo, del que nunca se inform\u00f3, tambi\u00e9n estaba clasificado como secreto, por lo que Exteriores ha tenido que desclasificarlo para poder comunicar su contenido al profesor de la Universidad Complutense Carlos Sanz D\u00edaz, quien recibi\u00f3 una transcripci\u00f3n del mismo en mayo, seg\u00fan Margallo. El Gobierno tambi\u00e9n se ha visto en la tesitura de tener que desclasificar documentos relativos al contubernio de Munich, el encuentro que representantes de la oposici\u00f3n antifranquista del interior y del exilio mantuvieron en la ciudad alemana en 1962 invitados por el Movimiento Europeo, del que Exteriores est\u00e1 celebrando el 50 aniversario con exposiciones y mesas redondas.<\/p>\n<p>Seg\u00fan Margallo, el nuevo acuerdo, que se est\u00e1 negociando con otros departamentos, ser\u00e1 acorde con el esp\u00edritu de la Ley de Transparencia y determinar\u00e1 con mayor precisi\u00f3n las materias que afectan a la seguridad y defensa nacional, seg\u00fan lo previsto en la Ley de Secretos Oficiales de 1968, reformada una d\u00e9cada despu\u00e9s. La intenci\u00f3n es evitar la generalizaci\u00f3n del secreto y fijar un plazo temporal, transcurrido el cual los documentos ser\u00edan desclasificados, salvo excepciones, como sucede en la mayor\u00eda de los pa\u00edses de nuestro entorno.<\/p>\n<p><a href=\"http:\/\/politica.elpais.com\/politica\/2012\/06\/05\/actualidad\/1338903319_488877.html\">http:\/\/politica.elpais.com\/politica\/2012\/06\/05\/actualidad\/1338903319_488877.html<\/a><\/p><\/blockquote>\n<p>Se trata de <strong>una buena noticia<\/strong> que hace esperar que desaparezcan pronto las obst\u00e1culos que historiadores e investigadores estamos encontrando para consultar la documentaci\u00f3n del Ministerio desde hace casi un a\u00f1o.<\/p>\n<p><strong>No obstante, quedan por despejar algunas inc\u00f3gnitas<\/strong>. Hasta que llegue el nuevo acuerdo que se est\u00e1 negociando, \u00bfcu\u00e1l va a ser el criterio de la Secretaria General T\u00e9cnica sobre el acceso a la documentaci\u00f3n del archivo del MAEC? \u00bfSe van a desbloquear inmediatamente todas las solicitudes de acceso que est\u00e1n paralizadas? \u00bfSe van a rectificar las negativas cursadas a los investigadores en los \u00faltimos meses? \u00bfSe avisar\u00e1 a los solicitantes, algunos de ellos regresados a sus pa\u00edses de origen sin haber podido ver un solo papel, de cu\u00e1ndo podr\u00e1n consultar la documentaci\u00f3n hist\u00f3rica?<\/p>\n<figure id=\"attachment_130355\" aria-describedby=\"caption-attachment-130355\" style=\"width: 419px\" class=\"wp-caption aligncenter\"><a href=\"http:\/\/www.maec.es\/es\/MenuPpal\/Actualidad\/Documentacion\/Documents\/2010folleto_archivo.pdf\"><img decoding=\"async\" class=\"size-full wp-image-130355\" title=\"Reales C\u00e9dulas\" src=\"https:\/\/www.madrimasd.org\/blogs\/Historia_RRII\/files\/2012\/06\/Reales-C\u00e9dulas.png\" alt=\"\" width=\"419\" height=\"185\" srcset=\"https:\/\/www.madrimasd.org\/blogs\/Historia_RRII\/files\/2012\/06\/Reales-C\u00e9dulas.png 419w, https:\/\/www.madrimasd.org\/blogs\/Historia_RRII\/files\/2012\/06\/Reales-C\u00e9dulas-300x132.png 300w\" sizes=\"(max-width: 419px) 100vw, 419px\" \/><\/a><figcaption id=\"caption-attachment-130355\" class=\"wp-caption-text\">Reales c\u00e9dulas sobre la provisi\u00f3n de obispados y abad\u00edas. 1668-1680, Santa Sede, 122. (c) Archivo MAEC<\/figcaption><\/figure>\n<p>Por otra parte, persisten no ya las dudas, sino la<strong> preocupaci\u00f3n por la situaci\u00f3n del Archivo General del Ministerio de Asuntos Exteriores y Cooperaci\u00f3n,<\/strong> uno de los archivos diplom\u00e1ticos m\u00e1s ricos del mundo, con fondos que se remontan al siglo XVI, y que d\u00e9cada tras d\u00e9cada ha sufrido la tradicional dejadez de los m\u00e1ximos responsables del Ministerio. <strong>El archivo necesita urgentemente mejores instalaciones y que se le garanticen los medios humanos y materiales imprescindibles<\/strong> para que sus excelentes profesionales puedan desarrollar adecuadamente su labor y para que todos los ciudadanos, y no solo los investigadores, puedan conocer su valioso patrimonio documental.\u00a0Esto es algo m\u00e1s laborioso que enmendar un acuerdo o dictar una nueva norma, pero <strong> la\u00a0importancia de sus fondos, el inter\u00e9s de la historia de la pol\u00edtica exterior espa\u00f1ola &#8211;<\/strong>todav\u00eda en gran parte desconocida-, <strong>y el deber de garantizar el acceso de todos al patrimonio hist\u00f3rico y a la documentaci\u00f3n p\u00fablica, bien merecen un esfuerzo.<\/strong><\/p>\n<figure id=\"attachment_130354\" aria-describedby=\"caption-attachment-130354\" style=\"width: 262px\" class=\"wp-caption aligncenter\"><a href=\"http:\/\/www.maec.es\/es\/MenuPpal\/Actualidad\/Documentacion\/Documents\/2010folleto_archivo.pdf\"><img decoding=\"async\" class=\"size-full wp-image-130354 \" title=\"Arbol borbones\" src=\"https:\/\/www.madrimasd.org\/blogs\/Historia_RRII\/files\/2012\/06\/Arbol-borbones.png\" alt=\"\" width=\"262\" height=\"339\" srcset=\"https:\/\/www.madrimasd.org\/blogs\/Historia_RRII\/files\/2012\/06\/Arbol-borbones.png 262w, https:\/\/www.madrimasd.org\/blogs\/Historia_RRII\/files\/2012\/06\/Arbol-borbones-231x300.png 231w\" sizes=\"(max-width: 262px) 100vw, 262px\" \/><\/a><figcaption id=\"caption-attachment-130354\" class=\"wp-caption-text\">&quot;Corona borbonica reynante en Espa\u00f1a, Franzia y N\u00e1poles...&quot;, 1734, Ms. 1 (c) Archivo MAEC<\/figcaption><\/figure>\n","protected":false},"excerpt":{"rendered":"<p>El ministro de Asuntos Exteriores y Cooperaci\u00f3n, Jos\u00e9 Manuel Garc\u00eda-Margallo, ha anunciado que su departamento revisar\u00e1 el acuerdo de 2010 que clasifica la pr\u00e1ctica totalidad de la documentaci\u00f3n del ministerio sin ning\u00fan l\u00edmite temporal, seg\u00fan informa el periodista de El Pa\u00eds Miguel Gonz\u00e1lez. Exteriores revisar\u00e1 el acuerdo que declara secretos todos sus documentos La medida provoca que los investigadores no tengan acceso a documentos de inter\u00e9s hist\u00f3rico El Gobierno tiene intenci\u00f3n de revisar el acuerdo del Consejo de Ministros de 15 de octubre de 2010, bajo el mandato de Zapatero, que clasifica\u00a0como secretos o reservados todos los documentos del departamento\u2026<\/p>\n","protected":false},"author":121,"featured_media":0,"comment_status":"open","ping_status":"open","sticky":false,"template":"","format":"standard","meta":{"ngg_post_thumbnail":0},"categories":[48,1,2186,49],"tags":[17251,7488,17250,16238,16237],"blocksy_meta":{"styles_descriptor":{"styles":{"desktop":"","tablet":"","mobile":""},"google_fonts":[],"version":4}},"aioseo_notices":[],"_links":{"self":[{"href":"https:\/\/www.madrimasd.org\/blogs\/Historia_RRII\/wp-json\/wp\/v2\/posts\/130352"}],"collection":[{"href":"https:\/\/www.madrimasd.org\/blogs\/Historia_RRII\/wp-json\/wp\/v2\/posts"}],"about":[{"href":"https:\/\/www.madrimasd.org\/blogs\/Historia_RRII\/wp-json\/wp\/v2\/types\/post"}],"author":[{"embeddable":true,"href":"https:\/\/www.madrimasd.org\/blogs\/Historia_RRII\/wp-json\/wp\/v2\/users\/121"}],"replies":[{"embeddable":true,"href":"https:\/\/www.madrimasd.org\/blogs\/Historia_RRII\/wp-json\/wp\/v2\/comments?post=130352"}],"version-history":[{"count":10,"href":"https:\/\/www.madrimasd.org\/blogs\/Historia_RRII\/wp-json\/wp\/v2\/posts\/130352\/revisions"}],"predecessor-version":[{"id":130584,"href":"https:\/\/www.madrimasd.org\/blogs\/Historia_RRII\/wp-json\/wp\/v2\/posts\/130352\/revisions\/130584"}],"wp:attachment":[{"href":"https:\/\/www.madrimasd.org\/blogs\/Historia_RRII\/wp-json\/wp\/v2\/media?parent=130352"}],"wp:term":[{"taxonomy":"category","embeddable":true,"href":"https:\/\/www.madrimasd.org\/blogs\/Historia_RRII\/wp-json\/wp\/v2\/categories?post=130352"},{"taxonomy":"post_tag","embeddable":true,"href":"https:\/\/www.madrimasd.org\/blogs\/Historia_RRII\/wp-json\/wp\/v2\/tags?post=130352"}],"curies":[{"name":"wp","href":"https:\/\/api.w.org\/{rel}","templated":true}]}}