{"id":125429,"date":"2009-09-25T16:56:00","date_gmt":"2009-09-25T16:56:00","guid":{"rendered":"http:\/\/weblogs.madrimasd.org\/\/astrofisica\/archive\/2009\/09\/25\/125429.aspx"},"modified":"2009-09-25T16:56:00","modified_gmt":"2009-09-25T16:56:00","slug":"retos-cientificos-y-tecnologicos-en-el-desarrollo-de-instrumentacion-astronomica-el-desafio-de-alma-y-e-elt","status":"publish","type":"post","link":"https:\/\/www.madrimasd.org\/blogs\/astrofisica\/2009\/09\/25\/125429","title":{"rendered":"Retos cient\u00edficos y tecnol\u00f3gicos en el desarrollo  de instrumentaci\u00f3n astron\u00f3mica: el desaf\u00edo de ALMA y E-ELT"},"content":{"rendered":"<div align=\"justify\">David Barrado  (LAEX-CAB) <br \/> Jes\u00fas Gallego (UCM) <\/p>\n<p>  Durante estos \u00faltimos tres d\u00edas hemos tenido la satisfacci\u00f3n de coorganizar una <a href=\"http:\/\/laeff.inta.es\/projects\/astrid\/modules.php?op=modload&amp;name=phpWikiP&amp;file=index&amp;pagename=Workshop2009\" target=\"blank\">reuni\u00f3n dedicada al desarrollo instrumental en Astrof\u00edsica<\/a>. Las respuestas a los interrogantes astrof\u00edsicos actuales pasan por el desarrollo de instrumentaci\u00f3n altamente sofisticada que requiere planificaci\u00f3n a largo plazo y grandes recursos humanos y materiales gestionados por iniciativas que a\u00fanen esfuerzos de varias instituciones.  <\/div>\n<p><!--more--><\/p>\n<div align=\"justify\">Espa\u00f1a ha realizado en los \u00faltimos a\u00f1os un serio esfuerzo en este sentido (GTC, ESO, ESA) pero sigue habiendo un desfase notable entre la investigaci\u00f3n astron\u00f3mica a nivel observacional y te\u00f3rico con respecto al desarrollo de instrumentaci\u00f3n. Ahora, la incorporaci\u00f3n a ESO  y los grandes proyectos futuros (ALMA, E-ELT, Cosmic Vision) plantean nuevas exigencias. <\/p>\n<p>  El objetivo de la reuni\u00f3n ha sido reunir a los grupos cient\u00edficos y a las industrias del sector para exponer sus necesidades y proyectos, y compartir experiencias. Ha pretendido tambi\u00e9n servir de eco para concienciar a las agencias financiadoras y a la comunidad astron\u00f3mica en general sobre la necesidad de impulsar decididamente el desarrollo de instrumentaci\u00f3n en Astrof\u00edsica y las herramientas de tratamiento de datos asociadas. La formaci\u00f3n y reconocimiento de una comunidad de astr\u00f3nomos instrumentistas ser\u00e1 fundamental para que Espa\u00f1a este a la altura de su posici\u00f3n en la Astronom\u00eda de las pr\u00f3ximas d\u00e9cadas. Al mismo han acudido  los investigadores principales de los instrumentos propuestos para el telescopio de 42 m E-ELT (European Extremmely Large Telescope), lo que ha hecho de este encuentro el foro perfecto para que la comunidad de astrof\u00edsicos espa\u00f1oles participen directamente en este nuevo desaf\u00edo tecnol\u00f3gico. <\/p>\n<p>  Queremos dar las gracias a: <\/p>\n<p>  Oradores invitados: <br \/>P. \u00c1lvarez (GTC), N. Thate (Oxford Univ.), R. Bachiller (OAN), B. Brandl (Leiden),&nbsp; J.G. Cuby   (OAMP), R. Davies (MPG), F. Favata (ESA), R. Garc\u00eda-L\u00f3pez (IAC), A. Gim\u00e9nez (CAB), J. Torra (UB), F. Gueth (IRAM), F. Hammer (Obs. Paris), D. Hughes (INAO), M. Kasper (ESO), R. Laing (ESO), O. Le F\u00e8vre (OAMP), J. Mart\u00edn Pintado (CAB), M. Mas Hesse (CAB), F. Najarro (CAB), E. Oliva (Arcetri), L. Pasquini (ESO), L. Sabau (INTA), E. Solano (CAB), L. Verdes Montenegro (IAA).<br \/>&nbsp;<br \/>  Comit\u00e9 Cient\u00edfico Organizador: <br \/>  Rafael Bachiller (OAN), Matilde Fern\u00e1ndez (IAA), Ram\u00f3n Garc\u00eda L\u00f3pez (IAC), Jes\u00fas Mart\u00edn-Pintado (CAB), Jordi Torra (UB) <\/p>\n<p>   y al Comit\u00e9 Local Organizador: <br \/>  Marta Abelleira (gestora de ASTRID), Ruyman Azzolini (CSIC), Esther Calle (gestora de la RIA), Carmen Eliche (UCM), David Fedele (UAM), Alicia Fern\u00e1ndez (CAB), Benjam\u00edn Montesinos (coordinador LOC, CAB), Aina Palau (CAB), Ricardo Rizzo (CAB),Carlos Rodrigo (CAB). <\/p>\n<p>  Si hay un corolario de la reuni\u00f3n, es que la Astrof\u00edsica espa\u00f1ola est\u00e1 lista para aceptar retos que impliquen grandes desarrollos tecnol\u00f3gicos. Para ello, son necesarias dos mejoras: la agilizaci\u00f3n de la gesti\u00f3n y la adecuada financiaci\u00f3n.  Esta reuni\u00f3n ha estado financiada por la <a href=\"http:\/\/www.riastronomia.es\/opencms\/opencms\/info.html\" target=\"blank\"> Red de Infraestructuras de Astronom\u00eda <\/a> y por la <a href=\"http:\/\/www.astrid-cm.org\" target=\"blank\">red ASTRID<\/a> de la Comunidad de Madrid.<\/p>\n<p>   <\/div>\n","protected":false},"excerpt":{"rendered":"<p>David Barrado (LAEX-CAB) Jes\u00fas Gallego (UCM) Durante estos \u00faltimos tres d\u00edas hemos tenido la satisfacci\u00f3n de coorganizar una reuni\u00f3n dedicada al desarrollo instrumental en Astrof\u00edsica. Las respuestas a los interrogantes astrof\u00edsicos actuales pasan por el desarrollo de instrumentaci\u00f3n altamente sofisticada que requiere planificaci\u00f3n a largo plazo y grandes recursos humanos y materiales gestionados por iniciativas que a\u00fanen esfuerzos de varias instituciones.<\/p>\n","protected":false},"author":32,"featured_media":0,"comment_status":"open","ping_status":"open","sticky":false,"template":"","format":"standard","meta":{"ngg_post_thumbnail":0},"categories":[557,60],"tags":[],"blocksy_meta":{"styles_descriptor":{"styles":{"desktop":"","tablet":"","mobile":""},"google_fonts":[],"version":4}},"aioseo_notices":[],"_links":{"self":[{"href":"https:\/\/www.madrimasd.org\/blogs\/astrofisica\/wp-json\/wp\/v2\/posts\/125429"}],"collection":[{"href":"https:\/\/www.madrimasd.org\/blogs\/astrofisica\/wp-json\/wp\/v2\/posts"}],"about":[{"href":"https:\/\/www.madrimasd.org\/blogs\/astrofisica\/wp-json\/wp\/v2\/types\/post"}],"author":[{"embeddable":true,"href":"https:\/\/www.madrimasd.org\/blogs\/astrofisica\/wp-json\/wp\/v2\/users\/32"}],"replies":[{"embeddable":true,"href":"https:\/\/www.madrimasd.org\/blogs\/astrofisica\/wp-json\/wp\/v2\/comments?post=125429"}],"version-history":[{"count":0,"href":"https:\/\/www.madrimasd.org\/blogs\/astrofisica\/wp-json\/wp\/v2\/posts\/125429\/revisions"}],"wp:attachment":[{"href":"https:\/\/www.madrimasd.org\/blogs\/astrofisica\/wp-json\/wp\/v2\/media?parent=125429"}],"wp:term":[{"taxonomy":"category","embeddable":true,"href":"https:\/\/www.madrimasd.org\/blogs\/astrofisica\/wp-json\/wp\/v2\/categories?post=125429"},{"taxonomy":"post_tag","embeddable":true,"href":"https:\/\/www.madrimasd.org\/blogs\/astrofisica\/wp-json\/wp\/v2\/tags?post=125429"}],"curies":[{"name":"wp","href":"https:\/\/api.w.org\/{rel}","templated":true}]}}