{"id":21152,"date":"2006-05-05T08:51:00","date_gmt":"2006-05-05T08:51:00","guid":{"rendered":"http:\/\/weblogs.madrimasd.org\/\/astrofisica\/archive\/2006\/05\/05\/21152.aspx"},"modified":"2006-05-05T08:51:00","modified_gmt":"2006-05-05T08:51:00","slug":"estrellas-para-victoria","status":"publish","type":"post","link":"https:\/\/www.madrimasd.org\/blogs\/astrofisica\/2006\/05\/05\/21152","title":{"rendered":"Estrellas para Victoria&#8230;"},"content":{"rendered":"<p>Benjam\u00edn Montesinos y David Barrado<\/p>\n<div align=\"justify\"> Hace unas semanas recibimos en la bit\u00e1cora un mensaje muy entusiasta de Victoria, una ni\u00f1a a la que le entusiasman el cielo y&nbsp; los eclipses. Desde entonces David y yo ten\u00edamos la idea de dedicarle una nota especial a ella, y a todos los ni\u00f1os con curiosidad por mirar el cielo&#8230; as\u00ed es que si andas por ah\u00ed Victoria, esto es para t\u00ed.  <\/div>\n<p> <!--more-->Por si no lo le\u00edsteis, este el mensaje que nos envi\u00f3:<\/p>\n<div style=\"text-align: justify;\"><span style=\"font-style: italic;\">\u00abBueno, hola, esto de los planetas me fascina, cada vez que pasa esto <\/span>[un eclipse de Sol]<span style=\"font-style: italic;\"> y yo no lo vi \u00a1\u00a1\u00a1me quiero matarrrrrr!!!&#8230; <\/span><br style=\"font-style: italic;\" \/> <br style=\"font-style: italic;\" \/> <span style=\"font-style: italic;\">Soy Mar\u00eda Victoria y tengo 11 a\u00f1os, se que soy muy chica, \u00a1\u00a1\u00a1pero no puedo quedarme con esto adentro sin poder decirlo a nadie!!!&#8230; la verdad que esto me fascina, eclipses, planetas, \u00a1\u00a1\u00a1todo!!!&nbsp; pero lo que mas me emociona es que \u00a1\u00a1\u00a1el 22 de septiembre va a ver un eclipse parcial de sol y lo vamos a poder ver!!!. <\/span><span style=\"font-style: italic;\">Yo les juro que si tengo la oportunidad de verlo y me duermo (porque voy a la escuela a las 7.00 de la ma\u00f1ana) les juro que me muero de un infarto al otro dia&#8230;.&nbsp; bueno s\u00f3lo quer\u00eda decir eso, ojal\u00e1 que todos puedan ver a todos los fenomenos y \u00a1\u00a1\u00a1\u00a1mucha suerteeeee!!!! <\/span><br style=\"font-style: italic;\" \/> <br style=\"font-style: italic;\" \/> <span style=\"font-style: italic;\"> Victoria de Saavedra\u00bb <\/span><br style=\"font-style: italic;\" \/>  <\/div>\n<div style=\"text-align: justify;\"> La verdad es que da gusto encontrarse personas as\u00ed y es muy gratificante que alguien te lea y se tome la molestia de contestar con tanto entusiasmo. <\/p>\n<p>Te contar\u00e9 algo que me sucedi\u00f3 hace unos meses dando una charla en un colegio a ni\u00f1os muy peque\u00f1os. En la primera fila hab\u00edan sentado a la ni\u00f1a m\u00e1s peque\u00f1a de la clase, ten\u00eda seis a\u00f1os, se llama Sof\u00eda y es rubia, con el pelo rizado y ojos azules muy atentos. Mientras les proyectaba a los chavales con el ordenador im\u00e1genes bonitas de planetas, estrellas y galaxias&#8230; Sof\u00eda miraba y escrib\u00eda cosas en una libreta peque\u00f1ita.  <\/div>\n<p> <\/p>\n<div style=\"text-align: justify;\"> Cuando termin\u00e9 la charla y despu\u00e9s de montones de preguntas de todos los chicos (\u00ab&#8230;\u00bfqu\u00e9 hay en lo <span style=\"font-style: italic;\">oscuro<\/span> del cielo?\u00bb&#8230; \u00ab&#8230;\u00bfy t\u00fa has ido al espacio?&#8230;\u00bb \u00ab&#8230;\u00bfy al Sol cuanta vida le queda?&#8230;\u00bb), Sof\u00eda me pregunt\u00f3:<\/p>\n<p> -\u00bfMe podr\u00edas firmar en mi cuaderno?<\/p>\n<p> Era la primera vez que alguien me ped\u00eda un aut\u00f3grafo, as\u00ed es que le dije que claro que s\u00ed. Cuando estaba firmando, ella sonri\u00f3 y me di\u00f3 un papel doblado . Le pregunt\u00e9 qu\u00e9 era, y me dijo, <\/p>\n<p> -Aaaah&#8230; \u00a1\u00e1brelo! <\/div>\n<p><img decoding=\"async\" src=\"http:\/\/www.laeff.inta.es\/users\/bmm\/weblog\/sofia.jpg\" align=\"middle\" width=\"400\" \/><\/p>\n<div style=\"text-align: justify;\"> Creo que en la figura escaneada que he puesto se puede ver lo que era: un dibujo de la Luna, la Tierra, Saturno, estrellas, el Sol, y abajo \u00abBenja, de Sof\u00eda para ti\u00bb, y a la izquierda, su firma y un coraz\u00f3n peque\u00f1ito.<\/p>\n<p> Tengo que confesar que es una de las mejores cosas que me han pasado desde que tengo el privilegio de trabajar en este mundo fascinante y de poder comunicarlo, dentro de mis limitaciones, a la gente.<\/p>\n<p> Aquel d\u00eda realmente&nbsp; sal\u00ed flotando del colegio. Ojal\u00e1 haya muchas Victorias y Sof\u00edas en el mundo. <\/div>\n","protected":false},"excerpt":{"rendered":"<p>Benjam\u00edn Montesinos y David Barrado Hace unas semanas recibimos en la bit\u00e1cora un mensaje muy entusiasta de Victoria, una ni\u00f1a a la que le entusiasman el cielo y&nbsp; los eclipses. Desde entonces David y yo ten\u00edamos la idea de dedicarle una nota especial a ella, y a todos los ni\u00f1os con curiosidad por mirar el cielo&#8230; as\u00ed es que si andas por ah\u00ed Victoria, esto es para t\u00ed.<\/p>\n","protected":false},"author":32,"featured_media":0,"comment_status":"open","ping_status":"open","sticky":false,"template":"","format":"standard","meta":{"ngg_post_thumbnail":0},"categories":[64],"tags":[],"blocksy_meta":{"styles_descriptor":{"styles":{"desktop":"","tablet":"","mobile":""},"google_fonts":[],"version":4}},"aioseo_notices":[],"_links":{"self":[{"href":"https:\/\/www.madrimasd.org\/blogs\/astrofisica\/wp-json\/wp\/v2\/posts\/21152"}],"collection":[{"href":"https:\/\/www.madrimasd.org\/blogs\/astrofisica\/wp-json\/wp\/v2\/posts"}],"about":[{"href":"https:\/\/www.madrimasd.org\/blogs\/astrofisica\/wp-json\/wp\/v2\/types\/post"}],"author":[{"embeddable":true,"href":"https:\/\/www.madrimasd.org\/blogs\/astrofisica\/wp-json\/wp\/v2\/users\/32"}],"replies":[{"embeddable":true,"href":"https:\/\/www.madrimasd.org\/blogs\/astrofisica\/wp-json\/wp\/v2\/comments?post=21152"}],"version-history":[{"count":0,"href":"https:\/\/www.madrimasd.org\/blogs\/astrofisica\/wp-json\/wp\/v2\/posts\/21152\/revisions"}],"wp:attachment":[{"href":"https:\/\/www.madrimasd.org\/blogs\/astrofisica\/wp-json\/wp\/v2\/media?parent=21152"}],"wp:term":[{"taxonomy":"category","embeddable":true,"href":"https:\/\/www.madrimasd.org\/blogs\/astrofisica\/wp-json\/wp\/v2\/categories?post=21152"},{"taxonomy":"post_tag","embeddable":true,"href":"https:\/\/www.madrimasd.org\/blogs\/astrofisica\/wp-json\/wp\/v2\/tags?post=21152"}],"curies":[{"name":"wp","href":"https:\/\/api.w.org\/{rel}","templated":true}]}}