{"id":62018,"date":"2007-03-22T11:37:00","date_gmt":"2007-03-22T11:37:00","guid":{"rendered":"http:\/\/weblogs.madrimasd.org\/\/astrofisica\/archive\/2007\/03\/22\/62018.aspx"},"modified":"2007-03-22T11:37:00","modified_gmt":"2007-03-22T11:37:00","slug":"partner-en-la-viii-feria-madrid-es-ciencia","status":"publish","type":"post","link":"https:\/\/www.madrimasd.org\/blogs\/astrofisica\/2007\/03\/22\/62018","title":{"rendered":"PARTNeR en la VIII Feria Madrid es Ciencia"},"content":{"rendered":"<p>Carmen Blasco Fuertes<\/p>\n<div align=\"justify\">\u00bfQuieres ver c\u00f3mo es un radiotelescopio por dentro? El Proyecto Acad\u00e9mico con el RadioTelescopio de NASA en Robledo (<a href=\"http:\/\/www.laeff.esa.es\/partner\" target=\"_blank\">PARTNeR<\/a>) pone a disposici\u00f3n de los visitantes de la feria una \u00abmaqueta\u00bb de una antena con un tama\u00f1o tal que permite ver los aparatos por los que discurre la se\u00f1al de radio hasta que llega a un ordenador.<\/div>\n<p><!--more-->PARTNeR estar\u00e1 presente, como lo ha hecho en los \u00faltimos a\u00f1os, en la VIII Feria \u00abMadrid es Ciencia\u00bb que se celebrar\u00e1 en el Recinto Ferial Juan Carlos I (Madrid) entre el 12 y el 15 de abril del 2007. Como siempre, la entrada es gratuita y podr\u00e9is localizarnos en el stand de <a href=\"http:\/\/www.inta.es\" target=\"_blank\">INTA<\/a>.<\/p>\n<p><img decoding=\"async\" src=\"http:\/\/www.laeff.inta.es\/users\/bmm\/weblog\/antenaPartner.jpg\" align=\"middle\" width=\"450\"><\/p>\n<p>PARTNeR va a desarrollar varias actividades en la Feria:<\/p>\n<ul>\n<li>\u00abMaqueta\u00bb de un radiotelescopio. Su tama\u00f1o ser\u00e1 tal que permitir\u00e1 que los visitantes entren dentro de la antena y observen los distintos aparatos que gu\u00edan y transforman la se\u00f1al de radio hasta que \u00e9sta llega a un ordenador.<\/li>\n<li>Construcci\u00f3n en papel de monturas de radiotelescopios. Este recortable permite llevarnos a casa 2 ejemplos de monturas t\u00edpicas de radiotelescopios: ecuatorial y altazimutal<\/li>\n<li>Conferencias sobre diversos temas relacionados con la radioastronom\u00eda.<\/li>\n<\/ul>\n<p>Todas estas actividades ser\u00e1n guiadas, incluidas las conferencias, por alumnos del Colegio Fray Luis de Le\u00f3n (Madrid).<\/p>\n<p>Si quer\u00e9is obtener m\u00e1s informaci\u00f3n, acudid a la <a href=\"http:\/\/www.laeff.inta.es\/partner\" target=\"_blank\">p\u00e1gina web de PARTNeR<\/a>, en la secci\u00f3n \u00abNovedades\u00bb o a trav\u00e9s de <a href=\"http:\/\/laeff.inta.es\/partner\/novedades\/feriaCiencia.php\" target=\"_blank\">este enlace<\/a>.<\/p>\n<p>Carmen Blasco trabaja en el LAEFF y coordina las actividades del proyecto PARTNeR.<\/p>\n","protected":false},"excerpt":{"rendered":"<p>Carmen Blasco Fuertes \u00bfQuieres ver c\u00f3mo es un radiotelescopio por dentro? El Proyecto Acad\u00e9mico con el RadioTelescopio de NASA en Robledo (PARTNeR) pone a disposici\u00f3n de los visitantes de la feria una \u00abmaqueta\u00bb de una antena con un tama\u00f1o tal que permite ver los aparatos por los que discurre la se\u00f1al de radio hasta que llega a un ordenador.<\/p>\n","protected":false},"author":32,"featured_media":0,"comment_status":"open","ping_status":"open","sticky":false,"template":"","format":"standard","meta":{"ngg_post_thumbnail":0},"categories":[64,562],"tags":[],"blocksy_meta":{"styles_descriptor":{"styles":{"desktop":"","tablet":"","mobile":""},"google_fonts":[],"version":4}},"aioseo_notices":[],"_links":{"self":[{"href":"https:\/\/www.madrimasd.org\/blogs\/astrofisica\/wp-json\/wp\/v2\/posts\/62018"}],"collection":[{"href":"https:\/\/www.madrimasd.org\/blogs\/astrofisica\/wp-json\/wp\/v2\/posts"}],"about":[{"href":"https:\/\/www.madrimasd.org\/blogs\/astrofisica\/wp-json\/wp\/v2\/types\/post"}],"author":[{"embeddable":true,"href":"https:\/\/www.madrimasd.org\/blogs\/astrofisica\/wp-json\/wp\/v2\/users\/32"}],"replies":[{"embeddable":true,"href":"https:\/\/www.madrimasd.org\/blogs\/astrofisica\/wp-json\/wp\/v2\/comments?post=62018"}],"version-history":[{"count":0,"href":"https:\/\/www.madrimasd.org\/blogs\/astrofisica\/wp-json\/wp\/v2\/posts\/62018\/revisions"}],"wp:attachment":[{"href":"https:\/\/www.madrimasd.org\/blogs\/astrofisica\/wp-json\/wp\/v2\/media?parent=62018"}],"wp:term":[{"taxonomy":"category","embeddable":true,"href":"https:\/\/www.madrimasd.org\/blogs\/astrofisica\/wp-json\/wp\/v2\/categories?post=62018"},{"taxonomy":"post_tag","embeddable":true,"href":"https:\/\/www.madrimasd.org\/blogs\/astrofisica\/wp-json\/wp\/v2\/tags?post=62018"}],"curies":[{"name":"wp","href":"https:\/\/api.w.org\/{rel}","templated":true}]}}