{"id":132797,"date":"2011-05-23T10:05:26","date_gmt":"2011-05-23T08:05:26","guid":{"rendered":"http:\/\/www.madrimasd.org\/blogs\/biologia_pensamiento\/?p=132797"},"modified":"2011-06-01T12:56:20","modified_gmt":"2011-06-01T10:56:20","slug":"en-una-oscura-pared-maximo-gorki-interpreta-el-darwinismo-en-mis-universidades","status":"publish","type":"post","link":"https:\/\/www.madrimasd.org\/blogs\/biologia_pensamiento\/2011\/05\/23\/132797","title":{"rendered":"En una oscura pared: M\u00e1ximo Gorki interpreta el darwinismo en Mis Universidades"},"content":{"rendered":"<h1><img decoding=\"async\" class=\"aligncenter\" src=\"http:\/\/www.ruf.rice.edu\/~queller\/Bios334\/Images\/Darwin_portrait.gif\" alt=\"\" width=\"143\" height=\"156\" \/><\/h1>\n<h1><img decoding=\"async\" class=\"aligncenter\" src=\"http:\/\/upload.wikimedia.org\/wikipedia\/commons\/thumb\/6\/6b\/Herzen_ge.png\/200px-Herzen_ge.png\" alt=\"\" width=\"145\" height=\"186\" \/><\/h1>\n<h1><img decoding=\"async\" class=\"aligncenter\" src=\"http:\/\/www.laguia2000.com\/wp-content\/uploads\/2008\/12\/giiuseppe_garibaldi.jpg\" alt=\"\" width=\"135\" height=\"172\" \/><\/h1>\n<p>&nbsp;<\/p>\n<p>&nbsp;<\/p>\n<p>En su relato \u201cMis Universidades\u201d, publicado en 1923 Gorki nos cuenta:<\/p>\n<p>&nbsp;<\/p>\n<p><em>Alguien, no se qui\u00e9n, me present\u00f3 a Andrea Derenkov, due\u00f1o de una peque\u00f1a tienda de comestibles escondida al final de una calleja m\u00edsera y estrecha, al borde de un barranco lleno de basura.<\/em><\/p>\n<p><em> Derenkov-hombre con un brazo baldado, de rostro bondadoso, barba rubia, y ojos inteligentes-, pose\u00eda la mejor biblioteca de libros prohibidos y raros de la ciudad&#8230;&#8230;&#8230;&#8230;&#8230; <\/em><\/p>\n<p>&#8230;&#8230;&#8230;&#8230;&#8230;&#8230;&#8230;<em>Y en silencio examinaba los retratos de Darwin, Herzen y Garibaldi.<\/em><\/p>\n<p>&nbsp;<\/p>\n<p>&nbsp;<\/p>\n<p>Tras la lectura de \u00e9stas l\u00edneas pregunto:<\/p>\n<p>\u00bfC\u00f3mo vino a parar el retrato de Darwin al lado de los de Herzen y Garibaldi?<\/p>\n<p>&nbsp;<\/p>\n<p>Sabemos qui\u00e9n era Garibaldi, militar art\u00edfice de la unificaci\u00f3n de Italia. Por su parte, Herzen ser\u00eda \u00a0Alexander Herzen, a veces escrito \u201cGersen\u201d, un fil\u00f3sofo materialista, ide\u00f3logo de la revoluci\u00f3n de 1848 y padre del liberalismo ruso, que vivi\u00f3 en Londres y Paris donde falleci\u00f3 en 1870.<\/p>\n<p>Pero\u2026\u2026\u00bfQu\u00e9 un\u00eda a los tres retratados adem\u00e1s de compartir espacio en la misma oscura pared? \u00bfPodr\u00eda Darwin ser considerado tambi\u00e9n como libertador?<\/p>\n<p>&nbsp;<\/p>\n<p>Puede que s\u00ed.\u00a0 Veamos porque &#8230;&#8230;&#8230;Unas p\u00e1ginas m\u00e1s adelante Gorki da una pista:<\/p>\n<p>&nbsp;<\/p>\n<p><em>Poco antes de la entrevista yo hab\u00eda leido un libro-creo que de Draper-sobre la lucha del catolicismo contra la ciencia, y me parec\u00eda que todo aquello lo estaba diciendo uno de esos apasionados creyentes en la salvaci\u00f3n del mundo por medio del amor, que, por compasi\u00f3n hacia los hombres, est\u00e1n dispuestos a degollarlos o a quemarlos en la hoguera. El orador llevaba una camisa blanca, de anchas mangas, y encima de ella, un bat\u00edn, gris y viejo, lo que le diferenciaba tambi\u00e9n de todos los dem\u00e1s. Al final de su serm\u00f3n grit\u00f3: <\/em><\/p>\n<p><em>-Pues bien \u00bfEst\u00e1is con Cristo o con Darwin?<\/em><\/p>\n<p><em>Lanz\u00f3 la pregunta como una piedra al rinc\u00f3n donde se hacinaban los j\u00f3venes, sentados unos junto a otros, y desde donde le miraban, con temor o arrobamiento, ojos de muchachos y muchachas. Su discurso deb\u00eda haber asombrado a todos, la gente callaba pensativa, gacha la cabeza. Abarc\u00f3 a todos con una ardiente mirada y agreg\u00f3, severo:<\/em><\/p>\n<p><em>-S\u00f3lo los fariseos pueden intentar unir estos dos or\u00edgenes irreconciliables, y, al hacerlo, se mienten a s\u00ed mismos de un modo vergonzoso y pervierten con la mentira\u00a0 a las gentes\u2026.<\/em><\/p>\n<p>&nbsp;<\/p>\n<p>&nbsp;<\/p>\n<p><strong>Referencia<\/strong><\/p>\n<p>&nbsp;<\/p>\n<p>M\u00e1ximo Gorki.\u00a0 Mis Universidades. Editorial Zero. Colecci\u00f3n \u00abSe hace camino<\/p>\n<p>al andar\u00bb. Serie S n\u00famero 37.<\/p>\n<p>&nbsp;<\/p>\n<h6 style=\"color: #cc9933;\"><strong>Blogalaxia:<\/strong> <a rel=\"tag\" href=\"http:\/\/www.blogalaxia.com\/tags\/Darwin\"><span style=\"font-family: Verdana; color: #999999;\">Darwin<\/span><\/a> <a rel=\"tag\" href=\"http:\/\/www.blogalaxia.com\/tags\/Henzel\"><span style=\"font-family: Verdana; color: #999999;\">Henzel<\/span><\/a> <a rel=\"tag\" href=\"http:\/\/www.blogalaxia.com\/tags\/Garibaldi\"><span style=\"font-family: Verdana; color: #999999;\">Garibaldi<\/span><\/a> <a rel=\"tag\" href=\"http:\/\/www.blogalaxia.com\/tags\/Gorki\"><span style=\"font-family: Verdana; color: #999999;\">Gorki<\/span><\/a> <a rel=\"tag\" href=\"http:\/\/www.blogalaxia.com\/tags\/Ciencia+y+Religi\u00f3n\"><span style=\"font-family: Verdana; color: #999999;\">Ciencia y Religi\u00f3n<\/span><\/a> ~ <strong>Technorati:<\/strong> <a rel=\"tag\" href=\"http:\/\/www.technorati.com\/tag\/Darwin\"><span style=\"font-family: Verdana; color: #999999;\">Darwin<\/span><\/a> <a rel=\"tag\" href=\"http:\/\/www.technorati.com\/tag\/Henzel\"><span style=\"font-family: Verdana; color: #999999;\">Henzel<\/span><\/a> <a rel=\"tag\" href=\"http:\/\/www.technorati.com\/tag\/Garibaldi\"><span style=\"font-family: Verdana; color: #999999;\">Garibaldi<\/span><\/a> <a rel=\"tag\" href=\"http:\/\/www.technorati.com\/tag\/Gorki\"><span style=\"font-family: Verdana; color: #999999;\">Gorki<\/span><\/a> <a rel=\"tag\" href=\"http:\/\/www.technorati.com\/tag\/Ciencia+y+Religi\u00f3n\"><span style=\"font-family: Verdana; color: #999999;\">Ciencia y Religi\u00f3n<\/span><\/a> ~ <strong>AgregaX:<\/strong> <a rel=\"tag\" href=\"http:\/\/www.agregax.es\/etiquetas\/?q=Darwin\"><span style=\"font-family: Verdana; color: #999999;\">Darwin<\/span><\/a> <a rel=\"tag\" href=\"http:\/\/www.agregax.es\/etiquetas\/?q=Henzel\"><span style=\"font-family: Verdana; color: #999999;\">Henzel<\/span><\/a> <a rel=\"tag\" href=\"http:\/\/www.agregax.es\/etiquetas\/?q=Garibaldi\"><span style=\"font-family: Verdana; color: #999999;\">Garibaldi<\/span><\/a> <a rel=\"tag\" href=\"http:\/\/www.agregax.es\/etiquetas\/?q=Gorki\"><span style=\"font-family: Verdana; color: #999999;\">Gorki<\/span><\/a> <a rel=\"tag\" href=\"http:\/\/www.agregax.es\/etiquetas\/?q=Ciencia+y+Religi\u00f3n\"><span style=\"font-family: Verdana; color: #999999;\">Ciencia y Religi\u00f3n<\/span><\/a><\/h6>\n","protected":false},"excerpt":{"rendered":"<p>&nbsp; &nbsp; En su relato \u201cMis Universidades\u201d, publicado en 1923 Gorki nos cuenta: &nbsp; Alguien, no se qui\u00e9n, me present\u00f3 a Andrea Derenkov, due\u00f1o de una peque\u00f1a tienda de comestibles escondida al final de una calleja m\u00edsera y estrecha, al borde de un barranco lleno de basura. Derenkov-hombre con un brazo baldado, de rostro bondadoso, barba rubia, y ojos inteligentes-, pose\u00eda la mejor biblioteca de libros prohibidos y raros de la ciudad&#8230;&#8230;&#8230;&#8230;&#8230; &#8230;&#8230;&#8230;&#8230;&#8230;&#8230;&#8230;Y en silencio examinaba los retratos de Darwin, Herzen y Garibaldi. &nbsp; &nbsp; Tras la lectura de \u00e9stas l\u00edneas pregunto: \u00bfC\u00f3mo vino a parar el retrato de Darwin\u2026<\/p>\n","protected":false},"author":86,"featured_media":0,"comment_status":"open","ping_status":"open","sticky":false,"template":"","format":"standard","meta":{"ngg_post_thumbnail":0},"categories":[467,444,449,488,492,502,498,464,1,494,491],"tags":[22687],"blocksy_meta":{"styles_descriptor":{"styles":{"desktop":"","tablet":"","mobile":""},"google_fonts":[],"version":4}},"aioseo_notices":[],"_links":{"self":[{"href":"https:\/\/www.madrimasd.org\/blogs\/biologia_pensamiento\/wp-json\/wp\/v2\/posts\/132797"}],"collection":[{"href":"https:\/\/www.madrimasd.org\/blogs\/biologia_pensamiento\/wp-json\/wp\/v2\/posts"}],"about":[{"href":"https:\/\/www.madrimasd.org\/blogs\/biologia_pensamiento\/wp-json\/wp\/v2\/types\/post"}],"author":[{"embeddable":true,"href":"https:\/\/www.madrimasd.org\/blogs\/biologia_pensamiento\/wp-json\/wp\/v2\/users\/86"}],"replies":[{"embeddable":true,"href":"https:\/\/www.madrimasd.org\/blogs\/biologia_pensamiento\/wp-json\/wp\/v2\/comments?post=132797"}],"version-history":[{"count":6,"href":"https:\/\/www.madrimasd.org\/blogs\/biologia_pensamiento\/wp-json\/wp\/v2\/posts\/132797\/revisions"}],"predecessor-version":[{"id":132802,"href":"https:\/\/www.madrimasd.org\/blogs\/biologia_pensamiento\/wp-json\/wp\/v2\/posts\/132797\/revisions\/132802"}],"wp:attachment":[{"href":"https:\/\/www.madrimasd.org\/blogs\/biologia_pensamiento\/wp-json\/wp\/v2\/media?parent=132797"}],"wp:term":[{"taxonomy":"category","embeddable":true,"href":"https:\/\/www.madrimasd.org\/blogs\/biologia_pensamiento\/wp-json\/wp\/v2\/categories?post=132797"},{"taxonomy":"post_tag","embeddable":true,"href":"https:\/\/www.madrimasd.org\/blogs\/biologia_pensamiento\/wp-json\/wp\/v2\/tags?post=132797"}],"curies":[{"name":"wp","href":"https:\/\/api.w.org\/{rel}","templated":true}]}}