{"id":139511,"date":"2026-09-03T13:00:02","date_gmt":"2026-09-03T12:00:02","guid":{"rendered":"https:\/\/www.madrimasd.org\/blogs\/ciencia_marina\/?p=139511"},"modified":"2026-09-03T13:00:02","modified_gmt":"2026-09-03T12:00:02","slug":"el-nino-de-2026-un-gigante-en-el-pacifico-que-tambien-puede-sentirse-en-las-rias-gallegas","status":"publish","type":"post","link":"https:\/\/www.madrimasd.org\/blogs\/ciencia_marina\/2026\/09\/03\/139511","title":{"rendered":"El Ni\u00f1o de 2026: un gigante en el Pac\u00edfico que tambi\u00e9n puede sentirse en las r\u00edas gallegas"},"content":{"rendered":"<p>Pocas cosas parecen m\u00e1s ajenas a Galicia que una masa de agua anormalmente caliente flotando en el Pac\u00edfico, junto al ecuador y a m\u00e1s de 8.000 kil\u00f3metros de distancia. Y sin embargo, lo que ocurre all\u00ed en 2026 puede terminar influyendo en las lluvias de la Pen\u00ednsula, en la circulaci\u00f3n atmosf\u00e9rica sobre el Atl\u00e1ntico e, indirectamente, en el funcionamiento de las R\u00edas Baixas. La conexi\u00f3n no es directa ni inevitable; es una larga cadena de probabilidades f\u00edsicas. Pero existe, y conviene entenderla.<\/p>\n<p>El Ni\u00f1o ha vuelto, y con una intensidad poco habitual. A <a href=\"https:\/\/wmo.int\/es\/media\/news\/el-nino-alcanzara-una-intensidad-muy-fuerte-e-incrementara-el-riesgo-de-que-se-produzcan-fenomenos\" target=\"_blank\" rel=\"noopener\">comienzos de septiembre, la Organizaci\u00f3n Meteorol\u00f3gica Mundial da por firmemente establecido el fen\u00f3meno y prev\u00e9 que siga intensific\u00e1ndose<\/a>: la probabilidad de que persista hasta febrero de 2027 es pr\u00e1cticamente del 100 %, y los modelos apuntan a un episodio muy fuerte hacia finales de a\u00f1o, con anomal\u00edas de temperatura superficial ya por encima de 2 \u00b0C en la regi\u00f3n central del Pac\u00edfico. Todo ello, adem\u00e1s, en un planeta que ya es mucho m\u00e1s c\u00e1lido que hace unas d\u00e9cadas.<\/p>\n<p><strong>Qu\u00e9 es realmente El Ni\u00f1o<\/strong><br \/>\nEl Ni\u00f1o forma parte de una oscilaci\u00f3n natural del sistema oc\u00e9ano-atm\u00f3sfera llamada <a href=\"https:\/\/es.wikipedia.org\/wiki\/El_Ni\u00f1o-Oscilaci\u00f3n_del_Sur\" target=\"_blank\" rel=\"noopener\">ENSO (El Ni\u00f1o\u2013Oscilaci\u00f3n del Sur)<\/a>. En condiciones normales, los vientos alisios empujan las aguas superficiales calientes hacia el Pac\u00edfico occidental, y frente a Sudam\u00e9rica ascienden las aguas profundas, fr\u00edas y ricas en nutrientes. Durante El Ni\u00f1o los alisios se debilitan, el agua caliente se desplaza hacia el centro y el este, y el afloramiento frente a Per\u00fa y Ecuador disminuye.<\/p>\n<p>Lo decisivo no es solo que se caliente el oc\u00e9ano, sino que cambien las posiciones de las grandes zonas de lluvias tropicales y, con ellas, el reparto del calor que la atm\u00f3sfera recibe del mar. Esas perturbaciones se propagan mediante ondas planetarias y modifican, a miles de kil\u00f3metros de distancia, las borrascas, los anticiclones y las corrientes en chorro. Es lo que los climat\u00f3logos llaman una teleconexi\u00f3n: por eso, El Ni\u00f1o puede favorecer sequ\u00edas en unas regiones y lluvias torrenciales en otras, sin que el agua caliente del Pac\u00edfico se desplace f\u00edsicamente hasta ellas.<\/p>\n<p><a href=\"https:\/\/www.madrimasd.org\/blogs\/ciencia_marina\/files\/2026\/09\/enso_mechanism.jpg\"><img decoding=\"async\" class=\"aligncenter size-full wp-image-139518\" src=\"https:\/\/www.madrimasd.org\/blogs\/ciencia_marina\/files\/2026\/09\/enso_mechanism.jpg\" alt=\"\" width=\"1376\" height=\"768\" srcset=\"https:\/\/www.madrimasd.org\/blogs\/ciencia_marina\/files\/2026\/09\/enso_mechanism.jpg 1376w, https:\/\/www.madrimasd.org\/blogs\/ciencia_marina\/files\/2026\/09\/enso_mechanism-300x167.jpg 300w, https:\/\/www.madrimasd.org\/blogs\/ciencia_marina\/files\/2026\/09\/enso_mechanism-1024x572.jpg 1024w, https:\/\/www.madrimasd.org\/blogs\/ciencia_marina\/files\/2026\/09\/enso_mechanism-768x429.jpg 768w\" sizes=\"(max-width: 1376px) 100vw, 1376px\" \/><\/a><\/p>\n<p><strong>\u00bfEl mayor El Ni\u00f1o de los \u00faltimos 1.000 a\u00f1os?<\/strong><br \/>\nEn estos d\u00edas se ha repetido que el episodio de 2026 podr\u00eda ser \u00abel mayor de los \u00faltimos 1.000 a\u00f1os\u00bb. Conviene matizarlo. No hay term\u00f3metros que midieran el Pac\u00edfico en el a\u00f1o 1200, pero s\u00ed registros naturales: los corales. Un <a href=\"https:\/\/www.science.org\/doi\/10.1126\/science.ady2660\" target=\"_blank\" rel=\"noopener\">estudio publicado a finales de agosto en Science<\/a> reconstruy\u00f3, a partir de la qu\u00edmica de corales actuales y f\u00f3siles de las Gal\u00e1pagos, la variabilidad de las temperaturas del Pac\u00edfico oriental a lo largo de un milenio.<\/p>\n<p>El resultado es contundente: la variabilidad de ENSO en las \u00faltimas cuatro d\u00e9cadas es un 36,5 % mayor que en el periodo preindustrial reconstruido, y el aumento se debe sobre todo a episodios de El Ni\u00f1o m\u00e1s intensos. Los propios autores presentan la comparaci\u00f3n con modelos como contexto \u2014no como una demostraci\u00f3n cerrada de la causa\u2014, pero el incremento excede la variabilidad natural simulada. No significa que todos los El Ni\u00f1o sean ahora un 36,5 % m\u00e1s fuertes, ni prueba que el de 2026 sea, individualmente, el mayor del milenio. Apunta a algo quiz\u00e1 m\u00e1s importante: el propio comportamiento de ENSO est\u00e1 cambiando en un mundo m\u00e1s caliente.<\/p>\n<p><a href=\"https:\/\/www.madrimasd.org\/blogs\/ciencia_marina\/files\/2026\/09\/corales_galapagos_registro.jpg\"><img decoding=\"async\" class=\"aligncenter size-full wp-image-139519\" src=\"https:\/\/www.madrimasd.org\/blogs\/ciencia_marina\/files\/2026\/09\/corales_galapagos_registro.jpg\" alt=\"\" width=\"1200\" height=\"896\" srcset=\"https:\/\/www.madrimasd.org\/blogs\/ciencia_marina\/files\/2026\/09\/corales_galapagos_registro.jpg 1200w, https:\/\/www.madrimasd.org\/blogs\/ciencia_marina\/files\/2026\/09\/corales_galapagos_registro-300x224.jpg 300w, https:\/\/www.madrimasd.org\/blogs\/ciencia_marina\/files\/2026\/09\/corales_galapagos_registro-1024x765.jpg 1024w, https:\/\/www.madrimasd.org\/blogs\/ciencia_marina\/files\/2026\/09\/corales_galapagos_registro-768x573.jpg 768w\" sizes=\"(max-width: 1200px) 100vw, 1200px\" \/><\/a><\/p>\n<p><strong>\u00bfUn 2027 extraordinariamente c\u00e1lido?<\/strong><br \/>\nEs probable que El Ni\u00f1o a\u00f1ada calor temporal a la temperatura media global, porque el Pac\u00edfico tropical libera enormes cantidades de energ\u00eda a la atm\u00f3sfera; por eso, varios r\u00e9cords hist\u00f3ricos han coincidido con El Ni\u00f1o o con los meses siguientes. Pero hay que separar dos cosas. El calentamiento por gases de efecto invernadero eleva de forma sostenida el nivel de fondo de la temperatura del planeta; El Ni\u00f1o es una oscilaci\u00f3n natural que se superpone a esa tendencia.<\/p>\n<p>Imaginemos una escalera mec\u00e1nica que sube continuamente \u2014el calentamiento global\u2014 sobre la que alguien da de vez en cuando un salto hacia arriba: El Ni\u00f1o. El salto es temporal, pero cada vez se produce desde un escal\u00f3n m\u00e1s alto. Un gran El Ni\u00f1o actual act\u00faa sobre un planeta que ya acumula mucho m\u00e1s calor que durante los grandes episodios del siglo XX.<\/p>\n<p><a href=\"https:\/\/www.madrimasd.org\/blogs\/ciencia_marina\/files\/2026\/09\/escalera_mecanica_clima.jpg\"><img decoding=\"async\" class=\"aligncenter size-full wp-image-139517\" src=\"https:\/\/www.madrimasd.org\/blogs\/ciencia_marina\/files\/2026\/09\/escalera_mecanica_clima.jpg\" alt=\"\" width=\"1200\" height=\"896\" srcset=\"https:\/\/www.madrimasd.org\/blogs\/ciencia_marina\/files\/2026\/09\/escalera_mecanica_clima.jpg 1200w, https:\/\/www.madrimasd.org\/blogs\/ciencia_marina\/files\/2026\/09\/escalera_mecanica_clima-300x224.jpg 300w, https:\/\/www.madrimasd.org\/blogs\/ciencia_marina\/files\/2026\/09\/escalera_mecanica_clima-1024x765.jpg 1024w, https:\/\/www.madrimasd.org\/blogs\/ciencia_marina\/files\/2026\/09\/escalera_mecanica_clima-768x573.jpg 768w\" sizes=\"(max-width: 1200px) 100vw, 1200px\" \/><\/a><\/p>\n<p><strong>\u00bfY en Espa\u00f1a?<\/strong><br \/>\nAqu\u00ed empieza lo complicado, y conviene ser honesto: <a href=\"https:\/\/scispace.com\/papers\/the-role-of-the-stratosphere-in-the-european-climate-4e4xlihjf2\" target=\"_blank\" rel=\"noopener\">la conexi\u00f3n entre El Ni\u00f1o y el clima europeo es una de las m\u00e1s d\u00e9biles e inconsistentes de toda esta historia<\/a>. Entre el Pac\u00edfico tropical y nosotros median miles de kil\u00f3metros, el Atl\u00e1ntico Norte, la corriente en chorro y la estratosfera. No vale, por tanto, la ecuaci\u00f3n \u00abEl Ni\u00f1o = invierno lluvioso en Espa\u00f1a\u00bb.<\/p>\n<p>Existe, eso s\u00ed, una relaci\u00f3n estad\u00edstica entre el ENSO y el invierno europeo. Parte de la se\u00f1al puede transmitirse a trav\u00e9s de la estratosfera y terminar modificando la Oscilaci\u00f3n del Atl\u00e1ntico Norte, uno de los grandes reguladores de nuestro invierno; en algunos episodios se favorecen configuraciones que facilitan la entrada de borrascas por el Atl\u00e1ntico oriental. Pero la relaci\u00f3n no es lineal: depende de la intensidad y del tipo de<\/p>\n<p><strong>El Ni\u00f1o, del momento del invierno y de lo que ocurra simult\u00e1neamente en el Atl\u00e1ntico y en otros oc\u00e9anos.<\/strong><br \/>\n<a href=\"https:\/\/www.aemet.es\/es\/serviciosclimaticos\/prediccion_estacional\" target=\"_blank\" rel=\"noopener\">AEMET prev\u00e9 para el trimestre septiembre-noviembre temperaturas en el tercil superior en toda Espa\u00f1a y mayor probabilidad de precipitaciones por encima de lo normal en el noroeste<\/a>, sobre todo en octubre y noviembre. <a href=\"https:\/\/climate.copernicus.eu\/seasonal-forecasts\" target=\"_blank\" rel=\"noopener\">Copernicus<\/a> tambi\u00e9n prev\u00e9 un oto\u00f1o m\u00e1s h\u00famedo en el oeste y el sur de Europa. Conviene no confundirse: esa previsi\u00f3n la explican, sobre todo, el Mediterr\u00e1neo an\u00f3malamente c\u00e1lido, la NAO y otros factores, no El Ni\u00f1o como causa principal. Que coincida con un gran episodio del Pac\u00edfico no autoriza atribuirle cada lluvia ni cada ola de calor.<\/p>\n<p><strong>Y llegamos a las r\u00edas<\/strong><br \/>\nAqu\u00ed, la pregunta se vuelve interesante porque las <a href=\"https:\/\/www.frontiersin.org\/journals\/marine-science\/articles\/10.3389\/fmars.2021.661250\/full\" target=\"_blank\" rel=\"noopener\">r\u00edas son sistemas extraordinariamente sensibles<\/a> a lo que ocurre simult\u00e1neamente en la atm\u00f3sfera, los r\u00edos y el oc\u00e9ano. Su enorme productividad no es casualidad. En primavera y verano, los vientos del norte favorecen el afloramiento costero: las aguas superficiales se van mar adentro y las sustituyen aguas profundas, fr\u00edas y cargadas de nutrientes que fertilizan las R\u00edas Baixas y sostienen una de las mayores zonas mejilloneras y marisqueras de Europa. Cuando dominan los vientos del sur, ocurre lo contrario \u2014el hundimiento o downwelling\u2014y cambia la circulaci\u00f3n interna de la r\u00eda.<\/p>\n<p>Ah\u00ed es donde una alteraci\u00f3n de la circulaci\u00f3n atmosf\u00e9rica del Atl\u00e1ntico empieza a tener consecuencias biol\u00f3gicas. Si en oto\u00f1o e invierno aumentasen las lluvias sobre Galicia, crecer\u00eda el caudal de los r\u00edos, entrar\u00eda m\u00e1s agua dulce en las r\u00edas, bajar\u00eda la salinidad superficial y aumentar\u00eda la estratificaci\u00f3n: una capa ligera sobre aguas marinas m\u00e1s densas. D\u00e9cadas de oceanograf\u00eda han demostrado que la interacci\u00f3n entre caudal, viento, afloramiento y hundimiento determina la circulaci\u00f3n, los nutrientes, la productividad y hasta qu\u00e9 comunidades de fitoplancton proliferan. Un invierno muy lluvioso no solo llena embalses: cambia la estructura f\u00edsica del ecosistema costero.<\/p>\n<p><a href=\"https:\/\/www.madrimasd.org\/blogs\/ciencia_marina\/files\/2026\/09\/dinamica_rias_baixas.jpg\"><img decoding=\"async\" class=\"aligncenter size-full wp-image-139520\" src=\"https:\/\/www.madrimasd.org\/blogs\/ciencia_marina\/files\/2026\/09\/dinamica_rias_baixas.jpg\" alt=\"\" width=\"1376\" height=\"768\" srcset=\"https:\/\/www.madrimasd.org\/blogs\/ciencia_marina\/files\/2026\/09\/dinamica_rias_baixas.jpg 1376w, https:\/\/www.madrimasd.org\/blogs\/ciencia_marina\/files\/2026\/09\/dinamica_rias_baixas-300x167.jpg 300w, https:\/\/www.madrimasd.org\/blogs\/ciencia_marina\/files\/2026\/09\/dinamica_rias_baixas-1024x572.jpg 1024w, https:\/\/www.madrimasd.org\/blogs\/ciencia_marina\/files\/2026\/09\/dinamica_rias_baixas-768x429.jpg 768w\" sizes=\"(max-width: 1376px) 100vw, 1376px\" \/><\/a><\/p>\n<p><strong>\u00bfY el mejill\u00f3n y las mareas rojas? <\/strong><\/p>\n<p>Aqu\u00ed toca prudencia extrema. No existe una relaci\u00f3n sencilla del tipo \u00abEl Ni\u00f1o provoca mareas rojas en Galicia\u00bb. S\u00ed, sabemos que <a href=\"https:\/\/www.frontiersin.org\/journals\/marine-science\/articles\/10.3389\/fmars.2024.1330090\/full\" target=\"_blank\" rel=\"noopener\">ciertos dinoflagelados potencialmente t\u00f3xicos<\/a> responden con fuerza a la circulaci\u00f3n de las r\u00edas: el afloramiento aporta nutrientes y las fases de relajaci\u00f3n y hundimiento pueden retener y concentrar sus poblaciones en el interior de las Baixas. Algunas especies proliferan preferentemente tras periodos lluviosos que generan esa fina capa superficial c\u00e1lida y poco salina. Si el episodio de 2026-2027 alterase de forma persistente las lluvias, los vientos y los caudales del noroeste, podr\u00eda modificar indirectamente el fitoplancton, el intercambio con la plataforma y, con ellos, la producci\u00f3n marisquera. Pero todav\u00eda es pronto para predecir en qu\u00e9 sentido.<\/p>\n<p><strong>Lejos del Pac\u00edfico, no aislada del planeta<\/strong><br \/>\nQuiz\u00e1 esta sea la lecci\u00f3n. Un calentamiento del oc\u00e9ano a m\u00e1s de 8.000 kil\u00f3metros de las C\u00edes puede alterar la convecci\u00f3n tropical, generar ondas atmosf\u00e9ricas, modificar la circulaci\u00f3n del hemisferio norte y, finalmente, cambiar las probabilidades de lluvia y viento sobre Galicia; despu\u00e9s, unos pocos d\u00edas de viento bastan para alterar la circulaci\u00f3n de una r\u00eda.<\/p>\n<p>Por eso la pregunta del t\u00edtulo tiene trampa. \u00bfLlegar\u00e1 El Ni\u00f1o a las r\u00edas? El agua caliente del Pac\u00edfico, evidentemente, no. Lo que puede llegar es su se\u00f1al atmosf\u00e9rica, muy diluida y nada garantizada. Y si alcanza el Atl\u00e1ntico, ser\u00e1n nuestros vientos, nuestras lluvias y nuestros r\u00edos \u2014no el Pac\u00edfico\u2014 los que decidan qu\u00e9 ocurre finalmente en las r\u00edas. La respuesta honesta hoy es que probablemente notaremos poco, con certeza, y que ni siquiera sabemos cu\u00e1l es el signo. Reconocerlo no es una debilidad del argumento: es exactamente de lo que trata la ciencia del clima.<\/p>\n<p>Conviene terminar sin alarmismo ni soluciones falsas. A El Ni\u00f1o no se le combate: es un fen\u00f3meno planetario que nos supera por completo. Lo que s\u00ed est\u00e1 en nuestra mano es lo de siempre, y funciona con El Ni\u00f1o o sin \u00e9l. Galicia dispone de un sistema de vigilancia del fitoplancton y de las biotoxinas que abre y cierra las zonas de marisqueo seg\u00fan lo que miden las boyas y los laboratorios, no seg\u00fan lo que ocurra en el Pac\u00edfico. Ese es nuestro verdadero seguro. Las previsiones estacionales, con toda su incertidumbre, ayudan a planificar, y la experiencia acumulada en las r\u00edas permite anticipar c\u00f3mo responde el sistema ante un invierno m\u00e1s lluvioso o m\u00e1s seco. No es control del clima \u2014eso no existe\u2014, sino la modesta y eficaz costumbre de observar el mar antes de confiarse a \u00e9l.<\/p>\n","protected":false},"excerpt":{"rendered":"<p>Pocas cosas parecen m\u00e1s ajenas a Galicia que una masa de agua anormalmente caliente flotando en el Pac\u00edfico, junto al ecuador y a m\u00e1s de 8.000 kil\u00f3metros de distancia. Y sin embargo, lo que ocurre all\u00ed en 2026 puede terminar influyendo en las lluvias de la Pen\u00ednsula, en la circulaci\u00f3n atmosf\u00e9rica sobre el Atl\u00e1ntico e, indirectamente, en el funcionamiento de las R\u00edas Baixas. La conexi\u00f3n no es directa ni inevitable; es una larga cadena de probabilidades f\u00edsicas. Pero existe, y conviene entenderla. El Ni\u00f1o ha vuelto, y con una intensidad poco habitual. A comienzos de septiembre, la Organizaci\u00f3n Meteorol\u00f3gica Mundial\u2026<\/p>\n","protected":false},"author":77,"featured_media":0,"comment_status":"open","ping_status":"closed","sticky":false,"template":"","format":"standard","meta":{"_monsterinsights_skip_tracking":false,"_monsterinsights_sitenote_active":false,"_monsterinsights_sitenote_note":"","_monsterinsights_sitenote_category":0,"ngg_post_thumbnail":0},"categories":[363,1],"tags":[],"blocksy_meta":{"styles_descriptor":{"styles":{"desktop":"","tablet":"","mobile":""},"google_fonts":[],"version":4}},"aioseo_notices":[],"aioseo_head":"\n\t\t<!-- All in One SEO 5.0.1.1 - aioseo.com -->\n\t<meta name=\"description\" content=\"Pocas cosas parecen m\u00e1s ajenas a Galicia que una masa de agua anormalmente caliente flotando en el Pac\u00edfico, junto al ecuador y a m\u00e1s de 8.000 kil\u00f3metros de distancia. Y sin embargo, lo que ocurre all\u00ed en 2026 puede terminar influyendo en las lluvias de la Pen\u00ednsula, en la circulaci\u00f3n atmosf\u00e9rica sobre el Atl\u00e1ntico e,\" \/>\n\t<meta name=\"robots\" content=\"max-image-preview:large\" \/>\n\t<meta name=\"author\" content=\"Antonio Figueras\"\/>\n\t<link rel=\"canonical\" href=\"https:\/\/www.madrimasd.org\/blogs\/ciencia_marina\/2026\/09\/03\/139511\" \/>\n\t<meta name=\"generator\" content=\"All in One SEO (AIOSEO) 5.0.1.1\" \/>\n\t\t<meta property=\"og:locale\" content=\"es_ES\" \/>\n\t\t<meta property=\"og:site_name\" content=\"Ciencia Marina y otros asuntos -\" \/>\n\t\t<meta property=\"og:type\" content=\"article\" \/>\n\t\t<meta property=\"og:title\" content=\"El Ni\u00f1o de 2026: un gigante en el Pac\u00edfico que tambi\u00e9n puede sentirse en las r\u00edas gallegas - Ciencia Marina y otros asuntos\" \/>\n\t\t<meta property=\"og:description\" content=\"Pocas cosas parecen m\u00e1s ajenas a Galicia que una masa de agua anormalmente caliente flotando en el Pac\u00edfico, junto al ecuador y a m\u00e1s de 8.000 kil\u00f3metros de distancia. Y sin embargo, lo que ocurre all\u00ed en 2026 puede terminar influyendo en las lluvias de la Pen\u00ednsula, en la circulaci\u00f3n atmosf\u00e9rica sobre el Atl\u00e1ntico e,\" \/>\n\t\t<meta property=\"og:url\" content=\"https:\/\/www.madrimasd.org\/blogs\/ciencia_marina\/2026\/09\/03\/139511\" \/>\n\t\t<meta property=\"og:image\" content=\"https:\/\/www.madrimasd.org\/blogs\/ciencia_marina\/files\/2022\/02\/logo.png\" \/>\n\t\t<meta property=\"og:image:secure_url\" content=\"https:\/\/www.madrimasd.org\/blogs\/ciencia_marina\/files\/2022\/02\/logo.png\" \/>\n\t\t<meta property=\"article:published_time\" content=\"2026-09-03T12:00:02+00:00\" \/>\n\t\t<meta property=\"article:modified_time\" content=\"2026-09-03T12:00:02+00:00\" \/>\n\t\t<meta name=\"twitter:card\" content=\"summary\" \/>\n\t\t<meta name=\"twitter:title\" content=\"El Ni\u00f1o de 2026: un gigante en el Pac\u00edfico que tambi\u00e9n puede sentirse en las r\u00edas gallegas - Ciencia Marina y otros asuntos\" \/>\n\t\t<meta name=\"twitter:description\" content=\"Pocas cosas parecen m\u00e1s ajenas a Galicia que una masa de agua anormalmente caliente flotando en el Pac\u00edfico, junto al ecuador y a m\u00e1s de 8.000 kil\u00f3metros de distancia. Y sin embargo, lo que ocurre all\u00ed en 2026 puede terminar influyendo en las lluvias de la Pen\u00ednsula, en la circulaci\u00f3n atmosf\u00e9rica sobre el Atl\u00e1ntico e,\" \/>\n\t\t<meta name=\"twitter:image\" content=\"https:\/\/www.madrimasd.org\/blogs\/ciencia_marina\/files\/2022\/02\/logo.png\" \/>\n\t\t<script type=\"application\/ld+json\" class=\"aioseo-schema\">\n\t\t\t{\"@context\":\"https:\\\/\\\/schema.org\",\"@graph\":[{\"@type\":\"BlogPosting\",\"@id\":\"https:\\\/\\\/www.madrimasd.org\\\/blogs\\\/ciencia_marina\\\/2026\\\/09\\\/03\\\/139511#blogposting\",\"name\":\"El Ni\\u00f1o de 2026: un gigante en el Pac\\u00edfico que tambi\\u00e9n puede sentirse en las r\\u00edas gallegas - Ciencia Marina y otros asuntos\",\"headline\":\"El Ni\\u00f1o de 2026: un gigante en el Pac\\u00edfico que tambi\\u00e9n puede sentirse en las r\\u00edas gallegas\",\"author\":{\"@id\":\"https:\\\/\\\/www.madrimasd.org\\\/blogs\\\/ciencia_marina\\\/author\\\/cienciamarina#author\"},\"publisher\":{\"@id\":\"https:\\\/\\\/www.madrimasd.org\\\/blogs\\\/ciencia_marina\\\/#person\"},\"image\":{\"@type\":\"ImageObject\",\"url\":\"https:\\\/\\\/www.madrimasd.org\\\/blogs\\\/ciencia_marina\\\/files\\\/2026\\\/09\\\/enso_mechanism.jpg\",\"@id\":\"https:\\\/\\\/www.madrimasd.org\\\/blogs\\\/ciencia_marina\\\/2026\\\/09\\\/03\\\/139511\\\/#articleImage\",\"width\":1376,\"height\":768},\"datePublished\":\"2026-09-03T13:00:02+01:00\",\"dateModified\":\"2026-09-03T13:00:02+01:00\",\"inLanguage\":\"es-ES\",\"mainEntityOfPage\":{\"@id\":\"https:\\\/\\\/www.madrimasd.org\\\/blogs\\\/ciencia_marina\\\/2026\\\/09\\\/03\\\/139511#webpage\"},\"isPartOf\":{\"@id\":\"https:\\\/\\\/www.madrimasd.org\\\/blogs\\\/ciencia_marina\\\/2026\\\/09\\\/03\\\/139511#webpage\"},\"articleSection\":\"Cambio global, General\"},{\"@type\":\"BreadcrumbList\",\"@id\":\"https:\\\/\\\/www.madrimasd.org\\\/blogs\\\/ciencia_marina\\\/2026\\\/09\\\/03\\\/139511#breadcrumblist\",\"itemListElement\":[{\"@type\":\"ListItem\",\"@id\":\"https:\\\/\\\/www.madrimasd.org\\\/blogs\\\/ciencia_marina#listItem\",\"position\":1,\"name\":\"Home\",\"item\":\"https:\\\/\\\/www.madrimasd.org\\\/blogs\\\/ciencia_marina\",\"nextItem\":{\"@type\":\"ListItem\",\"@id\":\"https:\\\/\\\/www.madrimasd.org\\\/blogs\\\/ciencia_marina\\\/category\\\/general#listItem\",\"name\":\"General\"}},{\"@type\":\"ListItem\",\"@id\":\"https:\\\/\\\/www.madrimasd.org\\\/blogs\\\/ciencia_marina\\\/category\\\/general#listItem\",\"position\":2,\"name\":\"General\",\"item\":\"https:\\\/\\\/www.madrimasd.org\\\/blogs\\\/ciencia_marina\\\/category\\\/general\",\"nextItem\":{\"@type\":\"ListItem\",\"@id\":\"https:\\\/\\\/www.madrimasd.org\\\/blogs\\\/ciencia_marina\\\/2026\\\/09\\\/03\\\/139511#listItem\",\"name\":\"El Ni\\u00f1o de 2026: un gigante en el Pac\\u00edfico que tambi\\u00e9n puede sentirse en las r\\u00edas gallegas\"},\"previousItem\":{\"@type\":\"ListItem\",\"@id\":\"https:\\\/\\\/www.madrimasd.org\\\/blogs\\\/ciencia_marina#listItem\",\"name\":\"Home\"}},{\"@type\":\"ListItem\",\"@id\":\"https:\\\/\\\/www.madrimasd.org\\\/blogs\\\/ciencia_marina\\\/2026\\\/09\\\/03\\\/139511#listItem\",\"position\":3,\"name\":\"El Ni\\u00f1o de 2026: un gigante en el Pac\\u00edfico que tambi\\u00e9n puede sentirse en las r\\u00edas gallegas\",\"previousItem\":{\"@type\":\"ListItem\",\"@id\":\"https:\\\/\\\/www.madrimasd.org\\\/blogs\\\/ciencia_marina\\\/category\\\/general#listItem\",\"name\":\"General\"}}]},{\"@type\":\"Person\",\"@id\":\"https:\\\/\\\/www.madrimasd.org\\\/blogs\\\/ciencia_marina\\\/author\\\/cienciamarina#author\",\"url\":\"https:\\\/\\\/www.madrimasd.org\\\/blogs\\\/ciencia_marina\\\/author\\\/cienciamarina\",\"name\":\"Antonio Figueras\"},{\"@type\":\"WebPage\",\"@id\":\"https:\\\/\\\/www.madrimasd.org\\\/blogs\\\/ciencia_marina\\\/2026\\\/09\\\/03\\\/139511#webpage\",\"url\":\"https:\\\/\\\/www.madrimasd.org\\\/blogs\\\/ciencia_marina\\\/2026\\\/09\\\/03\\\/139511\",\"name\":\"El Ni\\u00f1o de 2026: un gigante en el Pac\\u00edfico que tambi\\u00e9n puede sentirse en las r\\u00edas gallegas - Ciencia Marina y otros asuntos\",\"description\":\"Pocas cosas parecen m\\u00e1s ajenas a Galicia que una masa de agua anormalmente caliente flotando en el Pac\\u00edfico, junto al ecuador y a m\\u00e1s de 8.000 kil\\u00f3metros de distancia. Y sin embargo, lo que ocurre all\\u00ed en 2026 puede terminar influyendo en las lluvias de la Pen\\u00ednsula, en la circulaci\\u00f3n atmosf\\u00e9rica sobre el Atl\\u00e1ntico e,\",\"inLanguage\":\"es-ES\",\"isPartOf\":{\"@id\":\"https:\\\/\\\/www.madrimasd.org\\\/blogs\\\/ciencia_marina\\\/#website\"},\"breadcrumb\":{\"@id\":\"https:\\\/\\\/www.madrimasd.org\\\/blogs\\\/ciencia_marina\\\/2026\\\/09\\\/03\\\/139511#breadcrumblist\"},\"author\":{\"@id\":\"https:\\\/\\\/www.madrimasd.org\\\/blogs\\\/ciencia_marina\\\/author\\\/cienciamarina#author\"},\"creator\":{\"@id\":\"https:\\\/\\\/www.madrimasd.org\\\/blogs\\\/ciencia_marina\\\/author\\\/cienciamarina#author\"},\"datePublished\":\"2026-09-03T13:00:02+01:00\",\"dateModified\":\"2026-09-03T13:00:02+01:00\"},{\"@type\":\"WebSite\",\"@id\":\"https:\\\/\\\/www.madrimasd.org\\\/blogs\\\/ciencia_marina\\\/#website\",\"url\":\"https:\\\/\\\/www.madrimasd.org\\\/blogs\\\/ciencia_marina\\\/\",\"name\":\"Ciencia Marina y otros asuntos\",\"alternateName\":\"Ciencia Marina y otros asuntos: divulgaci\\u00f3n sobre biolog\\u00eda marina, cambio global, oceans y energ\\u00edas marinas, investigaciones actuales y la relaci\\u00f3n entre ciencia y sociedad.\",\"inLanguage\":\"es-ES\",\"publisher\":{\"@id\":\"https:\\\/\\\/www.madrimasd.org\\\/blogs\\\/ciencia_marina\\\/#person\"}}]}\n\t\t<\/script>\n\t\t<!-- All in One SEO -->\n\n","aioseo_head_json":{"title":"El Ni\u00f1o de 2026: un gigante en el Pac\u00edfico que tambi\u00e9n puede sentirse en las r\u00edas gallegas - Ciencia Marina y otros asuntos","description":"Pocas cosas parecen m\u00e1s ajenas a Galicia que una masa de agua anormalmente caliente flotando en el Pac\u00edfico, junto al ecuador y a m\u00e1s de 8.000 kil\u00f3metros de distancia. Y sin embargo, lo que ocurre all\u00ed en 2026 puede terminar influyendo en las lluvias de la Pen\u00ednsula, en la circulaci\u00f3n atmosf\u00e9rica sobre el Atl\u00e1ntico e,","canonical_url":"https:\/\/www.madrimasd.org\/blogs\/ciencia_marina\/2026\/09\/03\/139511","robots":"max-image-preview:large","keywords":"","webmasterTools":{"miscellaneous":""},"schema":{"@context":"https:\/\/schema.org","@graph":[{"@type":"BlogPosting","@id":"https:\/\/www.madrimasd.org\/blogs\/ciencia_marina\/2026\/09\/03\/139511#blogposting","name":"El Ni\u00f1o de 2026: un gigante en el Pac\u00edfico que tambi\u00e9n puede sentirse en las r\u00edas gallegas - Ciencia Marina y otros asuntos","headline":"El Ni\u00f1o de 2026: un gigante en el Pac\u00edfico que tambi\u00e9n puede sentirse en las r\u00edas gallegas","author":{"@id":"https:\/\/www.madrimasd.org\/blogs\/ciencia_marina\/author\/cienciamarina#author"},"publisher":{"@id":"https:\/\/www.madrimasd.org\/blogs\/ciencia_marina\/#person"},"image":{"@type":"ImageObject","url":"https:\/\/www.madrimasd.org\/blogs\/ciencia_marina\/files\/2026\/09\/enso_mechanism.jpg","@id":"https:\/\/www.madrimasd.org\/blogs\/ciencia_marina\/2026\/09\/03\/139511\/#articleImage","width":1376,"height":768},"datePublished":"2026-09-03T13:00:02+01:00","dateModified":"2026-09-03T13:00:02+01:00","inLanguage":"es-ES","mainEntityOfPage":{"@id":"https:\/\/www.madrimasd.org\/blogs\/ciencia_marina\/2026\/09\/03\/139511#webpage"},"isPartOf":{"@id":"https:\/\/www.madrimasd.org\/blogs\/ciencia_marina\/2026\/09\/03\/139511#webpage"},"articleSection":"Cambio global, General"},{"@type":"BreadcrumbList","@id":"https:\/\/www.madrimasd.org\/blogs\/ciencia_marina\/2026\/09\/03\/139511#breadcrumblist","itemListElement":[{"@type":"ListItem","@id":"https:\/\/www.madrimasd.org\/blogs\/ciencia_marina#listItem","position":1,"name":"Home","item":"https:\/\/www.madrimasd.org\/blogs\/ciencia_marina","nextItem":{"@type":"ListItem","@id":"https:\/\/www.madrimasd.org\/blogs\/ciencia_marina\/category\/general#listItem","name":"General"}},{"@type":"ListItem","@id":"https:\/\/www.madrimasd.org\/blogs\/ciencia_marina\/category\/general#listItem","position":2,"name":"General","item":"https:\/\/www.madrimasd.org\/blogs\/ciencia_marina\/category\/general","nextItem":{"@type":"ListItem","@id":"https:\/\/www.madrimasd.org\/blogs\/ciencia_marina\/2026\/09\/03\/139511#listItem","name":"El Ni\u00f1o de 2026: un gigante en el Pac\u00edfico que tambi\u00e9n puede sentirse en las r\u00edas gallegas"},"previousItem":{"@type":"ListItem","@id":"https:\/\/www.madrimasd.org\/blogs\/ciencia_marina#listItem","name":"Home"}},{"@type":"ListItem","@id":"https:\/\/www.madrimasd.org\/blogs\/ciencia_marina\/2026\/09\/03\/139511#listItem","position":3,"name":"El Ni\u00f1o de 2026: un gigante en el Pac\u00edfico que tambi\u00e9n puede sentirse en las r\u00edas gallegas","previousItem":{"@type":"ListItem","@id":"https:\/\/www.madrimasd.org\/blogs\/ciencia_marina\/category\/general#listItem","name":"General"}}]},{"@type":"Person","@id":"https:\/\/www.madrimasd.org\/blogs\/ciencia_marina\/author\/cienciamarina#author","url":"https:\/\/www.madrimasd.org\/blogs\/ciencia_marina\/author\/cienciamarina","name":"Antonio Figueras"},{"@type":"WebPage","@id":"https:\/\/www.madrimasd.org\/blogs\/ciencia_marina\/2026\/09\/03\/139511#webpage","url":"https:\/\/www.madrimasd.org\/blogs\/ciencia_marina\/2026\/09\/03\/139511","name":"El Ni\u00f1o de 2026: un gigante en el Pac\u00edfico que tambi\u00e9n puede sentirse en las r\u00edas gallegas - Ciencia Marina y otros asuntos","description":"Pocas cosas parecen m\u00e1s ajenas a Galicia que una masa de agua anormalmente caliente flotando en el Pac\u00edfico, junto al ecuador y a m\u00e1s de 8.000 kil\u00f3metros de distancia. Y sin embargo, lo que ocurre all\u00ed en 2026 puede terminar influyendo en las lluvias de la Pen\u00ednsula, en la circulaci\u00f3n atmosf\u00e9rica sobre el Atl\u00e1ntico e,","inLanguage":"es-ES","isPartOf":{"@id":"https:\/\/www.madrimasd.org\/blogs\/ciencia_marina\/#website"},"breadcrumb":{"@id":"https:\/\/www.madrimasd.org\/blogs\/ciencia_marina\/2026\/09\/03\/139511#breadcrumblist"},"author":{"@id":"https:\/\/www.madrimasd.org\/blogs\/ciencia_marina\/author\/cienciamarina#author"},"creator":{"@id":"https:\/\/www.madrimasd.org\/blogs\/ciencia_marina\/author\/cienciamarina#author"},"datePublished":"2026-09-03T13:00:02+01:00","dateModified":"2026-09-03T13:00:02+01:00"},{"@type":"WebSite","@id":"https:\/\/www.madrimasd.org\/blogs\/ciencia_marina\/#website","url":"https:\/\/www.madrimasd.org\/blogs\/ciencia_marina\/","name":"Ciencia Marina y otros asuntos","alternateName":"Ciencia Marina y otros asuntos: divulgaci\u00f3n sobre biolog\u00eda marina, cambio global, oceans y energ\u00edas marinas, investigaciones actuales y la relaci\u00f3n entre ciencia y sociedad.","inLanguage":"es-ES","publisher":{"@id":"https:\/\/www.madrimasd.org\/blogs\/ciencia_marina\/#person"}}]},"og:locale":"es_ES","og:site_name":"Ciencia Marina y otros asuntos -","og:type":"article","og:title":"El Ni\u00f1o de 2026: un gigante en el Pac\u00edfico que tambi\u00e9n puede sentirse en las r\u00edas gallegas - Ciencia Marina y otros asuntos","og:description":"Pocas cosas parecen m\u00e1s ajenas a Galicia que una masa de agua anormalmente caliente flotando en el Pac\u00edfico, junto al ecuador y a m\u00e1s de 8.000 kil\u00f3metros de distancia. Y sin embargo, lo que ocurre all\u00ed en 2026 puede terminar influyendo en las lluvias de la Pen\u00ednsula, en la circulaci\u00f3n atmosf\u00e9rica sobre el Atl\u00e1ntico e,","og:url":"https:\/\/www.madrimasd.org\/blogs\/ciencia_marina\/2026\/09\/03\/139511","og:image":"https:\/\/www.madrimasd.org\/blogs\/ciencia_marina\/files\/2022\/02\/logo.png","og:image:secure_url":"https:\/\/www.madrimasd.org\/blogs\/ciencia_marina\/files\/2022\/02\/logo.png","article:published_time":"2026-09-03T12:00:02+00:00","article:modified_time":"2026-09-03T12:00:02+00:00","twitter:card":"summary","twitter:title":"El Ni\u00f1o de 2026: un gigante en el Pac\u00edfico que tambi\u00e9n puede sentirse en las r\u00edas gallegas - Ciencia Marina y otros asuntos","twitter:description":"Pocas cosas parecen m\u00e1s ajenas a Galicia que una masa de agua anormalmente caliente flotando en el Pac\u00edfico, junto al ecuador y a m\u00e1s de 8.000 kil\u00f3metros de distancia. Y sin embargo, lo que ocurre all\u00ed en 2026 puede terminar influyendo en las lluvias de la Pen\u00ednsula, en la circulaci\u00f3n atmosf\u00e9rica sobre el Atl\u00e1ntico e,","twitter:image":"https:\/\/www.madrimasd.org\/blogs\/ciencia_marina\/files\/2022\/02\/logo.png"},"aioseo_meta_data":{"post_id":"139511","title":null,"description":null,"keywords":null,"keyphrases":{"focus":{"keyphrase":"","score":0,"analysis":{"keyphraseInTitle":{"score":0,"maxScore":9,"error":1}}},"additional":[]},"primary_term":null,"canonical_url":null,"og_title":null,"og_description":null,"og_object_type":"default","og_image_type":"default","og_image_url":null,"og_image_width":null,"og_image_height":null,"og_image_custom_url":null,"og_image_custom_fields":null,"og_video":"","og_custom_url":null,"og_article_section":null,"og_article_tags":null,"twitter_use_og":false,"twitter_card":"default","twitter_image_type":"default","twitter_image_url":null,"twitter_image_custom_url":null,"twitter_image_custom_fields":null,"twitter_title":null,"twitter_description":null,"schema":{"blockGraphs":[],"customGraphs":[],"default":{"data":{"Article":[],"Course":[],"Dataset":[],"FAQPage":[],"Movie":[],"Person":[],"Product":[],"ProductReview":[],"Car":[],"Recipe":[],"Service":[],"SoftwareApplication":[],"WebPage":[]},"graphName":"BlogPosting","isEnabled":true},"graphs":[]},"schema_type":"default","schema_type_options":null,"pillar_content":false,"robots_default":true,"robots_noindex":false,"robots_noarchive":false,"robots_nosnippet":false,"robots_nofollow":false,"robots_noimageindex":false,"robots_noodp":false,"robots_notranslate":false,"robots_max_snippet":"-1","robots_max_videopreview":"-1","robots_max_imagepreview":"large","priority":null,"frequency":"default","local_seo":null,"limit_modified_date":false,"created":"2026-09-03 11:36:18","updated":"2026-09-03 12:00:02","ai":{"faqs":[],"keyPoints":[],"schemas":[],"titles":[],"descriptions":[],"socialPosts":{"email":{"subject":"","preview":"","content":""},"linkedin":[],"twitter":[],"facebook":[],"instagram":[]}},"breadcrumb_settings":null,"seo_analyzer_scan_date":null,"focus_keyword":null,"additional_keywords":null,"truseo_locale":null},"aioseo_breadcrumb":"<div class=\"aioseo-breadcrumbs\"><span class=\"aioseo-breadcrumb\">\n\t\t\t<a href=\"https:\/\/www.madrimasd.org\/blogs\/ciencia_marina\" title=\"Home\">Home<\/a>\n\t\t<\/span><span class=\"aioseo-breadcrumb-separator\">\u00bb<\/span><span class=\"aioseo-breadcrumb\">\n\t\t\t<a href=\"https:\/\/www.madrimasd.org\/blogs\/ciencia_marina\/category\/general\" title=\"General\">General<\/a>\n\t\t<\/span><span class=\"aioseo-breadcrumb-separator\">\u00bb<\/span><span class=\"aioseo-breadcrumb\">\n\t\t\tEl Ni\u00f1o de 2026: un gigante en el Pac\u00edfico que tambi\u00e9n puede sentirse en las r\u00edas gallegas\n\t\t<\/span><\/div>","aioseo_breadcrumb_json":[{"label":"Home","link":"https:\/\/www.madrimasd.org\/blogs\/ciencia_marina"},{"label":"General","link":"https:\/\/www.madrimasd.org\/blogs\/ciencia_marina\/category\/general"},{"label":"El Ni\u00f1o de 2026: un gigante en el Pac\u00edfico que tambi\u00e9n puede sentirse en las r\u00edas gallegas","link":"https:\/\/www.madrimasd.org\/blogs\/ciencia_marina\/2026\/09\/03\/139511"}],"_links":{"self":[{"href":"https:\/\/www.madrimasd.org\/blogs\/ciencia_marina\/wp-json\/wp\/v2\/posts\/139511"}],"collection":[{"href":"https:\/\/www.madrimasd.org\/blogs\/ciencia_marina\/wp-json\/wp\/v2\/posts"}],"about":[{"href":"https:\/\/www.madrimasd.org\/blogs\/ciencia_marina\/wp-json\/wp\/v2\/types\/post"}],"author":[{"embeddable":true,"href":"https:\/\/www.madrimasd.org\/blogs\/ciencia_marina\/wp-json\/wp\/v2\/users\/77"}],"replies":[{"embeddable":true,"href":"https:\/\/www.madrimasd.org\/blogs\/ciencia_marina\/wp-json\/wp\/v2\/comments?post=139511"}],"version-history":[{"count":6,"href":"https:\/\/www.madrimasd.org\/blogs\/ciencia_marina\/wp-json\/wp\/v2\/posts\/139511\/revisions"}],"predecessor-version":[{"id":139523,"href":"https:\/\/www.madrimasd.org\/blogs\/ciencia_marina\/wp-json\/wp\/v2\/posts\/139511\/revisions\/139523"}],"wp:attachment":[{"href":"https:\/\/www.madrimasd.org\/blogs\/ciencia_marina\/wp-json\/wp\/v2\/media?parent=139511"}],"wp:term":[{"taxonomy":"category","embeddable":true,"href":"https:\/\/www.madrimasd.org\/blogs\/ciencia_marina\/wp-json\/wp\/v2\/categories?post=139511"},{"taxonomy":"post_tag","embeddable":true,"href":"https:\/\/www.madrimasd.org\/blogs\/ciencia_marina\/wp-json\/wp\/v2\/tags?post=139511"}],"curies":[{"name":"wp","href":"https:\/\/api.w.org\/{rel}","templated":true}]}}