{"id":134238,"date":"2026-09-04T09:42:38","date_gmt":"2026-09-04T08:42:38","guid":{"rendered":"https:\/\/www.madrimasd.org\/blogs\/demadridaeuropa\/?p=134238"},"modified":"2026-09-04T09:46:21","modified_gmt":"2026-09-04T08:46:21","slug":"madrid-impulsa-el-exito-de-cinco-investigadores-en-las-erc-starting-grants-2026","status":"publish","type":"post","link":"https:\/\/www.madrimasd.org\/blogs\/demadridaeuropa\/2026\/09\/04\/134238","title":{"rendered":"Madri+d impulsa el \u00e9xito de cinco investigadores en las ERC Starting Grants 2026"},"content":{"rendered":"<p>Cinco investigadores vinculados a instituciones madrile\u00f1as han logrado una de las ayudas m\u00e1s prestigiosas y competitivas de la investigaci\u00f3n europea: las <strong>ERC Starting Grants 2026<\/strong>. En este recorrido hacia la excelencia cient\u00edfica, la Fundaci\u00f3n para el Conocimiento madri+d les ha acompa\u00f1ado mediante sus servicios especializados de asesoramiento y preparaci\u00f3n para convocatorias del Consejo Europeo de Investigaci\u00f3n (ERC).<\/p>\n<p>Los investigadores <strong>William Joyce (CNIC), Celia Castillo Blas (CSIC), Daniel Gonz\u00e1lez Cuadra (CSIC), Alberto Vela (UC3M) y Petros Tsagkaropoulos (UCM)<\/strong> est\u00e1n entre los 421 investigadores emergentes que han conseguido convencer a paneles internacionales de m\u00e1ximo nivel con propuestas innovadoras y ambiciosas. Gracias a estas ayudas, que para ellos suman m\u00e1s de 7 millones de euros, podr\u00e1n desarrollar sus propias l\u00edneas de investigaci\u00f3n, consolidar equipos y avanzar en proyectos con potencial para generar conocimiento de frontera y contribuir a la resoluci\u00f3n de grandes retos cient\u00edficos y sociales.<\/p>\n<p>El pasado 3 de septiembre, el ERC dio a conocer los resultados de una convocatoria que ha seleccionado a m\u00e1s de 400 investigadores e investigadoras de toda Europa, dotada con cerca de 705 millones de euros. Las Starting Grants est\u00e1n dirigidas a cient\u00edficos en etapas iniciales de independencia investigadora y tienen como objetivo apoyar ideas rompedoras, de alto riesgo y elevado potencial de impacto, en cualquier \u00e1mbito del conocimiento.<\/p>\n<p>M\u00e1s all\u00e1 de la financiaci\u00f3n, estas ayudas <strong>representan un reconocimiento internacional al talento<\/strong>, la capacidad de liderazgo y la excelencia cient\u00edfica de quienes las obtienen. Para muchos beneficiarios, constituyen el impulso decisivo para construir una carrera investigadora propia y desarrollar proyectos capaces de abrir nuevas v\u00edas de conocimiento.<\/p>\n<h2>Desde las tecnolog\u00edas cu\u00e1nticas hasta el medievo<\/h2>\n<p>Los cinco investigadores trabajan en entornos tan diversos como la salud cardiovascular, los materiales avanzados, las tecnolog\u00edas cu\u00e1nticas, la ingenier\u00eda de fluidos o las humanidades.<\/p>\n<p><strong><a href=\"https:\/\/www.cnic.es\/en\/noticias\/cnic-researcher-william-joyce-receives-erc-starting-grant-troposplice-project\" target=\"_blank\" rel=\"noopener\">William Joyce (CNIC)<\/a>, <\/strong>por ejemplo, liderar\u00e1 <em>TROPOSplice<\/em>, una iniciativa inspirada en mecanismos biol\u00f3gicos presentes en distintas especies para desarrollar nuevas terapias frente a la disfunci\u00f3n diast\u00f3lica y otras enfermedades cardiovasculares. Por su parte, <a href=\"https:\/\/www.icmm.csic.es\/es\/noticias\/celia-castillo-obtiene-15meu-de-las-erc-starting-grants-para-crear-una-nueva-generacion-de\" target=\"_blank\" rel=\"noopener\"><strong>Celia Castillo Blas (CSIC)<\/strong><\/a> desarrollar\u00e1 <em>HyGFun<\/em>, un proyecto orientado a comprender y dise\u00f1ar una nueva generaci\u00f3n de vidrios a la carta con usos que pueden ir del bloqueo de radiaci\u00f3n ultravioleta a la captura de gases.<\/p>\n<p>En el campo de las tecnolog\u00edas cu\u00e1nticas, <a href=\"https:\/\/teams.public.onecdn.static.microsoft\/evergreen-assets\/safelinks\/2\/atp-safelinks.html\" target=\"_blank\" rel=\"noopener\"><strong>Daniel Gonz\u00e1lez Cuadra (CSIC)<\/strong><\/a> dirigir\u00e1 <em>FermiMatters<\/em>, trabajar\u00e1 en el desarrollo de nuevas formas de emplear estas tecnolog\u00edas para estudiar sistemas constituidos por fermiones, las part\u00edculas que forman la materia que nos rodea. <a href=\"https:\/\/www.uc3m.es\/ss\/Satellite\/UC3MInstitucional\/es\/Detalle\/Comunicacion_C\/1371483136123\/1371303851915\/La_UC3M_consigue_una_nueva_ayuda_ERC_Starting_Grant_para_investigar_los_grandes_torbellinos\" target=\"_blank\" rel=\"noopener\"><strong>Alberto Vela (UC3M)<\/strong><\/a> estar\u00e1 al frente de <em>MUST<\/em>, una propuesta que busca revolucionar la modelizaci\u00f3n de la turbulencia incorporando la incertidumbre como elemento central en las simulaciones.<\/p>\n<p>Finalmente, <strong>Petros Tsagkaropoulos (UCM)<\/strong> desarrollar\u00e1 <em>PREASM<\/em>, que analizar\u00e1 el papel de la predicaci\u00f3n en las comunidades cristianas de Oriente Medio entre los siglos VIII y XII como elemento de construcci\u00f3n de identidad y cohesi\u00f3n social.<\/p>\n<h3><strong>Impulsando la investigaci\u00f3n de excelencia<\/strong><\/h3>\n<p>El Consejo Europeo de Investigaci\u00f3n se ha consolidado como el principal instrumento de la Comisi\u00f3n Europea para financiar investigaci\u00f3n excelente impulsada por la curiosidad cient\u00edfica, promoviendo avances que ampl\u00edan las fronteras del conocimiento y fortalecen la competitividad cient\u00edfica de Europa.<\/p>\n<p>En este contexto, la Comunidad de Madrid, a trav\u00e9s de la Fundaci\u00f3n para el Conocimiento madri+d, pone a disposici\u00f3n de los investigadores que deseen desarrollar su proyecto ERC en una instituci\u00f3n madrile\u00f1a un <strong><a href=\"https:\/\/www.madrimasd.org\/blogs\/demadridaeuropa\/2025\/06\/05\/134132\">servicio integral de apoyo que incluye revisi\u00f3n de propuestas, simulacros de entrevista y asesoramiento estrat\u00e9gico<\/a><\/strong> y en comunicaci\u00f3n cient\u00edfica.<\/p>\n<p>Desde madri+d celebramos haber formado parte de este proceso, acompa\u00f1ando a los investigadores. El m\u00e9rito, sin embargo, pertenece a quienes han transformado sus ideas en propuestas ganadoras gracias a su excelencia, determinaci\u00f3n y visi\u00f3n cient\u00edfica.<\/p>\n","protected":false},"excerpt":{"rendered":"<p>Cinco investigadores vinculados a instituciones madrile\u00f1as han logrado una de las ayudas m\u00e1s prestigiosas y competitivas de la investigaci\u00f3n europea: las ERC Starting Grants 2026. En este recorrido hacia la excelencia cient\u00edfica, la Fundaci\u00f3n para el Conocimiento madri+d les ha acompa\u00f1ado mediante sus servicios especializados de asesoramiento y preparaci\u00f3n para convocatorias del Consejo Europeo de Investigaci\u00f3n (ERC). Los investigadores William Joyce (CNIC), Celia Castillo Blas (CSIC), Daniel Gonz\u00e1lez Cuadra (CSIC), Alberto Vela (UC3M) y Petros Tsagkaropoulos (UCM) est\u00e1n entre los 421 investigadores emergentes que han conseguido convencer a paneles internacionales de m\u00e1ximo nivel con propuestas innovadoras y ambiciosas. Gracias a\u2026<\/p>\n","protected":false},"author":262,"featured_media":134054,"comment_status":"open","ping_status":"open","sticky":false,"template":"","format":"standard","meta":{"ngg_post_thumbnail":0},"categories":[9264],"tags":[],"blocksy_meta":{"styles_descriptor":{"styles":{"desktop":"","tablet":"","mobile":""},"google_fonts":[],"version":4}},"aioseo_notices":[],"aioseo_head":"\n\t\t<!-- All in One SEO 5.0.1.1 - aioseo.com -->\n\t<meta name=\"description\" content=\"Cinco investigadores vinculados a instituciones madrile\u00f1as han logrado una de las ayudas m\u00e1s prestigiosas y competitivas de la investigaci\u00f3n europea: las ERC Starting Grants 2026. En este recorrido hacia la excelencia cient\u00edfica, la Fundaci\u00f3n para el Conocimiento madri+d les ha acompa\u00f1ado mediante sus servicios especializados de asesoramiento y preparaci\u00f3n para convocatorias del Consejo Europeo de\" \/>\n\t<meta name=\"robots\" content=\"max-image-preview:large\" \/>\n\t<meta name=\"author\" content=\"eeneuropa\"\/>\n\t<link rel=\"canonical\" href=\"https:\/\/www.madrimasd.org\/blogs\/demadridaeuropa\/2026\/09\/04\/134238\" \/>\n\t<meta name=\"generator\" content=\"All in One SEO (AIOSEO) 5.0.1.1\" \/>\n\t\t<meta property=\"og:locale\" content=\"es_ES\" \/>\n\t\t<meta property=\"og:site_name\" content=\"De Madrid a Europa - Todo lo que necesitas saber sobre la I+D+i Europea\" \/>\n\t\t<meta property=\"og:type\" content=\"article\" \/>\n\t\t<meta property=\"og:title\" content=\"Madri+d impulsa el \u00e9xito de cinco investigadores en las ERC Starting Grants 2026 - De Madrid a Europa\" \/>\n\t\t<meta property=\"og:description\" content=\"Cinco investigadores vinculados a instituciones madrile\u00f1as han logrado una de las ayudas m\u00e1s prestigiosas y competitivas de la investigaci\u00f3n europea: las ERC Starting Grants 2026. En este recorrido hacia la excelencia cient\u00edfica, la Fundaci\u00f3n para el Conocimiento madri+d les ha acompa\u00f1ado mediante sus servicios especializados de asesoramiento y preparaci\u00f3n para convocatorias del Consejo Europeo de\" \/>\n\t\t<meta property=\"og:url\" content=\"https:\/\/www.madrimasd.org\/blogs\/demadridaeuropa\/2026\/09\/04\/134238\" \/>\n\t\t<meta property=\"og:image\" content=\"https:\/\/www.madrimasd.org\/blogs\/demadridaeuropa\/files\/2022\/02\/logo.png\" \/>\n\t\t<meta property=\"og:image:secure_url\" content=\"https:\/\/www.madrimasd.org\/blogs\/demadridaeuropa\/files\/2022\/02\/logo.png\" \/>\n\t\t<meta property=\"article:published_time\" content=\"2026-09-04T08:42:38+00:00\" \/>\n\t\t<meta property=\"article:modified_time\" content=\"2026-09-04T08:46:21+00:00\" \/>\n\t\t<meta name=\"twitter:card\" content=\"summary\" \/>\n\t\t<meta name=\"twitter:title\" content=\"Madri+d impulsa el \u00e9xito de cinco investigadores en las ERC Starting Grants 2026 - De Madrid a Europa\" \/>\n\t\t<meta name=\"twitter:description\" content=\"Cinco investigadores vinculados a instituciones madrile\u00f1as han logrado una de las ayudas m\u00e1s prestigiosas y competitivas de la investigaci\u00f3n europea: las ERC Starting Grants 2026. En este recorrido hacia la excelencia cient\u00edfica, la Fundaci\u00f3n para el Conocimiento madri+d les ha acompa\u00f1ado mediante sus servicios especializados de asesoramiento y preparaci\u00f3n para convocatorias del Consejo Europeo de\" \/>\n\t\t<meta name=\"twitter:image\" content=\"https:\/\/www.madrimasd.org\/blogs\/demadridaeuropa\/files\/2022\/02\/logo.png\" \/>\n\t\t<script type=\"application\/ld+json\" class=\"aioseo-schema\">\n\t\t\t{\"@context\":\"https:\\\/\\\/schema.org\",\"@graph\":[{\"@type\":\"BlogPosting\",\"@id\":\"https:\\\/\\\/www.madrimasd.org\\\/blogs\\\/demadridaeuropa\\\/2026\\\/09\\\/04\\\/134238#blogposting\",\"name\":\"Madri+d impulsa el \\u00e9xito de cinco investigadores en las ERC Starting Grants 2026 - De Madrid a Europa\",\"headline\":\"Madri+d impulsa el \\u00e9xito de cinco investigadores en las ERC Starting Grants 2026\",\"author\":{\"@id\":\"https:\\\/\\\/www.madrimasd.org\\\/blogs\\\/demadridaeuropa\\\/author\\\/eeneuropa#author\"},\"publisher\":{\"@id\":\"https:\\\/\\\/www.madrimasd.org\\\/blogs\\\/demadridaeuropa\\\/#organization\"},\"image\":{\"@type\":\"ImageObject\",\"url\":\"https:\\\/\\\/www.madrimasd.org\\\/blogs\\\/demadridaeuropa\\\/files\\\/2024\\\/09\\\/ilustracion-starting-grants.jpg\",\"width\":1100,\"height\":500},\"datePublished\":\"2026-09-04T09:42:38+01:00\",\"dateModified\":\"2026-09-04T09:46:21+01:00\",\"inLanguage\":\"es-ES\",\"mainEntityOfPage\":{\"@id\":\"https:\\\/\\\/www.madrimasd.org\\\/blogs\\\/demadridaeuropa\\\/2026\\\/09\\\/04\\\/134238#webpage\"},\"isPartOf\":{\"@id\":\"https:\\\/\\\/www.madrimasd.org\\\/blogs\\\/demadridaeuropa\\\/2026\\\/09\\\/04\\\/134238#webpage\"},\"articleSection\":\"ERC\"},{\"@type\":\"BreadcrumbList\",\"@id\":\"https:\\\/\\\/www.madrimasd.org\\\/blogs\\\/demadridaeuropa\\\/2026\\\/09\\\/04\\\/134238#breadcrumblist\",\"itemListElement\":[{\"@type\":\"ListItem\",\"@id\":\"https:\\\/\\\/www.madrimasd.org\\\/blogs\\\/demadridaeuropa#listItem\",\"position\":1,\"name\":\"Home\",\"item\":\"https:\\\/\\\/www.madrimasd.org\\\/blogs\\\/demadridaeuropa\",\"nextItem\":{\"@type\":\"ListItem\",\"@id\":\"https:\\\/\\\/www.madrimasd.org\\\/blogs\\\/demadridaeuropa\\\/category\\\/erc#listItem\",\"name\":\"ERC\"}},{\"@type\":\"ListItem\",\"@id\":\"https:\\\/\\\/www.madrimasd.org\\\/blogs\\\/demadridaeuropa\\\/category\\\/erc#listItem\",\"position\":2,\"name\":\"ERC\",\"item\":\"https:\\\/\\\/www.madrimasd.org\\\/blogs\\\/demadridaeuropa\\\/category\\\/erc\",\"nextItem\":{\"@type\":\"ListItem\",\"@id\":\"https:\\\/\\\/www.madrimasd.org\\\/blogs\\\/demadridaeuropa\\\/2026\\\/09\\\/04\\\/134238#listItem\",\"name\":\"Madri+d impulsa el \\u00e9xito de cinco investigadores en las ERC Starting Grants 2026\"},\"previousItem\":{\"@type\":\"ListItem\",\"@id\":\"https:\\\/\\\/www.madrimasd.org\\\/blogs\\\/demadridaeuropa#listItem\",\"name\":\"Home\"}},{\"@type\":\"ListItem\",\"@id\":\"https:\\\/\\\/www.madrimasd.org\\\/blogs\\\/demadridaeuropa\\\/2026\\\/09\\\/04\\\/134238#listItem\",\"position\":3,\"name\":\"Madri+d impulsa el \\u00e9xito de cinco investigadores en las ERC Starting Grants 2026\",\"previousItem\":{\"@type\":\"ListItem\",\"@id\":\"https:\\\/\\\/www.madrimasd.org\\\/blogs\\\/demadridaeuropa\\\/category\\\/erc#listItem\",\"name\":\"ERC\"}}]},{\"@type\":\"Organization\",\"@id\":\"https:\\\/\\\/www.madrimasd.org\\\/blogs\\\/demadridaeuropa\\\/#organization\",\"name\":\"De Madrid a Europa\",\"description\":\"Todo lo que necesitas saber sobre la I+D+i Europea\",\"url\":\"https:\\\/\\\/www.madrimasd.org\\\/blogs\\\/demadridaeuropa\\\/\",\"logo\":{\"@type\":\"ImageObject\",\"url\":\"https:\\\/\\\/www.madrimasd.org\\\/blogs\\\/demadridaeuropa\\\/files\\\/2022\\\/02\\\/logo.png\",\"@id\":\"https:\\\/\\\/www.madrimasd.org\\\/blogs\\\/demadridaeuropa\\\/2026\\\/09\\\/04\\\/134238\\\/#organizationLogo\",\"width\":217,\"height\":72},\"image\":{\"@id\":\"https:\\\/\\\/www.madrimasd.org\\\/blogs\\\/demadridaeuropa\\\/2026\\\/09\\\/04\\\/134238\\\/#organizationLogo\"}},{\"@type\":\"Person\",\"@id\":\"https:\\\/\\\/www.madrimasd.org\\\/blogs\\\/demadridaeuropa\\\/author\\\/eeneuropa#author\",\"url\":\"https:\\\/\\\/www.madrimasd.org\\\/blogs\\\/demadridaeuropa\\\/author\\\/eeneuropa\",\"name\":\"eeneuropa\",\"image\":{\"@type\":\"ImageObject\",\"@id\":\"https:\\\/\\\/www.madrimasd.org\\\/blogs\\\/demadridaeuropa\\\/2026\\\/09\\\/04\\\/134238#authorImage\",\"url\":\"https:\\\/\\\/secure.gravatar.com\\\/avatar\\\/dc2a6269c0694120d99d03ac9c50766d?s=96&d=mm&r=g\",\"width\":96,\"height\":96,\"caption\":\"eeneuropa\"}},{\"@type\":\"WebPage\",\"@id\":\"https:\\\/\\\/www.madrimasd.org\\\/blogs\\\/demadridaeuropa\\\/2026\\\/09\\\/04\\\/134238#webpage\",\"url\":\"https:\\\/\\\/www.madrimasd.org\\\/blogs\\\/demadridaeuropa\\\/2026\\\/09\\\/04\\\/134238\",\"name\":\"Madri+d impulsa el \\u00e9xito de cinco investigadores en las ERC Starting Grants 2026 - De Madrid a Europa\",\"description\":\"Cinco investigadores vinculados a instituciones madrile\\u00f1as han logrado una de las ayudas m\\u00e1s prestigiosas y competitivas de la investigaci\\u00f3n europea: las ERC Starting Grants 2026. En este recorrido hacia la excelencia cient\\u00edfica, la Fundaci\\u00f3n para el Conocimiento madri+d les ha acompa\\u00f1ado mediante sus servicios especializados de asesoramiento y preparaci\\u00f3n para convocatorias del Consejo Europeo de\",\"inLanguage\":\"es-ES\",\"isPartOf\":{\"@id\":\"https:\\\/\\\/www.madrimasd.org\\\/blogs\\\/demadridaeuropa\\\/#website\"},\"breadcrumb\":{\"@id\":\"https:\\\/\\\/www.madrimasd.org\\\/blogs\\\/demadridaeuropa\\\/2026\\\/09\\\/04\\\/134238#breadcrumblist\"},\"author\":{\"@id\":\"https:\\\/\\\/www.madrimasd.org\\\/blogs\\\/demadridaeuropa\\\/author\\\/eeneuropa#author\"},\"creator\":{\"@id\":\"https:\\\/\\\/www.madrimasd.org\\\/blogs\\\/demadridaeuropa\\\/author\\\/eeneuropa#author\"},\"image\":{\"@type\":\"ImageObject\",\"url\":\"https:\\\/\\\/www.madrimasd.org\\\/blogs\\\/demadridaeuropa\\\/files\\\/2024\\\/09\\\/ilustracion-starting-grants.jpg\",\"@id\":\"https:\\\/\\\/www.madrimasd.org\\\/blogs\\\/demadridaeuropa\\\/2026\\\/09\\\/04\\\/134238\\\/#mainImage\",\"width\":1100,\"height\":500},\"primaryImageOfPage\":{\"@id\":\"https:\\\/\\\/www.madrimasd.org\\\/blogs\\\/demadridaeuropa\\\/2026\\\/09\\\/04\\\/134238#mainImage\"},\"datePublished\":\"2026-09-04T09:42:38+01:00\",\"dateModified\":\"2026-09-04T09:46:21+01:00\"},{\"@type\":\"WebSite\",\"@id\":\"https:\\\/\\\/www.madrimasd.org\\\/blogs\\\/demadridaeuropa\\\/#website\",\"url\":\"https:\\\/\\\/www.madrimasd.org\\\/blogs\\\/demadridaeuropa\\\/\",\"name\":\"De Madrid a Europa\",\"description\":\"Todo lo que necesitas saber sobre la I+D+i Europea\",\"inLanguage\":\"es-ES\",\"publisher\":{\"@id\":\"https:\\\/\\\/www.madrimasd.org\\\/blogs\\\/demadridaeuropa\\\/#organization\"}}]}\n\t\t<\/script>\n\t\t<!-- All in One SEO -->\n\n","aioseo_head_json":{"title":"Madri+d impulsa el \u00e9xito de cinco investigadores en las ERC Starting Grants 2026 - De Madrid a Europa","description":"Cinco investigadores vinculados a instituciones madrile\u00f1as han logrado una de las ayudas m\u00e1s prestigiosas y competitivas de la investigaci\u00f3n europea: las ERC Starting Grants 2026. En este recorrido hacia la excelencia cient\u00edfica, la Fundaci\u00f3n para el Conocimiento madri+d les ha acompa\u00f1ado mediante sus servicios especializados de asesoramiento y preparaci\u00f3n para convocatorias del Consejo Europeo de","canonical_url":"https:\/\/www.madrimasd.org\/blogs\/demadridaeuropa\/2026\/09\/04\/134238","robots":"max-image-preview:large","keywords":"","webmasterTools":{"miscellaneous":""},"schema":{"@context":"https:\/\/schema.org","@graph":[{"@type":"BlogPosting","@id":"https:\/\/www.madrimasd.org\/blogs\/demadridaeuropa\/2026\/09\/04\/134238#blogposting","name":"Madri+d impulsa el \u00e9xito de cinco investigadores en las ERC Starting Grants 2026 - De Madrid a Europa","headline":"Madri+d impulsa el \u00e9xito de cinco investigadores en las ERC Starting Grants 2026","author":{"@id":"https:\/\/www.madrimasd.org\/blogs\/demadridaeuropa\/author\/eeneuropa#author"},"publisher":{"@id":"https:\/\/www.madrimasd.org\/blogs\/demadridaeuropa\/#organization"},"image":{"@type":"ImageObject","url":"https:\/\/www.madrimasd.org\/blogs\/demadridaeuropa\/files\/2024\/09\/ilustracion-starting-grants.jpg","width":1100,"height":500},"datePublished":"2026-09-04T09:42:38+01:00","dateModified":"2026-09-04T09:46:21+01:00","inLanguage":"es-ES","mainEntityOfPage":{"@id":"https:\/\/www.madrimasd.org\/blogs\/demadridaeuropa\/2026\/09\/04\/134238#webpage"},"isPartOf":{"@id":"https:\/\/www.madrimasd.org\/blogs\/demadridaeuropa\/2026\/09\/04\/134238#webpage"},"articleSection":"ERC"},{"@type":"BreadcrumbList","@id":"https:\/\/www.madrimasd.org\/blogs\/demadridaeuropa\/2026\/09\/04\/134238#breadcrumblist","itemListElement":[{"@type":"ListItem","@id":"https:\/\/www.madrimasd.org\/blogs\/demadridaeuropa#listItem","position":1,"name":"Home","item":"https:\/\/www.madrimasd.org\/blogs\/demadridaeuropa","nextItem":{"@type":"ListItem","@id":"https:\/\/www.madrimasd.org\/blogs\/demadridaeuropa\/category\/erc#listItem","name":"ERC"}},{"@type":"ListItem","@id":"https:\/\/www.madrimasd.org\/blogs\/demadridaeuropa\/category\/erc#listItem","position":2,"name":"ERC","item":"https:\/\/www.madrimasd.org\/blogs\/demadridaeuropa\/category\/erc","nextItem":{"@type":"ListItem","@id":"https:\/\/www.madrimasd.org\/blogs\/demadridaeuropa\/2026\/09\/04\/134238#listItem","name":"Madri+d impulsa el \u00e9xito de cinco investigadores en las ERC Starting Grants 2026"},"previousItem":{"@type":"ListItem","@id":"https:\/\/www.madrimasd.org\/blogs\/demadridaeuropa#listItem","name":"Home"}},{"@type":"ListItem","@id":"https:\/\/www.madrimasd.org\/blogs\/demadridaeuropa\/2026\/09\/04\/134238#listItem","position":3,"name":"Madri+d impulsa el \u00e9xito de cinco investigadores en las ERC Starting Grants 2026","previousItem":{"@type":"ListItem","@id":"https:\/\/www.madrimasd.org\/blogs\/demadridaeuropa\/category\/erc#listItem","name":"ERC"}}]},{"@type":"Organization","@id":"https:\/\/www.madrimasd.org\/blogs\/demadridaeuropa\/#organization","name":"De Madrid a Europa","description":"Todo lo que necesitas saber sobre la I+D+i Europea","url":"https:\/\/www.madrimasd.org\/blogs\/demadridaeuropa\/","logo":{"@type":"ImageObject","url":"https:\/\/www.madrimasd.org\/blogs\/demadridaeuropa\/files\/2022\/02\/logo.png","@id":"https:\/\/www.madrimasd.org\/blogs\/demadridaeuropa\/2026\/09\/04\/134238\/#organizationLogo","width":217,"height":72},"image":{"@id":"https:\/\/www.madrimasd.org\/blogs\/demadridaeuropa\/2026\/09\/04\/134238\/#organizationLogo"}},{"@type":"Person","@id":"https:\/\/www.madrimasd.org\/blogs\/demadridaeuropa\/author\/eeneuropa#author","url":"https:\/\/www.madrimasd.org\/blogs\/demadridaeuropa\/author\/eeneuropa","name":"eeneuropa","image":{"@type":"ImageObject","@id":"https:\/\/www.madrimasd.org\/blogs\/demadridaeuropa\/2026\/09\/04\/134238#authorImage","url":"https:\/\/secure.gravatar.com\/avatar\/dc2a6269c0694120d99d03ac9c50766d?s=96&d=mm&r=g","width":96,"height":96,"caption":"eeneuropa"}},{"@type":"WebPage","@id":"https:\/\/www.madrimasd.org\/blogs\/demadridaeuropa\/2026\/09\/04\/134238#webpage","url":"https:\/\/www.madrimasd.org\/blogs\/demadridaeuropa\/2026\/09\/04\/134238","name":"Madri+d impulsa el \u00e9xito de cinco investigadores en las ERC Starting Grants 2026 - De Madrid a Europa","description":"Cinco investigadores vinculados a instituciones madrile\u00f1as han logrado una de las ayudas m\u00e1s prestigiosas y competitivas de la investigaci\u00f3n europea: las ERC Starting Grants 2026. En este recorrido hacia la excelencia cient\u00edfica, la Fundaci\u00f3n para el Conocimiento madri+d les ha acompa\u00f1ado mediante sus servicios especializados de asesoramiento y preparaci\u00f3n para convocatorias del Consejo Europeo de","inLanguage":"es-ES","isPartOf":{"@id":"https:\/\/www.madrimasd.org\/blogs\/demadridaeuropa\/#website"},"breadcrumb":{"@id":"https:\/\/www.madrimasd.org\/blogs\/demadridaeuropa\/2026\/09\/04\/134238#breadcrumblist"},"author":{"@id":"https:\/\/www.madrimasd.org\/blogs\/demadridaeuropa\/author\/eeneuropa#author"},"creator":{"@id":"https:\/\/www.madrimasd.org\/blogs\/demadridaeuropa\/author\/eeneuropa#author"},"image":{"@type":"ImageObject","url":"https:\/\/www.madrimasd.org\/blogs\/demadridaeuropa\/files\/2024\/09\/ilustracion-starting-grants.jpg","@id":"https:\/\/www.madrimasd.org\/blogs\/demadridaeuropa\/2026\/09\/04\/134238\/#mainImage","width":1100,"height":500},"primaryImageOfPage":{"@id":"https:\/\/www.madrimasd.org\/blogs\/demadridaeuropa\/2026\/09\/04\/134238#mainImage"},"datePublished":"2026-09-04T09:42:38+01:00","dateModified":"2026-09-04T09:46:21+01:00"},{"@type":"WebSite","@id":"https:\/\/www.madrimasd.org\/blogs\/demadridaeuropa\/#website","url":"https:\/\/www.madrimasd.org\/blogs\/demadridaeuropa\/","name":"De Madrid a Europa","description":"Todo lo que necesitas saber sobre la I+D+i Europea","inLanguage":"es-ES","publisher":{"@id":"https:\/\/www.madrimasd.org\/blogs\/demadridaeuropa\/#organization"}}]},"og:locale":"es_ES","og:site_name":"De Madrid a Europa - Todo lo que necesitas saber sobre la I+D+i Europea","og:type":"article","og:title":"Madri+d impulsa el \u00e9xito de cinco investigadores en las ERC Starting Grants 2026 - De Madrid a Europa","og:description":"Cinco investigadores vinculados a instituciones madrile\u00f1as han logrado una de las ayudas m\u00e1s prestigiosas y competitivas de la investigaci\u00f3n europea: las ERC Starting Grants 2026. En este recorrido hacia la excelencia cient\u00edfica, la Fundaci\u00f3n para el Conocimiento madri+d les ha acompa\u00f1ado mediante sus servicios especializados de asesoramiento y preparaci\u00f3n para convocatorias del Consejo Europeo de","og:url":"https:\/\/www.madrimasd.org\/blogs\/demadridaeuropa\/2026\/09\/04\/134238","og:image":"https:\/\/www.madrimasd.org\/blogs\/demadridaeuropa\/files\/2022\/02\/logo.png","og:image:secure_url":"https:\/\/www.madrimasd.org\/blogs\/demadridaeuropa\/files\/2022\/02\/logo.png","article:published_time":"2026-09-04T08:42:38+00:00","article:modified_time":"2026-09-04T08:46:21+00:00","twitter:card":"summary","twitter:title":"Madri+d impulsa el \u00e9xito de cinco investigadores en las ERC Starting Grants 2026 - De Madrid a Europa","twitter:description":"Cinco investigadores vinculados a instituciones madrile\u00f1as han logrado una de las ayudas m\u00e1s prestigiosas y competitivas de la investigaci\u00f3n europea: las ERC Starting Grants 2026. En este recorrido hacia la excelencia cient\u00edfica, la Fundaci\u00f3n para el Conocimiento madri+d les ha acompa\u00f1ado mediante sus servicios especializados de asesoramiento y preparaci\u00f3n para convocatorias del Consejo Europeo de","twitter:image":"https:\/\/www.madrimasd.org\/blogs\/demadridaeuropa\/files\/2022\/02\/logo.png"},"aioseo_meta_data":{"post_id":"134238","title":null,"description":null,"keywords":null,"keyphrases":{"focus":{"keyphrase":"","score":0,"analysis":{"keyphraseInTitle":{"score":0,"maxScore":9,"error":1}}},"additional":[]},"primary_term":null,"canonical_url":null,"og_title":null,"og_description":null,"og_object_type":"default","og_image_type":"default","og_image_url":null,"og_image_width":null,"og_image_height":null,"og_image_custom_url":null,"og_image_custom_fields":null,"og_video":"","og_custom_url":null,"og_article_section":null,"og_article_tags":null,"twitter_use_og":false,"twitter_card":"default","twitter_image_type":"default","twitter_image_url":null,"twitter_image_custom_url":null,"twitter_image_custom_fields":null,"twitter_title":null,"twitter_description":null,"schema":{"blockGraphs":[],"customGraphs":[],"default":{"data":{"Article":[],"Course":[],"Dataset":[],"FAQPage":[],"Movie":[],"Person":[],"Product":[],"ProductReview":[],"Car":[],"Recipe":[],"Service":[],"SoftwareApplication":[],"WebPage":[]},"graphName":"BlogPosting","isEnabled":true},"graphs":[]},"schema_type":"default","schema_type_options":null,"pillar_content":false,"robots_default":true,"robots_noindex":false,"robots_noarchive":false,"robots_nosnippet":false,"robots_nofollow":false,"robots_noimageindex":false,"robots_noodp":false,"robots_notranslate":false,"robots_max_snippet":"-1","robots_max_videopreview":"-1","robots_max_imagepreview":"large","priority":null,"frequency":"default","local_seo":null,"limit_modified_date":false,"created":"2026-09-04 08:41:33","updated":"2026-09-04 08:46:21","ai":{"faqs":[],"keyPoints":[],"schemas":[],"titles":[],"descriptions":[],"socialPosts":{"email":{"subject":"","preview":"","content":""},"linkedin":[],"twitter":[],"facebook":[],"instagram":[]}},"breadcrumb_settings":null,"seo_analyzer_scan_date":null,"focus_keyword":null,"additional_keywords":null,"truseo_locale":null},"aioseo_breadcrumb":"<div class=\"aioseo-breadcrumbs\"><span class=\"aioseo-breadcrumb\">\n\t\t\t<a href=\"https:\/\/www.madrimasd.org\/blogs\/demadridaeuropa\" title=\"Home\">Home<\/a>\n\t\t<\/span><span class=\"aioseo-breadcrumb-separator\">&raquo;<\/span><span class=\"aioseo-breadcrumb\">\n\t\t\t<a href=\"https:\/\/www.madrimasd.org\/blogs\/demadridaeuropa\/category\/erc\" title=\"ERC\">ERC<\/a>\n\t\t<\/span><span class=\"aioseo-breadcrumb-separator\">&raquo;<\/span><span class=\"aioseo-breadcrumb\">\n\t\t\tMadri+d impulsa el \u00e9xito de cinco investigadores en las ERC Starting Grants 2026\n\t\t<\/span><\/div>","aioseo_breadcrumb_json":[{"label":"Home","link":"https:\/\/www.madrimasd.org\/blogs\/demadridaeuropa"},{"label":"ERC","link":"https:\/\/www.madrimasd.org\/blogs\/demadridaeuropa\/category\/erc"},{"label":"Madri+d impulsa el \u00e9xito de cinco investigadores en las ERC Starting Grants 2026","link":"https:\/\/www.madrimasd.org\/blogs\/demadridaeuropa\/2026\/09\/04\/134238"}],"_links":{"self":[{"href":"https:\/\/www.madrimasd.org\/blogs\/demadridaeuropa\/wp-json\/wp\/v2\/posts\/134238"}],"collection":[{"href":"https:\/\/www.madrimasd.org\/blogs\/demadridaeuropa\/wp-json\/wp\/v2\/posts"}],"about":[{"href":"https:\/\/www.madrimasd.org\/blogs\/demadridaeuropa\/wp-json\/wp\/v2\/types\/post"}],"author":[{"embeddable":true,"href":"https:\/\/www.madrimasd.org\/blogs\/demadridaeuropa\/wp-json\/wp\/v2\/users\/262"}],"replies":[{"embeddable":true,"href":"https:\/\/www.madrimasd.org\/blogs\/demadridaeuropa\/wp-json\/wp\/v2\/comments?post=134238"}],"version-history":[{"count":3,"href":"https:\/\/www.madrimasd.org\/blogs\/demadridaeuropa\/wp-json\/wp\/v2\/posts\/134238\/revisions"}],"predecessor-version":[{"id":134241,"href":"https:\/\/www.madrimasd.org\/blogs\/demadridaeuropa\/wp-json\/wp\/v2\/posts\/134238\/revisions\/134241"}],"wp:featuredmedia":[{"embeddable":true,"href":"https:\/\/www.madrimasd.org\/blogs\/demadridaeuropa\/wp-json\/wp\/v2\/media\/134054"}],"wp:attachment":[{"href":"https:\/\/www.madrimasd.org\/blogs\/demadridaeuropa\/wp-json\/wp\/v2\/media?parent=134238"}],"wp:term":[{"taxonomy":"category","embeddable":true,"href":"https:\/\/www.madrimasd.org\/blogs\/demadridaeuropa\/wp-json\/wp\/v2\/categories?post=134238"},{"taxonomy":"post_tag","embeddable":true,"href":"https:\/\/www.madrimasd.org\/blogs\/demadridaeuropa\/wp-json\/wp\/v2\/tags?post=134238"}],"curies":[{"name":"wp","href":"https:\/\/api.w.org\/{rel}","templated":true}]}}