{"id":122403,"date":"2009-07-28T04:41:00","date_gmt":"2009-07-28T04:41:00","guid":{"rendered":"http:\/\/weblogs.madrimasd.org\/\/emprendedores\/archive\/2009\/07\/28\/122403.aspx"},"modified":"2009-07-28T04:41:00","modified_gmt":"2009-07-28T04:41:00","slug":"el-programa-erasmus-para-jovenes-emprendedores-aprender-de-otros-y-abrir-contactos-en-europa","status":"publish","type":"post","link":"https:\/\/www.madrimasd.org\/blogs\/emprendedores\/122403\/el-programa-erasmus-para-jovenes-emprendedores-aprender-de-otros-y-abrir-contactos-en-europa\/","title":{"rendered":"El programa Erasmus para J\u00f3venes Emprendedores: aprender de otros y abrir contactos en Europa."},"content":{"rendered":"<p><P align=justify><SPAN style=\"FONT-FAMILY: Arial\">Desde que comenz\u00f3 en el primer trimestre de 2009 el programa \u201cErasmus para J\u00f3venes Emprendedores\u201d, como ya publicamos en un <A href=\"http:\/\/weblogs.madrimasd.org\/emprendedores\/archive\/2009\/02\/17\/112951.aspx\">post<\/A>, hemos estado trabajando en conseguir que emprendedores madrile\u00f1os comiencen relaciones profesionales con otros emprendedores europeos y en este mes se ha firmado el primer acuerdo de colaboraci\u00f3n por el que la empresa <A href=\"http:\/\/www.martifersolar.com\">Martifer Solar<\/A> recibir\u00e1 a la emprendedora Viliana Trombetta desde Italia y podr\u00e1n durante 6 meses a partir de agosto colaborar en Madrid, aportando su experiencia y adquiriendo conocimiento de las herramientas de marketing, segmentaci\u00f3n, medios de comunicaci\u00f3n, etc\u2026 m\u00e1s utilizadas por la empresa con sede en Madrid&#8230; adem\u00e1s del perfeccionamiento de la lengua castellana. En la actualidad, son Italia&nbsp;y Espa\u00f1a los paises con mayor n\u00famero de emprendedores, tanto que quieren recibir emprendedores de otros paises como desplazarse a otros lugares para entrar en contacto con emprendedores m\u00e1s consolidados.<\/SPAN><\/P><!--more--><P class=MsoNormal style=\"MARGIN: 0cm 0cm 0pt\">&nbsp;<\/P><P class=MsoNormal style=\"MARGIN: 0cm 0cm 0pt\" align=justify><SPAN style=\"FONT-FAMILY: Arial\">El programa Erasmus para J\u00f3venes Emprendedores ayuda a los participantes a trav\u00e9s de las organizaciones intermedias locales con el 50% del coste pa\u00eds que en cada caso corresponda al emprendedor que se desplaza, y permite realizar transferencia de conocimientos&nbsp;entre emprendedores de la Comunidad Europea<SPAN style=\"mso-spacerun: yes\">&nbsp; <\/SPAN>a trav\u00e9s de las experiencias aportadas por ambos emprendedores, obtenci\u00f3n de contactos internacionales y la posibilidad de realizar alianzas empresariales.<\/SPAN><\/P><P class=MsoNormal style=\"MARGIN: 0cm 0cm 0pt; TEXT-ALIGN: justify\" align=justify><SPAN style=\"FONT-FAMILY: Arial\"><?xml:namespace prefix = o ns = \"urn:schemas-microsoft-com:office:office\" \/><o:p>&nbsp;<\/o:p><\/SPAN><\/P><P class=MsoNormal style=\"MARGIN: 0cm 0cm 0pt; TEXT-ALIGN: justify\" align=justify><SPAN style=\"FONT-FAMILY: Arial\">Para participar en el programa se puede hacer de dos formas, viajando al pa\u00eds de destino donde te recibe el emprendedor local o siendo el emprendedor que recibe a emprendedores de otros pa\u00edses europeos. En ambos casos el primer paso que hay que realizar es registrarse en la <A href=\"http:\/\/www.erasmus-entrepreneurs.eu\">Web<\/A> a trav\u00e9s de la organizaci\u00f3n intermedia que corresponda, que en el caso de&nbsp;los emprendedores ubicados en&nbsp;Madrid es la Fundaci\u00f3n para el Conocimiento&nbsp;madri+d, y a partir de ese momento se pueden seleccionar hasta cinco perfiles de otros pa\u00edses con los que interesar\u00eda mantener relaci\u00f3n, bien como visitante o como anfitri\u00f3n. <\/SPAN><\/P><P class=MsoNormal style=\"MARGIN: 0cm 0cm 0pt; TEXT-ALIGN: justify\" align=justify><SPAN style=\"FONT-FAMILY: Arial\"><\/SPAN>&nbsp;<\/P><P class=MsoNormal style=\"MARGIN: 0cm 0cm 0pt; TEXT-ALIGN: justify\" align=justify><SPAN style=\"FONT-FAMILY: Arial\">Los \u00aborganismos intermedios\u00bb nos encargamos de facilitar relaciones entre emprendedores con intereses comunes. <\/SPAN><SPAN style=\"FONT-FAMILY: Arial\">En&nbsp;los pr\u00f3ximos meses esperamos firmar m\u00e1s acuerdos,&nbsp; en particular&nbsp;animamos a participar a los&nbsp;emprendedores de base tecnol\u00f3gica de la Comunidad.<\/SPAN><\/P><\/p>\n","protected":false},"excerpt":{"rendered":"<p>Desde que comenz\u00f3 en el primer trimestre de 2009 el programa \u201cErasmus para J\u00f3venes Emprendedores\u201d, como ya publicamos en un post, hemos estado trabajando en conseguir que emprendedores madrile\u00f1os comiencen relaciones profesionales con otros emprendedores europeos y en este mes se ha firmado el primer acuerdo de colaboraci\u00f3n por el que la empresa Martifer Solar recibir\u00e1 a la emprendedora Viliana Trombetta desde Italia y podr\u00e1n durante 6 meses a partir de agosto colaborar en Madrid, aportando su experiencia y adquiriendo conocimiento de las herramientas de marketing, segmentaci\u00f3n, medios de comunicaci\u00f3n, etc\u2026 m\u00e1s utilizadas por la empresa con sede en Madrid&#8230;\u2026<\/p>\n","protected":false},"author":15,"featured_media":0,"comment_status":"open","ping_status":"open","sticky":false,"template":"","format":"standard","meta":{"ngg_post_thumbnail":0},"categories":[1],"tags":[],"blocksy_meta":{"styles_descriptor":{"styles":{"desktop":"","tablet":"","mobile":""},"google_fonts":[],"version":4}},"aioseo_notices":[],"_links":{"self":[{"href":"https:\/\/www.madrimasd.org\/blogs\/emprendedores\/wp-json\/wp\/v2\/posts\/122403"}],"collection":[{"href":"https:\/\/www.madrimasd.org\/blogs\/emprendedores\/wp-json\/wp\/v2\/posts"}],"about":[{"href":"https:\/\/www.madrimasd.org\/blogs\/emprendedores\/wp-json\/wp\/v2\/types\/post"}],"author":[{"embeddable":true,"href":"https:\/\/www.madrimasd.org\/blogs\/emprendedores\/wp-json\/wp\/v2\/users\/15"}],"replies":[{"embeddable":true,"href":"https:\/\/www.madrimasd.org\/blogs\/emprendedores\/wp-json\/wp\/v2\/comments?post=122403"}],"version-history":[{"count":0,"href":"https:\/\/www.madrimasd.org\/blogs\/emprendedores\/wp-json\/wp\/v2\/posts\/122403\/revisions"}],"wp:attachment":[{"href":"https:\/\/www.madrimasd.org\/blogs\/emprendedores\/wp-json\/wp\/v2\/media?parent=122403"}],"wp:term":[{"taxonomy":"category","embeddable":true,"href":"https:\/\/www.madrimasd.org\/blogs\/emprendedores\/wp-json\/wp\/v2\/categories?post=122403"},{"taxonomy":"post_tag","embeddable":true,"href":"https:\/\/www.madrimasd.org\/blogs\/emprendedores\/wp-json\/wp\/v2\/tags?post=122403"}],"curies":[{"name":"wp","href":"https:\/\/api.w.org\/{rel}","templated":true}]}}