{"id":133654,"date":"2012-04-30T20:37:05","date_gmt":"2012-04-30T19:37:05","guid":{"rendered":"http:\/\/www.madrimasd.org\/blogs\/emprendedores\/?p=133654"},"modified":"2012-04-30T20:37:05","modified_gmt":"2012-04-30T19:37:05","slug":"el-9-y-el-30-de-mayo-ultimas-fechas-para-presentar-candidaturas-a-los-premios-emprendedor-xxi","status":"publish","type":"post","link":"https:\/\/www.madrimasd.org\/blogs\/emprendedores\/133654\/el-9-y-el-30-de-mayo-ultimas-fechas-para-presentar-candidaturas-a-los-premios-emprendedor-xxi\/","title":{"rendered":"El 9 y el 30 de mayo, \u00faltimas fechas para presentar candidaturas a los premios Emprendedor XXI"},"content":{"rendered":"<p style=\"text-align: justify;\"><img decoding=\"async\" class=\"alignleft size-full wp-image-133656\" title=\"Logo Emprendedor XXI\" src=\"https:\/\/www.madrimasd.org\/blogs\/emprendedores\/files\/2012\/04\/Logo-Emprendedor-XXI.jpg\" alt=\"\" width=\"300\" height=\"83\" \/>Un a\u00f1o m\u00e1s, la <a href=\"http:\/\/www.madrimasd.org\">Fundaci\u00f3n madri+d<\/a> colabora en la Comunidad de Madrid con los Premios Emprendedor XX,\u00a0co-otorgados por <a href=\"http:\/\/www.lacaixa.es\">\u00abla Caixa\u00bb <\/a>y el Ministerio de Industria, Energ\u00eda y Turismo a\u00a0trav\u00e9s de <a href=\"http:\/\/www.enisa.es\">ENISA<\/a> en su sexta edici\u00f3n. Otras entidades colaboradoras son <a href=\"http:\/\/www.ajemadrid.es\">AJE Madrid<\/a> y la <a href=\"http:\/\/www.camaramadrid.es\">C\u00e1mara<\/a> de Comercio de Madrid.\u00a0El Premio est\u00e1 dirigido a PYMEs con\u00a0un alto componente de innovaci\u00f3n, entendi\u00e9ndose esa innovaci\u00f3n en\u00a0sentido amplio (producto, procesos, modelo de negocio\u2026) y cuyo(s) fundador(es) deber\u00e1(n) \u00a0liderar la empresa y trabajar principalmente en ella.<!--more--><\/p>\n<p style=\"text-align: justify;\">Consta de dos categor\u00edas: emprendesXXI (inicio de actividad de la empresa no antes del 1 de enero de 2010)\u00a0y crecesXXI (inicio de actividad\u00a0entre el 1 de enero de 2005 y el 31 de diciembre de 2009).\u00a0Se trata de la convocatoria para emprendedores con mayor dotaci\u00f3n econ\u00f3mica, con premios para 42 empresas y un <strong>premio principal de 100.000\u20ac.<\/strong><\/p>\n<p style=\"text-align: justify;\">La presentaci\u00f3n de candidaturas \u00a0finaliza el\u00a0d\u00eda <strong>9 de mayo de 2012 <\/strong>para la categor\u00eda emprendesXXI, y el <strong>30 de mayo<\/strong> para la categor\u00eda\u00a0crecesXXI.<\/p>\n<p style=\"text-align: justify;\">Puedes encontrar las categor\u00edas, bases y premios <a href=\"http:\/\/premio2012.emprendedorxxi.es\/\">aqu\u00ed.<\/a><\/p>\n","protected":false},"excerpt":{"rendered":"<p>Un a\u00f1o m\u00e1s, la Fundaci\u00f3n madri+d colabora en la Comunidad de Madrid con los Premios Emprendedor XX,\u00a0co-otorgados por \u00abla Caixa\u00bb y el Ministerio de Industria, Energ\u00eda y Turismo a\u00a0trav\u00e9s de ENISA en su sexta edici\u00f3n. Otras entidades colaboradoras son AJE Madrid y la C\u00e1mara de Comercio de Madrid.\u00a0El Premio est\u00e1 dirigido a PYMEs con\u00a0un alto componente de innovaci\u00f3n, entendi\u00e9ndose esa innovaci\u00f3n en\u00a0sentido amplio (producto, procesos, modelo de negocio\u2026) y cuyo(s) fundador(es) deber\u00e1(n) \u00a0liderar la empresa y trabajar principalmente en ella.<\/p>\n","protected":false},"author":15,"featured_media":0,"comment_status":"open","ping_status":"open","sticky":false,"template":"","format":"standard","meta":{"ngg_post_thumbnail":0},"categories":[1,42133],"tags":[1728],"blocksy_meta":{"styles_descriptor":{"styles":{"desktop":"","tablet":"","mobile":""},"google_fonts":[],"version":4}},"aioseo_notices":[],"_links":{"self":[{"href":"https:\/\/www.madrimasd.org\/blogs\/emprendedores\/wp-json\/wp\/v2\/posts\/133654"}],"collection":[{"href":"https:\/\/www.madrimasd.org\/blogs\/emprendedores\/wp-json\/wp\/v2\/posts"}],"about":[{"href":"https:\/\/www.madrimasd.org\/blogs\/emprendedores\/wp-json\/wp\/v2\/types\/post"}],"author":[{"embeddable":true,"href":"https:\/\/www.madrimasd.org\/blogs\/emprendedores\/wp-json\/wp\/v2\/users\/15"}],"replies":[{"embeddable":true,"href":"https:\/\/www.madrimasd.org\/blogs\/emprendedores\/wp-json\/wp\/v2\/comments?post=133654"}],"version-history":[{"count":3,"href":"https:\/\/www.madrimasd.org\/blogs\/emprendedores\/wp-json\/wp\/v2\/posts\/133654\/revisions"}],"predecessor-version":[{"id":133658,"href":"https:\/\/www.madrimasd.org\/blogs\/emprendedores\/wp-json\/wp\/v2\/posts\/133654\/revisions\/133658"}],"wp:attachment":[{"href":"https:\/\/www.madrimasd.org\/blogs\/emprendedores\/wp-json\/wp\/v2\/media?parent=133654"}],"wp:term":[{"taxonomy":"category","embeddable":true,"href":"https:\/\/www.madrimasd.org\/blogs\/emprendedores\/wp-json\/wp\/v2\/categories?post=133654"},{"taxonomy":"post_tag","embeddable":true,"href":"https:\/\/www.madrimasd.org\/blogs\/emprendedores\/wp-json\/wp\/v2\/tags?post=133654"}],"curies":[{"name":"wp","href":"https:\/\/api.w.org\/{rel}","templated":true}]}}