{"id":136428,"date":"2014-09-29T12:43:20","date_gmt":"2014-09-29T11:43:20","guid":{"rendered":"http:\/\/www.madrimasd.org\/blogs\/emprendedores\/?p=136428"},"modified":"2015-03-23T17:10:32","modified_gmt":"2015-03-23T16:10:32","slug":"deberian-los-fracasos-profesionales-incluirse-en-el-curriculum-vitae-del-emprendedor-escucha-podcast","status":"publish","type":"post","link":"https:\/\/www.madrimasd.org\/blogs\/emprendedores\/136428\/deberian-los-fracasos-profesionales-incluirse-en-el-curriculum-vitae-del-emprendedor-escucha-podcast\/","title":{"rendered":"\u00bfDeber\u00edan los fracasos profesionales incluirse en el curriculum vitae del emprendedor?  Escucha podcast"},"content":{"rendered":"<p style=\"text-align: justify;\">\u00bfCuando surge la idea de hacerse emprendedor? Cuando comienzas a desarrollar una empresa muchos son los que se acercan a ayudarte pero pocos de forma verdaderamente altruista.\u00a0\u00bfEn qu\u00e9 andaba flojo y me ayudo mi mentor? Mi mentor me ayud\u00f3 a pisar la calle, aprend\u00ed la importancia de llegar al mercado d\u00eda a d\u00eda, a no disparar a cualquier tipo de cliente a focalizar mis esfuerzos.<\/p>\n<p style=\"text-align: justify;\">\u00bfC\u00f3mo funciona el mentoring grupal? Hay un mentor que es como el m\u00e9dico de cabecera, m\u00e1s generalista y que a medida que se avanza va se\u00f1alando otros\u00a0mentores con un grado de conocimiento m\u00e1s profundo en otras materias (estrategia, comercial, planificaci\u00f3n, recursos humanos).<\/p>\n<p style=\"text-align: justify;\">Programa del 30\u00a0de septiembre\u00a02014.<\/p>\n<p style=\"text-align: justify;\">En este programa intervienen:<\/p>\n<p style=\"text-align: justify;\"><a href=\"https:\/\/www.linkedin.com\/pub\/gonzalo-mart%C3%ADn-d%C3%ADaz\/12\/641\/875\" target=\"_blank\">Gonzalo Mart\u00edn Diaz<\/a>\u00a0CEO y Co-fundador de\u00a0<a href=\"http:\/\/www.cubenube.com\" target=\"_blank\">Cubenube<\/a><br \/>\n<a href=\"http:\/\/www.fundaciondirectivos.com\/?page_id=2\" target=\"_blank\">Ram\u00f3n de Luis Serrano<\/a>\u00a0Fundaci\u00f3n Directivos, Mentor de la Red de mentores de Madrid, Consejero Delegado de Repsol Butano<br \/>\nPrograma de Radio:\u00a0<a href=\"http:\/\/capitalradio.es\/audios\/20140929_CAPITAL_MENTORING.MP3\" target=\"_blank\">Escuchar Podcast<\/a>\u00a0(a partir minuto 9&#8242;)<\/p>\n","protected":false},"excerpt":{"rendered":"<p>\u00bfCuando surge la idea de hacerse emprendedor? Cuando comienzas a desarrollar una empresa muchos son los que se acercan a ayudarte pero pocos de forma verdaderamente altruista.\u00a0\u00bfEn qu\u00e9 andaba flojo y me ayudo mi mentor? Mi mentor me ayud\u00f3 a pisar la calle, aprend\u00ed la importancia de llegar al mercado d\u00eda a d\u00eda, a no disparar a cualquier tipo de cliente a focalizar mis esfuerzos. \u00bfC\u00f3mo funciona el mentoring grupal? Hay un mentor que es como el m\u00e9dico de cabecera, m\u00e1s generalista y que a medida que se avanza va se\u00f1alando otros\u00a0mentores con un grado de conocimiento m\u00e1s profundo en\u2026<\/p>\n","protected":false},"author":198,"featured_media":0,"comment_status":"open","ping_status":"open","sticky":false,"template":"","format":"standard","meta":{"ngg_post_thumbnail":0},"categories":[1,37435],"tags":[25870],"blocksy_meta":{"styles_descriptor":{"styles":{"desktop":"","tablet":"","mobile":""},"google_fonts":[],"version":4}},"aioseo_notices":[],"_links":{"self":[{"href":"https:\/\/www.madrimasd.org\/blogs\/emprendedores\/wp-json\/wp\/v2\/posts\/136428"}],"collection":[{"href":"https:\/\/www.madrimasd.org\/blogs\/emprendedores\/wp-json\/wp\/v2\/posts"}],"about":[{"href":"https:\/\/www.madrimasd.org\/blogs\/emprendedores\/wp-json\/wp\/v2\/types\/post"}],"author":[{"embeddable":true,"href":"https:\/\/www.madrimasd.org\/blogs\/emprendedores\/wp-json\/wp\/v2\/users\/198"}],"replies":[{"embeddable":true,"href":"https:\/\/www.madrimasd.org\/blogs\/emprendedores\/wp-json\/wp\/v2\/comments?post=136428"}],"version-history":[{"count":7,"href":"https:\/\/www.madrimasd.org\/blogs\/emprendedores\/wp-json\/wp\/v2\/posts\/136428\/revisions"}],"predecessor-version":[{"id":136948,"href":"https:\/\/www.madrimasd.org\/blogs\/emprendedores\/wp-json\/wp\/v2\/posts\/136428\/revisions\/136948"}],"wp:attachment":[{"href":"https:\/\/www.madrimasd.org\/blogs\/emprendedores\/wp-json\/wp\/v2\/media?parent=136428"}],"wp:term":[{"taxonomy":"category","embeddable":true,"href":"https:\/\/www.madrimasd.org\/blogs\/emprendedores\/wp-json\/wp\/v2\/categories?post=136428"},{"taxonomy":"post_tag","embeddable":true,"href":"https:\/\/www.madrimasd.org\/blogs\/emprendedores\/wp-json\/wp\/v2\/tags?post=136428"}],"curies":[{"name":"wp","href":"https:\/\/api.w.org\/{rel}","templated":true}]}}