{"id":136549,"date":"2014-11-03T14:12:09","date_gmt":"2014-11-03T13:12:09","guid":{"rendered":"http:\/\/www.madrimasd.org\/blogs\/emprendedores\/?p=136549"},"modified":"2015-03-23T17:06:45","modified_gmt":"2015-03-23T16:06:45","slug":"cuanto-tiempo-tiene-que-esperar-una-start-up-para-salir-a-vender-mentoring-escucha-podcast","status":"publish","type":"post","link":"https:\/\/www.madrimasd.org\/blogs\/emprendedores\/136549\/cuanto-tiempo-tiene-que-esperar-una-start-up-para-salir-a-vender-mentoring-escucha-podcast\/","title":{"rendered":"\u00bfCuanto tiempo tiene que esperar una start-up para salir a vender? Mentoring. Escucha podcast."},"content":{"rendered":"<ul style=\"border: 0px; font-family: 'Helvetica Neue', Helvetica, Arial, sans-serif; font-size: 13.3333339691162px; margin: 0px 0px 20px 3em; outline: 0px; padding: 0px; vertical-align: baseline; list-style-position: initial; list-style-image: initial; color: #404040; line-height: 20px;\">\n<li style=\"border: 0px; font-family: inherit; font-size: 13.3333339691162px; font-style: inherit; font-weight: inherit; margin: 0px; outline: 0px; padding: 0px; vertical-align: baseline;\">\u00bfPor qu\u00e9 nos cuesta tanto salir a vender?<\/li>\n<li style=\"border: 0px; font-family: inherit; font-size: 13.3333339691162px; font-style: inherit; font-weight: inherit; margin: 0px; outline: 0px; padding: 0px; vertical-align: baseline;\">\u00bfCuanto tiempo tiene que esperar una start-up para salir a vender?<\/li>\n<li style=\"border: 0px; font-family: inherit; font-size: 13.3333339691162px; font-style: inherit; font-weight: inherit; margin: 0px; outline: 0px; padding: 0px; vertical-align: baseline;\">\u00bfQu\u00e9 lugar es mejor para practicar el mentoring?<\/li>\n<li style=\"border: 0px; font-family: inherit; font-size: 13.3333339691162px; font-style: inherit; font-weight: inherit; margin: 0px; outline: 0px; padding: 0px; vertical-align: baseline;\">El mercado es el que te tiene que dar la raz\u00f3n<\/li>\n<\/ul>\n<p style=\"border: 0px; font-family: 'Helvetica Neue', Helvetica, Arial, sans-serif; font-size: 13.3333339691162px; margin: 0px 0px 1.5em; outline: 0px; padding: 0px; vertical-align: baseline; color: #404040; line-height: 20px;\"><span style=\"font-size: 13.3333339691162px;\">Podcasts del programa de mentoring que la Red de mentores de Madrid tiene en Capital radio con\u00a0<\/span><a style=\"border: 0px; font-family: inherit; font-size: 13.3333339691162px; font-style: inherit; font-weight: inherit; margin: 0px; outline: 0px; padding: 0px; vertical-align: baseline; color: #117bb8;\" href=\"https:\/\/www.linkedin.com\/in\/luisvicentemunoz\" target=\"_blank\">Luis Vicente Mu\u00f1oz<\/a><span style=\"font-size: 13.3333339691162px;\">.<\/span><\/p>\n<p style=\"border: 0px; font-family: 'Helvetica Neue', Helvetica, Arial, sans-serif; font-size: 13.3333339691162px; margin: 0px 0px 1.5em; outline: 0px; padding: 0px; vertical-align: baseline; color: #404040; line-height: 20px;\"><strong>Programa del 3 de noviembre de\u00a02014.<\/strong><\/p>\n<p style=\"border: 0px; font-family: 'Helvetica Neue', Helvetica, Arial, sans-serif; font-size: 13.3333339691162px; margin: 0px 0px 1.5em; outline: 0px; padding: 0px; vertical-align: baseline; color: #404040; line-height: 20px;\">En este programa intervienen:<\/p>\n<p style=\"border: 0px; font-family: 'Helvetica Neue', Helvetica, Arial, sans-serif; font-size: 13.3333339691162px; margin: 0px 0px 1.5em; outline: 0px; padding: 0px; vertical-align: baseline; color: #404040; line-height: 20px;\"><a style=\"border: 0px; font-family: inherit; font-size: 13.3333339691162px; font-style: inherit; font-weight: inherit; margin: 0px; outline: 0px; padding: 0px; vertical-align: baseline; color: #117bb8;\" href=\"https:\/\/www.linkedin.com\/pub\/manuel-soriano-baeza\/b\/245\/77b\" target=\"_blank\">Manuel Soriano Baeza\u00a0<\/a>\u00a0Mentor de la Red de Mentores de Madri+d.<br \/>\n<a style=\"border: 0px; font-family: inherit; font-size: 13.3333339691162px; font-style: inherit; font-weight: inherit; margin: 0px; outline: 0px; padding: 0px; vertical-align: baseline; color: #117bb8;\" href=\"https:\/\/www.linkedin.com\/pub\/pedro-mayoral-sanz\/51\/823\/127\" target=\"_blank\">Pedro Mayoral<\/a>\u00a0Director de Lir\u00f3n en Oxym\u00e1s M\u00e9dical \u00a0y participante como mentorizado en\u00a0la\u00a0Red de Mentores de Madri+d<\/p>\n<p style=\"border: 0px; font-family: 'Helvetica Neue', Helvetica, Arial, sans-serif; font-size: 13.3333339691162px; margin: 0px 0px 1.5em; outline: 0px; padding: 0px; vertical-align: baseline; color: #404040; line-height: 20px;\"><a style=\"border: 0px; font-family: inherit; font-size: 13.3333339691162px; font-style: inherit; font-weight: inherit; margin: 0px; outline: 0px; padding: 0px; vertical-align: baseline; color: #117bb8;\" href=\"https:\/\/www.linkedin.com\/in\/juliorodriguezdiaz\" target=\"_blank\">Julio Rodr\u00edguez Diaz<\/a>. Director de la\u00a0<a style=\"border: 0px; font-family: inherit; font-size: 13.3333339691162px; font-style: inherit; font-weight: inherit; margin: 0px; outline: 0px; padding: 0px; vertical-align: baseline; color: #117bb8;\" href=\"http:\/\/www.redmentoresmadrid.es\/\" target=\"_blank\">Red de mentores de Madri+d<\/a>.<br \/>\nPrograma de Radio:<a style=\"border: 0px; font-family: inherit; font-size: 13.3333339691162px; font-style: inherit; font-weight: inherit; margin: 0px; outline: 0px; padding: 0px; vertical-align: baseline; color: #117bb8;\" href=\"http:\/\/capitalradio.es\/audios\/20141103_CAPITAL_MENTORING.MP3\" target=\"_blank\">\u00a0Escuchar Podcast\u00a0<\/a>(a partir minuto 09:00\u2032)<\/p>\n<p>&nbsp;<\/p>\n","protected":false},"excerpt":{"rendered":"<p>\u00bfPor qu\u00e9 nos cuesta tanto salir a vender? \u00bfCuanto tiempo tiene que esperar una start-up para salir a vender? \u00bfQu\u00e9 lugar es mejor para practicar el mentoring? El mercado es el que te tiene que dar la raz\u00f3n Podcasts del programa de mentoring que la Red de mentores de Madrid tiene en Capital radio con\u00a0Luis Vicente Mu\u00f1oz. Programa del 3 de noviembre de\u00a02014. En este programa intervienen: Manuel Soriano Baeza\u00a0\u00a0Mentor de la Red de Mentores de Madri+d. Pedro Mayoral\u00a0Director de Lir\u00f3n en Oxym\u00e1s M\u00e9dical \u00a0y participante como mentorizado en\u00a0la\u00a0Red de Mentores de Madri+d Julio Rodr\u00edguez Diaz. Director de la\u00a0Red de\u2026<\/p>\n","protected":false},"author":198,"featured_media":0,"comment_status":"open","ping_status":"open","sticky":false,"template":"","format":"standard","meta":{"ngg_post_thumbnail":0},"categories":[1,37435],"tags":[25870],"blocksy_meta":{"styles_descriptor":{"styles":{"desktop":"","tablet":"","mobile":""},"google_fonts":[],"version":4}},"aioseo_notices":[],"_links":{"self":[{"href":"https:\/\/www.madrimasd.org\/blogs\/emprendedores\/wp-json\/wp\/v2\/posts\/136549"}],"collection":[{"href":"https:\/\/www.madrimasd.org\/blogs\/emprendedores\/wp-json\/wp\/v2\/posts"}],"about":[{"href":"https:\/\/www.madrimasd.org\/blogs\/emprendedores\/wp-json\/wp\/v2\/types\/post"}],"author":[{"embeddable":true,"href":"https:\/\/www.madrimasd.org\/blogs\/emprendedores\/wp-json\/wp\/v2\/users\/198"}],"replies":[{"embeddable":true,"href":"https:\/\/www.madrimasd.org\/blogs\/emprendedores\/wp-json\/wp\/v2\/comments?post=136549"}],"version-history":[{"count":5,"href":"https:\/\/www.madrimasd.org\/blogs\/emprendedores\/wp-json\/wp\/v2\/posts\/136549\/revisions"}],"predecessor-version":[{"id":136943,"href":"https:\/\/www.madrimasd.org\/blogs\/emprendedores\/wp-json\/wp\/v2\/posts\/136549\/revisions\/136943"}],"wp:attachment":[{"href":"https:\/\/www.madrimasd.org\/blogs\/emprendedores\/wp-json\/wp\/v2\/media?parent=136549"}],"wp:term":[{"taxonomy":"category","embeddable":true,"href":"https:\/\/www.madrimasd.org\/blogs\/emprendedores\/wp-json\/wp\/v2\/categories?post=136549"},{"taxonomy":"post_tag","embeddable":true,"href":"https:\/\/www.madrimasd.org\/blogs\/emprendedores\/wp-json\/wp\/v2\/tags?post=136549"}],"curies":[{"name":"wp","href":"https:\/\/api.w.org\/{rel}","templated":true}]}}