{"id":84534,"date":"2008-02-15T04:01:00","date_gmt":"2008-02-15T04:01:00","guid":{"rendered":"http:\/\/weblogs.madrimasd.org\/\/emprendedores\/archive\/2008\/02\/15\/84534.aspx"},"modified":"2008-02-15T04:01:00","modified_gmt":"2008-02-15T04:01:00","slug":"bruselas-nos-aprueba-las-vacaciones-fiscales-por-id","status":"publish","type":"post","link":"https:\/\/www.madrimasd.org\/blogs\/emprendedores\/84534\/bruselas-nos-aprueba-las-vacaciones-fiscales-por-id\/","title":{"rendered":"Bruselas nos aprueba las vacaciones fiscales por I+D"},"content":{"rendered":"<p><span style=\"font-size: 11pt;\">Es sabido que a la Uni\u00f3n Europea no esprecisamente que le entusiasmen las vacaciones fiscales, y son varios losejemplos de normativa fiscal espa\u00f1ola que Bruselas ha invalidado.<o:p><\/o:p><\/span> <span style=\"font-size: 11pt;\">Debemos estar pues de enhorabuena cuando laComisi\u00f3n Europea, en<o:p><\/o:p><\/span><span style=\"font-size: 11pt;\"> virtud de las normas del Tratado CE relativas a las ayudas estatales, haautorizado a Espa\u00f1a a conceder una exenci\u00f3n del impuesto de sociedadesaplicable a los ingresos procedentes de patentes, dise\u00f1os, modelos, planos yf\u00f3rmulas y procesos secretos.<\/span><font color=\"#003366\"><font size=\"1\"><font face=\"Verdana,Arial\"><br \/>&nbsp;<\/font><\/font><\/font><\/p>\n<p><!--more-->El Derecho Comunitario exige justificar bien las exenciones, de modo que ha considerado que <span style=\"font-size: 11pt;\">e<i>s una medida de car\u00e1cter general destinada a crear un incentivo paraque las empresas inviertan en I+D en beneficio de la econom\u00eda espa\u00f1ola en suconjunto. <\/i><b><i>No est\u00e1 destinada a una categor\u00eda espec\u00edfica de empresa o regi\u00f3n porlo que no constituye una ayuda estatal.<\/i> <\/b>\u00bfVerdad que no comulgamos con ruedas de molino?<\/span><br \/><span style=\"font-size: 11pt;\">En particular, se ha constatado que todas lasempresas, con independencia de su tama\u00f1o o sector, podr\u00e1n acceder a la exenci\u00f3nfiscal, que no habr\u00e1 restricciones con respecto a la localizaci\u00f3n de lasactividades elegibles, y que la administraci\u00f3n p\u00fablica no tendr\u00e1 poderdiscrecional sobre la aplicaci\u00f3n de la medida puesto que los criterios sonobjetivos y est\u00e1n definidos previamente en las normas de aplicaci\u00f3n.<\/span><span style=\"font-size: 11pt;\">&nbsp;<o:p><\/o:p><\/span> <\/p>\n","protected":false},"excerpt":{"rendered":"<p>Es sabido que a la Uni\u00f3n Europea no esprecisamente que le entusiasmen las vacaciones fiscales, y son varios losejemplos de normativa fiscal espa\u00f1ola que Bruselas ha invalidado. Debemos estar pues de enhorabuena cuando laComisi\u00f3n Europea, en virtud de las normas del Tratado CE relativas a las ayudas estatales, haautorizado a Espa\u00f1a a conceder una exenci\u00f3n del impuesto de sociedadesaplicable a los ingresos procedentes de patentes, dise\u00f1os, modelos, planos yf\u00f3rmulas y procesos secretos.&nbsp;<\/p>\n","protected":false},"author":152,"featured_media":0,"comment_status":"open","ping_status":"open","sticky":false,"template":"","format":"standard","meta":{"ngg_post_thumbnail":0},"categories":[1],"tags":[],"blocksy_meta":{"styles_descriptor":{"styles":{"desktop":"","tablet":"","mobile":""},"google_fonts":[],"version":4}},"aioseo_notices":[],"_links":{"self":[{"href":"https:\/\/www.madrimasd.org\/blogs\/emprendedores\/wp-json\/wp\/v2\/posts\/84534"}],"collection":[{"href":"https:\/\/www.madrimasd.org\/blogs\/emprendedores\/wp-json\/wp\/v2\/posts"}],"about":[{"href":"https:\/\/www.madrimasd.org\/blogs\/emprendedores\/wp-json\/wp\/v2\/types\/post"}],"author":[{"embeddable":true,"href":"https:\/\/www.madrimasd.org\/blogs\/emprendedores\/wp-json\/wp\/v2\/users\/152"}],"replies":[{"embeddable":true,"href":"https:\/\/www.madrimasd.org\/blogs\/emprendedores\/wp-json\/wp\/v2\/comments?post=84534"}],"version-history":[{"count":0,"href":"https:\/\/www.madrimasd.org\/blogs\/emprendedores\/wp-json\/wp\/v2\/posts\/84534\/revisions"}],"wp:attachment":[{"href":"https:\/\/www.madrimasd.org\/blogs\/emprendedores\/wp-json\/wp\/v2\/media?parent=84534"}],"wp:term":[{"taxonomy":"category","embeddable":true,"href":"https:\/\/www.madrimasd.org\/blogs\/emprendedores\/wp-json\/wp\/v2\/categories?post=84534"},{"taxonomy":"post_tag","embeddable":true,"href":"https:\/\/www.madrimasd.org\/blogs\/emprendedores\/wp-json\/wp\/v2\/tags?post=84534"}],"curies":[{"name":"wp","href":"https:\/\/api.w.org\/{rel}","templated":true}]}}