{"id":85312,"date":"2008-02-25T05:42:00","date_gmt":"2008-02-25T05:42:00","guid":{"rendered":"http:\/\/weblogs.madrimasd.org\/\/emprendedores\/archive\/2008\/02\/25\/85312.aspx"},"modified":"2008-02-25T05:42:00","modified_gmt":"2008-02-25T05:42:00","slug":"los-emprendedores-no-cuentan-ante-el-9-m-de-momento","status":"publish","type":"post","link":"https:\/\/www.madrimasd.org\/blogs\/emprendedores\/85312\/los-emprendedores-no-cuentan-ante-el-9-m-de-momento\/","title":{"rendered":"Los emprendedores no cuentan ante el 9-M,&#8230; de momento"},"content":{"rendered":"<p><a href=\"http:\/\/www.cincodias.com\/articulo\/opinion\/Elecciones\/suenos\/clave\/emprendedora\/cdsopiE00\/20080222cdscdiopi_6\/Tes\/\">Cinco d\u00edas<\/a> publica un interesante art\u00edculo de opini\u00f3n de Manuel Bermejo: <i>Vemos gui\u00f1os electorales que afectan a colectivos muy variados peroapenas he escuchado hablar a nuestros l\u00edderes de la necesidad de contarcon una sociedad m\u00e1s emprendedora<\/i>. Pese a que pol\u00edticos y rectores universitarios han asumido la figura del emprendedor de base tecnol\u00f3gica como algo positivo para la sociedad, pese a que socialmente se ha desligado la figura del emprendedor de la del empresario, pese a que el equipo que opta por transferir tecnolog\u00eda al tejido productivo a trav\u00e9s de una spin-off es ya algo bien visto; nos encontramos ante una encrucijada provocada por la globalizaci\u00f3n y, en lo dom\u00e9stico, por la puesta en marcha de la Ley Org\u00e1nica de Universidades. Todo apunta a que las nuevas iniciativas gubernamentales, que se antojan imprescindibles en este \u00e1rea, tendr\u00e1n que esperar a despu\u00e9s de las Elecciones \u00bfo es que alguien le va a poner el cascabel al gato?<br \/><!--more-->\u00bfRealmente existe un compromiso de los partidos pol\u00edticos con la creaci\u00f3n de NEBTs? \u00bfHay todav\u00eda qui\u00e9n piensa que apoyar abiertamente a esta \u00abmini-patronal\u00bb puede restar votos, o no sumarlos? Manuel Bermejo se pregunta en su art\u00edculo: <i>\u00bfPor qu\u00e9 no dise\u00f1ar un entorno que favorezca la creaci\u00f3n de m\u00e1sempresas de base tecnol\u00f3gica facilitando los spin off desde empresas,universidades y centros de investigaci\u00f3n?<\/i> <br \/>Realmente las declaraciones p\u00fablicas de los actores involucrados en dise\u00f1ar ese entorno de apoyo van en esa l\u00ednea, pero los hechos son tercos, y son tercos porque, de momento, no hay hechos. Estamos en campa\u00f1a, es decir, en una subasta de ofertas y medidas que tratan de ara\u00f1ar votos, es cierto,&nbsp; sois pocos los emprendedores que aspir\u00e1is a romper el mercado con vuestra idea, y por ah\u00ed no vamos a convencer al pol\u00edtico de turno de entrar a pujar por vuestros votos, tambi\u00e9n podemos entonar un <i>mea culpa<\/i>: desde las Administraciones del Estado tampoco hemos dado un argumento contundente poniendo negro sobre blanco el impacto social y econ\u00f3mico de las NEBTs, quiz\u00e1s haya llegado el momento de ponerse manos a la obra&#8230;<\/p>\n","protected":false},"excerpt":{"rendered":"<p>Cinco d\u00edas publica un interesante art\u00edculo de opini\u00f3n de Manuel Bermejo: Vemos gui\u00f1os electorales que afectan a colectivos muy variados peroapenas he escuchado hablar a nuestros l\u00edderes de la necesidad de contarcon una sociedad m\u00e1s emprendedora. Pese a que pol\u00edticos y rectores universitarios han asumido la figura del emprendedor de base tecnol\u00f3gica como algo positivo para la sociedad, pese a que socialmente se ha desligado la figura del emprendedor de la del empresario, pese a que el equipo que opta por transferir tecnolog\u00eda al tejido productivo a trav\u00e9s de una spin-off es ya algo bien visto; nos encontramos ante una\u2026<\/p>\n","protected":false},"author":152,"featured_media":0,"comment_status":"open","ping_status":"open","sticky":false,"template":"","format":"standard","meta":{"ngg_post_thumbnail":0},"categories":[1],"tags":[],"blocksy_meta":{"styles_descriptor":{"styles":{"desktop":"","tablet":"","mobile":""},"google_fonts":[],"version":4}},"aioseo_notices":[],"_links":{"self":[{"href":"https:\/\/www.madrimasd.org\/blogs\/emprendedores\/wp-json\/wp\/v2\/posts\/85312"}],"collection":[{"href":"https:\/\/www.madrimasd.org\/blogs\/emprendedores\/wp-json\/wp\/v2\/posts"}],"about":[{"href":"https:\/\/www.madrimasd.org\/blogs\/emprendedores\/wp-json\/wp\/v2\/types\/post"}],"author":[{"embeddable":true,"href":"https:\/\/www.madrimasd.org\/blogs\/emprendedores\/wp-json\/wp\/v2\/users\/152"}],"replies":[{"embeddable":true,"href":"https:\/\/www.madrimasd.org\/blogs\/emprendedores\/wp-json\/wp\/v2\/comments?post=85312"}],"version-history":[{"count":0,"href":"https:\/\/www.madrimasd.org\/blogs\/emprendedores\/wp-json\/wp\/v2\/posts\/85312\/revisions"}],"wp:attachment":[{"href":"https:\/\/www.madrimasd.org\/blogs\/emprendedores\/wp-json\/wp\/v2\/media?parent=85312"}],"wp:term":[{"taxonomy":"category","embeddable":true,"href":"https:\/\/www.madrimasd.org\/blogs\/emprendedores\/wp-json\/wp\/v2\/categories?post=85312"},{"taxonomy":"post_tag","embeddable":true,"href":"https:\/\/www.madrimasd.org\/blogs\/emprendedores\/wp-json\/wp\/v2\/tags?post=85312"}],"curies":[{"name":"wp","href":"https:\/\/api.w.org\/{rel}","templated":true}]}}