{"id":85782,"date":"2008-03-03T07:07:00","date_gmt":"2008-03-03T07:07:00","guid":{"rendered":"http:\/\/weblogs.madrimasd.org\/\/emprendedores\/archive\/2008\/03\/03\/85782.aspx"},"modified":"2008-03-03T07:07:00","modified_gmt":"2008-03-03T07:07:00","slug":"el-%e2%80%9cvivero-de-empresas%e2%80%9d-de-la-universidad-rey-juan-carlos-en-vicalvaro-ya-ha-comenzado-sus-actividades","status":"publish","type":"post","link":"https:\/\/www.madrimasd.org\/blogs\/emprendedores\/85782\/el-%e2%80%9cvivero-de-empresas%e2%80%9d-de-la-universidad-rey-juan-carlos-en-vicalvaro-ya-ha-comenzado-sus-actividades\/","title":{"rendered":"El \u201cvivero de empresas\u201d de la Universidad Rey Juan Carlos en Vic\u00e1lvaro ya ha comenzado sus actividades"},"content":{"rendered":"<p><span style=\"font-size: 11pt; font-family: Arial;\">El vivero forma parte de un ambicioso programa de <st1:personname productid=\"la Agencia\" u1:st=\"on\">laAgencia<\/st1:personname> de Desarrollo Econ\u00f3mico del Ayuntamiento de Madrid-Madrid Emprende- y <b>est\u00e1 situado muy cerca del campus de Vic\u00e1lvaro<\/b>, enla calle <b>Villablanca n. 85<\/b>, muy bien comunicado, a escasos metros delcercan\u00edas y metro, con acceso directo desde <st1:personname productid=\"la M-40\" u1:st=\"on\">laM-40<\/st1:personname>, <st1:personname productid=\"la A\" u1:st=\"on\">la A<\/st1:personname>\u00b73y <st1:personname productid=\"la R-3\" u1:st=\"on\">la R-3<\/st1:personname>,asimismo pasan por su puerta las l\u00edneas de autobuses 100 y 106.<o:p><\/o:p><\/span><span style=\"font-size: 11pt; font-family: Arial;\"> Este centro cuenta con un innovador y pionero sistema degesti\u00f3n.<\/span><!--more--><span style=\"font-size: 11pt; font-family: Arial;\"><\/span><span style=\"font-size: 11pt; font-family: Arial;\"> <st1:personname productid=\"La Agencia Madrid\" u1:st=\"on\">La AgenciaMadrid<\/st1:personname> Emprende alcanz\u00f3 un acuerdo con <st1:personname productid=\"la Universidad Rey\" u1:st=\"on\">la<b>Universidad Rey<\/b><\/st1:personname><b> Juan Carlos<\/b> por el cual, <st1:personname productid=\"la Universidad\" u1:st=\"on\">laUniversidad<\/st1:personname> presta <b>soporte t\u00e9cnico<\/b> en todos losniveles, tanto a las nuevas iniciativas emprendedoras como a las empresas yempresarios ya existentes en el distrito. Esto en la pr\u00e1ctica supone poner adisposici\u00f3n de las futuras empresas y empresarios todo el arsenal deconocimiento acad\u00e9mico que tiene <st1:personname productid=\"la Universidad.\" u1:st=\"on\">laUniversidad.<o:p><\/o:p><\/st1:personname><\/span><span style=\"font-size: 11pt; font-family: Arial;\">Las actividades del Centro son muy variadas, su moderna yfuncional sede alberga un \u00e1rea destinada a ser la incubadora de proyectosempresariales, donde los emprendedores dispondr\u00e1n de un entorno de trabajo y unactivo apoyo y asesoramiento para convertir sus ideas en un plan de negocioviable. Asimismo, cuenta con un \u201cvivero de empresas\u201d propiamente dicho quedispone de <b>28 oficinas de distintos tama\u00f1os<\/b>, totalmente equipadas, queser\u00e1n alquiladas <b>a un precio p\u00fablico muy atractivo<\/b>. Precio en el que nos\u00f3lo se incluye la utilizaci\u00f3n del local, sino una amplia oferta de <b>servicios<\/b>(recepci\u00f3n, centralita, vigilancia, zona de descanso, salas de reuniones, sal\u00f3nde actos, sala de exposiciones), adem\u00e1s de contar con todo el apoyo de losprofesionales de <st1:personname productid=\"la Universidad\" u1:st=\"on\">laUniversidad<\/st1:personname>, que facilitar\u00e1n su colaboraci\u00f3n operativa en eldesarrollo de los proyectos, as\u00ed como sesiones de consultor\u00eda y formaci\u00f3n.<o:p><\/o:p><\/span><span style=\"font-size: 11pt; font-family: Arial;\">El Vivero est\u00e1 dirigido a todos aquellos que formen parte dela <strong><span style=\"font-family: Arial;\">comunidad universitaria y al p\u00fablicoen general interesado<\/span><\/strong>. El acceso a este vivero ser\u00e1 porconcurso p\u00fablico del Ayuntamiento&nbsp;de Madrid. <o:p><\/o:p><\/span><span style=\"font-size: 11pt; font-family: Arial;\">No lo dudes, si necesitas m\u00e1s informaci\u00f3n sobre esteinnovador proyecto, tienes m\u00e1s informaci\u00f3n en la p\u00e1gina web <a href=\"http:\/\/www.urjc.es\/catedramadridemprende\">www.urjc.es\/catedramadridemprende<\/a>o env\u00eda un correo a <a href=\"mailto:catedra.madridemprende@urjc.es\">catedra.madridemprende@urjc.es<\/a>o en el propio Centro.<o:p><\/o:p><\/span><\/p>\n","protected":false},"excerpt":{"rendered":"<p>El vivero forma parte de un ambicioso programa de laAgencia de Desarrollo Econ\u00f3mico del Ayuntamiento de Madrid-Madrid Emprende- y est\u00e1 situado muy cerca del campus de Vic\u00e1lvaro, enla calle Villablanca n. 85, muy bien comunicado, a escasos metros delcercan\u00edas y metro, con acceso directo desde laM-40, la A\u00b73y la R-3,asimismo pasan por su puerta las l\u00edneas de autobuses 100 y 106. Este centro cuenta con un innovador y pionero sistema degesti\u00f3n.<\/p>\n","protected":false},"author":152,"featured_media":0,"comment_status":"open","ping_status":"open","sticky":false,"template":"","format":"standard","meta":{"ngg_post_thumbnail":0},"categories":[1],"tags":[],"blocksy_meta":{"styles_descriptor":{"styles":{"desktop":"","tablet":"","mobile":""},"google_fonts":[],"version":4}},"aioseo_notices":[],"_links":{"self":[{"href":"https:\/\/www.madrimasd.org\/blogs\/emprendedores\/wp-json\/wp\/v2\/posts\/85782"}],"collection":[{"href":"https:\/\/www.madrimasd.org\/blogs\/emprendedores\/wp-json\/wp\/v2\/posts"}],"about":[{"href":"https:\/\/www.madrimasd.org\/blogs\/emprendedores\/wp-json\/wp\/v2\/types\/post"}],"author":[{"embeddable":true,"href":"https:\/\/www.madrimasd.org\/blogs\/emprendedores\/wp-json\/wp\/v2\/users\/152"}],"replies":[{"embeddable":true,"href":"https:\/\/www.madrimasd.org\/blogs\/emprendedores\/wp-json\/wp\/v2\/comments?post=85782"}],"version-history":[{"count":0,"href":"https:\/\/www.madrimasd.org\/blogs\/emprendedores\/wp-json\/wp\/v2\/posts\/85782\/revisions"}],"wp:attachment":[{"href":"https:\/\/www.madrimasd.org\/blogs\/emprendedores\/wp-json\/wp\/v2\/media?parent=85782"}],"wp:term":[{"taxonomy":"category","embeddable":true,"href":"https:\/\/www.madrimasd.org\/blogs\/emprendedores\/wp-json\/wp\/v2\/categories?post=85782"},{"taxonomy":"post_tag","embeddable":true,"href":"https:\/\/www.madrimasd.org\/blogs\/emprendedores\/wp-json\/wp\/v2\/tags?post=85782"}],"curies":[{"name":"wp","href":"https:\/\/api.w.org\/{rel}","templated":true}]}}