{"id":87192,"date":"2008-03-24T03:48:00","date_gmt":"2008-03-24T03:48:00","guid":{"rendered":"http:\/\/weblogs.madrimasd.org\/\/emprendedores\/archive\/2008\/03\/24\/87192.aspx"},"modified":"2008-03-24T03:48:00","modified_gmt":"2008-03-24T03:48:00","slug":"empleaverde-ayudas-para-empresas-del-sector-medioambiental","status":"publish","type":"post","link":"https:\/\/www.madrimasd.org\/blogs\/emprendedores\/87192\/empleaverde-ayudas-para-empresas-del-sector-medioambiental\/","title":{"rendered":"Empleaverde: ayudas para empresas del sector medioambiental"},"content":{"rendered":"<p>Fuente: <a href=\"http:\/\/www.europapress.es\/noticiasocial.aspx?cod=20080122111615&amp;ch=00318\">Europapress<\/a><br \/>La Fundaci\u00f3n Biodiversidad del Ministerio de Medio Ambiente han puesto en marcha el &#8216;Programa <a href=\"http:\/\/www.fundacion-biodiversidad.es\/opencms\/export\/fundacion-biodiversidad\/pages\/internacional\/empleaverde.htm\">Empleaverde<\/a>&#8216;hasta el 2007- 2013, para apoyar a m\u00e1s de 50.000 personas y fomentar lacreaci\u00f3n de 1.000 empresas en el sector ambiental.<br \/>La <a href=\"http:\/\/www.ayudas.net\/Programa_Empleaverde_2007_2013_mejora-11883BempleaverdeT1E0RPO1PQ.htm\">convocatoria actual<\/a> se cerrar\u00e1 el pr\u00f3ximo 31 de marzo. Esta nueva iniciativa, que gestionar\u00e1 los fondos que le han sidoasignados por el Programa Operativo Adaptabilidad y Empleo del FondoSocial Europeo (F.S.E.) para el periodo 2007-2013, cuenta con unadotaci\u00f3n total de 44,1 millones de euros.<!--more--> En el 2008 se podr\u00e1n aprobar proyectos con un importe total dequince millones de euros. Los objetivos de las iniciativas deber\u00e1n ser:promocionar y mejorar el empleo; aumentar las competencias y lacualificaci\u00f3n de los trabajadores; fomentar la creaci\u00f3n y modernizaci\u00f3nde empresas; adaptar las actividades econ\u00f3micas a la normativaambiental; e impulsar la sostenibilidad en las actividades econ\u00f3micas.<\/p>\n<p>&nbsp;&nbsp;Estos planes pueden tener una duraci\u00f3n de uno o dos a\u00f1os, supresupuesto oscilar\u00e1 entre 400.000 y 950.000 euros y recibir\u00e1n unacofinanciaci\u00f3n del FSE de un ochenta por ciento \u00f3 cincuenta por ciento,dependiendo de las regiones en las que se desarrollen.<\/p>\n<p>&nbsp;&nbsp; Las iniciativas las presentan y ejecutan entidades sin \u00e1nimo delucro, como asociaciones y federaciones empresariales, c\u00e1maras decomercio, universidades o administraciones. Las entidades que presentenel proyecto pueden encontrar el apoyo financiero para la cofinanciaci\u00f3nque necesitan en empresas o entidades sin \u00e1nimo de lucro. Todas lasactuaciones de los proyectos ser\u00e1n gratuitas para trabajadores yempresas.<\/p>\n<p>&nbsp;&nbsp; Seg\u00fan indican desde la Fundaci\u00f3n, \u00abser\u00e1n iniciativas que fomentenla eco-innovaci\u00f3n, que potencien la sostenibilidad empresarial y quepromocionen el cambio en las empresas tradicionales para poner enmarcha nuevas maneras de gesti\u00f3n. Por tanto, se buscan proyectos queconsigan resultados reales en beneficio de los trabajadores, lasempresas y el medio ambiente\u00bb.<\/p>\n<p>&nbsp;&nbsp; Las actuaciones de los proyectos del &#8216;Programa Empleaverde&#8217;pueden ser muy variadas: cursos; jornadas; congresos; premios yconcursos; diagn\u00f3sticos; estudios o la edici\u00f3n de material informativoy divulgativo. Tambi\u00e9n se apoyar\u00e1n campa\u00f1as de informaci\u00f3n ycomunicaci\u00f3n y asesor\u00edas personalizadas a trabajadores y empresas.<\/p>\n<p>&nbsp;&nbsp; Por otro lado, algunas tem\u00e1ticas de inter\u00e9s para el Programa son:agua, cambio clim\u00e1tico, energ\u00edas renovables, tecnolog\u00edas ambientales,gesti\u00f3n de residuos, agricultura ecol\u00f3gica o responsabilidad ambiental.<\/p>\n<p>&nbsp;&nbsp; Las iniciativas se destinar\u00e1n a trabajadores y directores depymes y micropymes; trabajadores por cuenta propia; profesionesliberales &#8211;abogados, economistas, o periodistas&#8211;; trabajadoresagrarios &#8211;agricultores, ganaderos, pastores, jornaleros, guardasforestales y de fincas, entre otros&#8211;; y profesionales de la educaci\u00f3n.<\/p>\n<p>&nbsp;&nbsp; Asimismo, el programa presta especial atenci\u00f3n a mujeres,discapacitados, inmigrantes, mayores de 45 a\u00f1os y trabajadores de bajacualificaci\u00f3n. Tambi\u00e9n a aquellos trabajadores ubicados en zonassometidas a despoblamiento, zonas rurales, \u00e1reas protegidas y Reservasde Biosfera; as\u00ed como a aquellos trabajadores del sector ambiental, esdecir, a aquellos que desarrollan actividades tanto de producci\u00f3n debienes como de prestaci\u00f3n de servicios que tengan por objeto prevenir,minimizar o recuperar las alteraciones de los sistemas naturales.<\/p>\n","protected":false},"excerpt":{"rendered":"<p>Fuente: EuropapressLa Fundaci\u00f3n Biodiversidad del Ministerio de Medio Ambiente han puesto en marcha el &#8216;Programa Empleaverde&#8216;hasta el 2007- 2013, para apoyar a m\u00e1s de 50.000 personas y fomentar lacreaci\u00f3n de 1.000 empresas en el sector ambiental.La convocatoria actual se cerrar\u00e1 el pr\u00f3ximo 31 de marzo. Esta nueva iniciativa, que gestionar\u00e1 los fondos que le han sidoasignados por el Programa Operativo Adaptabilidad y Empleo del FondoSocial Europeo (F.S.E.) para el periodo 2007-2013, cuenta con unadotaci\u00f3n total de 44,1 millones de euros.<\/p>\n","protected":false},"author":152,"featured_media":0,"comment_status":"open","ping_status":"open","sticky":false,"template":"","format":"standard","meta":{"ngg_post_thumbnail":0},"categories":[1],"tags":[],"blocksy_meta":{"styles_descriptor":{"styles":{"desktop":"","tablet":"","mobile":""},"google_fonts":[],"version":4}},"aioseo_notices":[],"_links":{"self":[{"href":"https:\/\/www.madrimasd.org\/blogs\/emprendedores\/wp-json\/wp\/v2\/posts\/87192"}],"collection":[{"href":"https:\/\/www.madrimasd.org\/blogs\/emprendedores\/wp-json\/wp\/v2\/posts"}],"about":[{"href":"https:\/\/www.madrimasd.org\/blogs\/emprendedores\/wp-json\/wp\/v2\/types\/post"}],"author":[{"embeddable":true,"href":"https:\/\/www.madrimasd.org\/blogs\/emprendedores\/wp-json\/wp\/v2\/users\/152"}],"replies":[{"embeddable":true,"href":"https:\/\/www.madrimasd.org\/blogs\/emprendedores\/wp-json\/wp\/v2\/comments?post=87192"}],"version-history":[{"count":0,"href":"https:\/\/www.madrimasd.org\/blogs\/emprendedores\/wp-json\/wp\/v2\/posts\/87192\/revisions"}],"wp:attachment":[{"href":"https:\/\/www.madrimasd.org\/blogs\/emprendedores\/wp-json\/wp\/v2\/media?parent=87192"}],"wp:term":[{"taxonomy":"category","embeddable":true,"href":"https:\/\/www.madrimasd.org\/blogs\/emprendedores\/wp-json\/wp\/v2\/categories?post=87192"},{"taxonomy":"post_tag","embeddable":true,"href":"https:\/\/www.madrimasd.org\/blogs\/emprendedores\/wp-json\/wp\/v2\/tags?post=87192"}],"curies":[{"name":"wp","href":"https:\/\/api.w.org\/{rel}","templated":true}]}}