{"id":87223,"date":"2008-03-24T12:20:00","date_gmt":"2008-03-24T12:20:00","guid":{"rendered":"http:\/\/weblogs.madrimasd.org\/\/emprendedores\/archive\/2008\/03\/24\/87223.aspx"},"modified":"2008-03-24T12:20:00","modified_gmt":"2008-03-24T12:20:00","slug":"por-fin-deducciones-del-10-para-invertir-en-empresas-de-riesgo","status":"publish","type":"post","link":"https:\/\/www.madrimasd.org\/blogs\/emprendedores\/87223\/por-fin-deducciones-del-10-para-invertir-en-empresas-de-riesgo\/","title":{"rendered":"Por fin, deducciones del 10% para invertir en empresas de riesgo"},"content":{"rendered":"<p>Parece que las medidas para impulsar la inversi\u00f3n de los particulares en empresas con alto potencial de crecimiento podr\u00edan estar (por fin) al alcance de la mano. Al menos, eso esperamos confirmar el pr\u00f3ximo mi\u00e9rcoles.<!--more--><P class=MsoNormal style=\"MARGIN: 0cm 0cm 0pt\">Tras un periodo de reconocimiento de la actividad de los inversores privados o busin<I style=\"mso-bidi-font-style: normal\">ess angels<\/I> durante la legislatura pasada. Al menos, eso recoge el programa del PSOE, que apuesta por una deducci\u00f3n del 10% en la renta para este tipo de inversiones. <\/P><P class=MsoNormal style=\"MARGIN: 0cm 0cm 0pt\"><?xml:namespace prefix = o ns = \"urn:schemas-microsoft-com:office:office\" \/><o:p>&nbsp;<\/o:p><\/P><P class=MsoNormal style=\"MARGIN: 0cm 0cm 0pt\">Durante los \u00faltimos meses, y una vez comprobado que el sector inmobiliario est\u00e1 lejos de ofrecer los atractivos retornos de estos a\u00f1os, hemos podido comprobar que bastantes inversores han vuelto sus ojos hacia las inversiones en empresas de riesgo con alto potencial de crecimiento, y particularmente hacia las empresas de base tecnol\u00f3gica.<\/P><P class=MsoNormal style=\"MARGIN: 0cm 0cm 0pt\"><o:p>&nbsp;<\/o:p><\/P><P class=MsoNormal style=\"MARGIN: 0cm 0cm 0pt\">El pr\u00f3ximo mi\u00e9rcoles 26 de marzo celebraremos en la sede del IESE de Madrid, con el patrocinio<SPAN style=\"mso-spacerun: yes\">&nbsp; <\/SPAN>de madri+d y el CIDEM, una jornada de Redes de Inversores Privados en la que se dialogar\u00e1 sobre posibles perspectivas de colaboraci\u00f3n. En ella, Mar\u00eda Callej\u00f3n, anterior Directora General de la DG PYME, presentar\u00e1 los programas de apoyo al emprendimiento y a la actividad de la inversi\u00f3n privada. Tal vez sea el momento de conocer de primera mano estas medidas.<\/P><P class=MsoNormal style=\"MARGIN: 0cm 0cm 0pt\"><o:p>&nbsp;<\/o:p><\/P><P class=MsoNormal style=\"MARGIN: 0cm 0cm 0pt\">Seguiremos informando\u2026 <SPAN style=\"FONT-FAMILY: Wingdings; mso-ascii-font-family: 'Times New Roman'; mso-hansi-font-family: 'Times New Roman'; mso-char-type: symbol; mso-symbol-font-family: Wingdings\"><SPAN style=\"mso-char-type: symbol; mso-symbol-font-family: Wingdings\">J<\/SPAN><\/SPAN><\/P><\/p>\n","protected":false},"excerpt":{"rendered":"<p>Parece que las medidas para impulsar la inversi\u00f3n de los particulares en empresas con alto potencial de crecimiento podr\u00edan estar (por fin) al alcance de la mano. Al menos, eso esperamos confirmar el pr\u00f3ximo mi\u00e9rcoles.<\/p>\n","protected":false},"author":152,"featured_media":0,"comment_status":"open","ping_status":"open","sticky":false,"template":"","format":"standard","meta":{"ngg_post_thumbnail":0},"categories":[1],"tags":[],"blocksy_meta":{"styles_descriptor":{"styles":{"desktop":"","tablet":"","mobile":""},"google_fonts":[],"version":4}},"aioseo_notices":[],"_links":{"self":[{"href":"https:\/\/www.madrimasd.org\/blogs\/emprendedores\/wp-json\/wp\/v2\/posts\/87223"}],"collection":[{"href":"https:\/\/www.madrimasd.org\/blogs\/emprendedores\/wp-json\/wp\/v2\/posts"}],"about":[{"href":"https:\/\/www.madrimasd.org\/blogs\/emprendedores\/wp-json\/wp\/v2\/types\/post"}],"author":[{"embeddable":true,"href":"https:\/\/www.madrimasd.org\/blogs\/emprendedores\/wp-json\/wp\/v2\/users\/152"}],"replies":[{"embeddable":true,"href":"https:\/\/www.madrimasd.org\/blogs\/emprendedores\/wp-json\/wp\/v2\/comments?post=87223"}],"version-history":[{"count":0,"href":"https:\/\/www.madrimasd.org\/blogs\/emprendedores\/wp-json\/wp\/v2\/posts\/87223\/revisions"}],"wp:attachment":[{"href":"https:\/\/www.madrimasd.org\/blogs\/emprendedores\/wp-json\/wp\/v2\/media?parent=87223"}],"wp:term":[{"taxonomy":"category","embeddable":true,"href":"https:\/\/www.madrimasd.org\/blogs\/emprendedores\/wp-json\/wp\/v2\/categories?post=87223"},{"taxonomy":"post_tag","embeddable":true,"href":"https:\/\/www.madrimasd.org\/blogs\/emprendedores\/wp-json\/wp\/v2\/tags?post=87223"}],"curies":[{"name":"wp","href":"https:\/\/api.w.org\/{rel}","templated":true}]}}