{"id":89116,"date":"2008-04-14T11:55:00","date_gmt":"2008-04-14T11:55:00","guid":{"rendered":"http:\/\/weblogs.madrimasd.org\/\/emprendedores\/archive\/2008\/04\/14\/89116.aspx"},"modified":"2008-04-14T11:55:00","modified_gmt":"2008-04-14T11:55:00","slug":"un-paso-mas-para-la-aprobacion-del-%e2%80%9cacta-europea-de-la-pequena-empresa%e2%80%9d","status":"publish","type":"post","link":"https:\/\/www.madrimasd.org\/blogs\/emprendedores\/89116\/un-paso-mas-para-la-aprobacion-del-%e2%80%9cacta-europea-de-la-pequena-empresa%e2%80%9d\/","title":{"rendered":"Un paso m\u00e1s para la aprobaci\u00f3n del \u201cActa Europea de la Peque\u00f1a Empresa\u201d"},"content":{"rendered":"<p><P class=MsoNormal style=\"MARGIN: 0cm 0cm 0pt\"><SPAN style=\"FONT-SIZE: 11pt; COLOR: black; FONT-FAMILY: Arial\">La Comisi\u00f3n Europea acaba de cerrar una consulta p\u00fablica sobre el contenido del \u201cActa de la Peque\u00f1a Empresa\u201d, cuyo objetivo es poner a las PYMEs europeas en primera l\u00ednea de las tomas decisiones de la UE e introducir medidas concretas para desbloquear su potencial de crecimiento.<?xml:namespace prefix = o ns = \"urn:schemas-microsoft-com:office:office\" \/><o:p><\/o:p><\/SPAN><\/P><!--more--><P class=MsoNormal style=\"MARGIN: 0cm 0cm 0pt\"><SPAN style=\"FONT-SIZE: 11pt; COLOR: black; FONT-FAMILY: Arial\">Entre estas medidas se encuentran las que tratan de mejorar las trabas burocr\u00e1ticas, el acceso al mercado europeo de compras p\u00fablicas, el acceso a los recursos financieros y humanos necesarios para el desarrollo y el reto de la globalizaci\u00f3n y el cambio clim\u00e1tico.<?xml:namespace prefix = o ns = \"urn:schemas-microsoft-com:office:office\" \/><o:p><\/o:p><\/SPAN><\/P><P class=MsoNormal style=\"MARGIN: 0cm 0cm 0pt\"><SPAN style=\"FONT-SIZE: 11pt; COLOR: black; FONT-FAMILY: Arial\"><o:p>&nbsp;<\/o:p><\/SPAN><\/P><P class=MsoNormal style=\"MARGIN: 0cm 0cm 0pt\"><SPAN style=\"FONT-SIZE: 11pt; COLOR: black; FONT-FAMILY: Arial\">El acta estar\u00e1 lista en junio de 2008, y se puede encontrar m\u00e1s informaci\u00f3n sobre esta acta en el <A href=\"http:\/\/ec.europa.eu\/enterprise\/entrepreneurship\/index_en.htm\">Portal de la PYME<\/A> de la Comisi\u00f3n Europea<o:p><\/o:p><\/SPAN><\/P><\/p>\n","protected":false},"excerpt":{"rendered":"<p>La Comisi\u00f3n Europea acaba de cerrar una consulta p\u00fablica sobre el contenido del \u201cActa de la Peque\u00f1a Empresa\u201d, cuyo objetivo es poner a las PYMEs europeas en primera l\u00ednea de las tomas decisiones de la UE e introducir medidas concretas para desbloquear su potencial de crecimiento.<\/p>\n","protected":false},"author":152,"featured_media":0,"comment_status":"open","ping_status":"open","sticky":false,"template":"","format":"standard","meta":{"ngg_post_thumbnail":0},"categories":[1],"tags":[],"blocksy_meta":{"styles_descriptor":{"styles":{"desktop":"","tablet":"","mobile":""},"google_fonts":[],"version":4}},"aioseo_notices":[],"_links":{"self":[{"href":"https:\/\/www.madrimasd.org\/blogs\/emprendedores\/wp-json\/wp\/v2\/posts\/89116"}],"collection":[{"href":"https:\/\/www.madrimasd.org\/blogs\/emprendedores\/wp-json\/wp\/v2\/posts"}],"about":[{"href":"https:\/\/www.madrimasd.org\/blogs\/emprendedores\/wp-json\/wp\/v2\/types\/post"}],"author":[{"embeddable":true,"href":"https:\/\/www.madrimasd.org\/blogs\/emprendedores\/wp-json\/wp\/v2\/users\/152"}],"replies":[{"embeddable":true,"href":"https:\/\/www.madrimasd.org\/blogs\/emprendedores\/wp-json\/wp\/v2\/comments?post=89116"}],"version-history":[{"count":0,"href":"https:\/\/www.madrimasd.org\/blogs\/emprendedores\/wp-json\/wp\/v2\/posts\/89116\/revisions"}],"wp:attachment":[{"href":"https:\/\/www.madrimasd.org\/blogs\/emprendedores\/wp-json\/wp\/v2\/media?parent=89116"}],"wp:term":[{"taxonomy":"category","embeddable":true,"href":"https:\/\/www.madrimasd.org\/blogs\/emprendedores\/wp-json\/wp\/v2\/categories?post=89116"},{"taxonomy":"post_tag","embeddable":true,"href":"https:\/\/www.madrimasd.org\/blogs\/emprendedores\/wp-json\/wp\/v2\/tags?post=89116"}],"curies":[{"name":"wp","href":"https:\/\/api.w.org\/{rel}","templated":true}]}}