{"id":89187,"date":"2008-04-15T05:43:00","date_gmt":"2008-04-15T05:43:00","guid":{"rendered":"http:\/\/weblogs.madrimasd.org\/\/emprendedores\/archive\/2008\/04\/15\/89187.aspx"},"modified":"2008-04-15T05:43:00","modified_gmt":"2008-04-15T05:43:00","slug":"%c2%bfun-congreso-de-emprendedores","status":"publish","type":"post","link":"https:\/\/www.madrimasd.org\/blogs\/emprendedores\/89187\/%c2%bfun-congreso-de-emprendedores\/","title":{"rendered":"\u00bfUn congreso de emprendedores?"},"content":{"rendered":"<p>La pasada semana se celebr\u00f3 en Salamanca el <a href=\"http:\/\/www.congresoemprendedores.com\/\">I Congreso internacional de emprendedores<\/a>, a partir de aqu\u00ed surgen varias dudas, a saber: <br \/>&#8211; \u00bfUn emprendedor acudir\u00eda a un congreso de emprendedores?<br \/>&#8211; En caso de acudir \u00bfcon qu\u00e9 objetivos ir\u00eda a la cita?<br \/>&#8211; \u00bfTienen cosas en com\u00fan los emprendedores, en gen\u00e9rico, para reunirse?<br \/>Lo que se puede afirmar es que los gestores de emprendizaje s\u00ed que pudimos sacar conclusiones de dicho congreso, aunque no tenemos claro que los propios emprendedores, es decir, los oyentes sacaran el mismo provecho m\u00e1s all\u00e1 de saber que han de ser valorados socialmente, y esto quiz\u00e1s fuera mejor el difundirlo en otro foro de mayor calado. El emprendedor es egoc\u00e9ntrico por naturaleza, y no digamos nada el de base tecnol\u00f3gica, si no pensara que su iniciativa va a cambiar el mundo, a reventar el mercado, seguir\u00eda siendo un asalariado.<br \/><!--more-->De la sesi\u00f3n inagural llamaban la atenci\u00f3n dos asuntos, en primer lugar los ponentes, es decir, directivos de: Iberdrola (Ignacio S\u00e1nchez Gal\u00e1n), Telef\u00f3nica, Indra, Eliop,&#8230; Cabe se\u00f1alar que tan s\u00f3lo Francisco Mart\u00edn, presidente de Eliop, es un emprendedor, aunque hoy, 30 a\u00f1os despu\u00e9s de crear su empresa, dirija ya a 500 trabajadores; en esta sesi\u00f3n cada ponente hizo una <i>laudatio <\/i>de la labor social de los creadores de empresas. En segundo lugar, en un congreso donde entre sus asistentes no predominaban ni mucho menos los emprendedores de base tecnol\u00f3gica, era sorprendente la profusi\u00f3n de referencias a las nuevas empresas de base tecnol\u00f3gica, parece que hay un consenso en que es en la peque\u00f1a empresa donde realmente se desarrollan nuevos productos y servicios, algo casi obvio, las grandes empresas tienen unos procesos de toma de decisiones largos y farragosos, lo cual las lleva a llegar tarde a mercado. <br \/>En la ma\u00f1ana del mi\u00e9rcoles, Santiago Escribano, Director General de Indra Software Labs contrapuso la alta calidad de las escuelas de negocio espa\u00f1olas con la baja calidad de nuestros institutos tecnol\u00f3gicos, lo que sumado al miedo al fracaso le dio como resultado un bajo n\u00famero de emprendedores tecnol\u00f3gicos. Mientras que Fernando Fournon, Presidente ejecutivo de Telef\u00f3nica I+D habl\u00f3 de crear un ecosistema de peque\u00f1as empresas (<A href=\"http:\/\/weblogs.madrimasd.org\/emprendedores\/archive\/2008\/04\/01\/87982.aspx\">que hacen grandes cosas<\/a>) alrededor de una gran compa\u00f1\u00eda como es Telef\u00f3nica, como forma \u00f3ptima para llegar a tiempo al mercado y adelantarse a la competencia, este ecosistema ya ha sido creado con \u00e9xito por Philips en <a href=\"http:\/\/www.research.philips.com\/profile\/locations\/route-nl.html\">Eindhoven<\/a>, es decir que las grandes empresas han tirado ya la toalla de la I+D, o al menos de la I, trabajar\u00e1n algo en el Desarrollo y se volcar\u00e1n en la innovaci\u00f3n.<br \/>Otra cosa fue la tarde de ese mismo mi\u00e9rcoles, en ella, la organizaci\u00f3n del Congreso consigui\u00f3 reunir a los organismos que mayor volumen de NEBTs apoyan, aunque en un formato flash de 10 minutos por ponencia y sin posibilidad de preguntas, pero volvemos a lo anterior, a un auditorio de emprendedores \u00abconvencionles\u00bb, dicho sea contodo el respeto del mundo, se les pusieron delante los apoyos con los que cuentan las nuevas empresas de base tecnol\u00f3gica, seguro que se les hizo la boca agua, y probablemente acabaron pensando como la zorra en el cuento de La zorra y las uvas, \u00abno las quiero, no est\u00e1n maduras\u00bb.<br \/>Con esta reflexi\u00f3n volvemos a las preguntas del principio, \u00bfqu\u00e9 tienen en com\u00fan los emprendedores de: una franquicia de alquiler de coches, un laboratorio biotecnol\u00f3gico y una panificadora?, pues m\u00e1s bien poco; los eventos que tienen \u00e9xito entre los creadores de empresas con alto potencial de crecimiento &#8211; ya no s\u00f3lo tecnol\u00f3gicos- son los de networking, es decir: charla informal y ca\u00f1as en el bar de al lado, a saber: Iniciador, First Tuesday, Suscipe,&#8230; Parece dif\u00edcil unir a los dem\u00e1s en un evento que resulte atractivo para todos. Dicho esto, entre los gestores de innovaci\u00f3n que intervinimos en el acto s\u00ed que tuvo gran inter\u00e9s ese networking que tuvo lugar al finalizar las conferencias.<\/p>\n","protected":false},"excerpt":{"rendered":"<p>La pasada semana se celebr\u00f3 en Salamanca el I Congreso internacional de emprendedores, a partir de aqu\u00ed surgen varias dudas, a saber: &#8211; \u00bfUn emprendedor acudir\u00eda a un congreso de emprendedores?&#8211; En caso de acudir \u00bfcon qu\u00e9 objetivos ir\u00eda a la cita?&#8211; \u00bfTienen cosas en com\u00fan los emprendedores, en gen\u00e9rico, para reunirse?Lo que se puede afirmar es que los gestores de emprendizaje s\u00ed que pudimos sacar conclusiones de dicho congreso, aunque no tenemos claro que los propios emprendedores, es decir, los oyentes sacaran el mismo provecho m\u00e1s all\u00e1 de saber que han de ser valorados socialmente, y esto quiz\u00e1s fuera\u2026<\/p>\n","protected":false},"author":152,"featured_media":0,"comment_status":"open","ping_status":"open","sticky":false,"template":"","format":"standard","meta":{"ngg_post_thumbnail":0},"categories":[1],"tags":[],"blocksy_meta":{"styles_descriptor":{"styles":{"desktop":"","tablet":"","mobile":""},"google_fonts":[],"version":4}},"aioseo_notices":[],"_links":{"self":[{"href":"https:\/\/www.madrimasd.org\/blogs\/emprendedores\/wp-json\/wp\/v2\/posts\/89187"}],"collection":[{"href":"https:\/\/www.madrimasd.org\/blogs\/emprendedores\/wp-json\/wp\/v2\/posts"}],"about":[{"href":"https:\/\/www.madrimasd.org\/blogs\/emprendedores\/wp-json\/wp\/v2\/types\/post"}],"author":[{"embeddable":true,"href":"https:\/\/www.madrimasd.org\/blogs\/emprendedores\/wp-json\/wp\/v2\/users\/152"}],"replies":[{"embeddable":true,"href":"https:\/\/www.madrimasd.org\/blogs\/emprendedores\/wp-json\/wp\/v2\/comments?post=89187"}],"version-history":[{"count":0,"href":"https:\/\/www.madrimasd.org\/blogs\/emprendedores\/wp-json\/wp\/v2\/posts\/89187\/revisions"}],"wp:attachment":[{"href":"https:\/\/www.madrimasd.org\/blogs\/emprendedores\/wp-json\/wp\/v2\/media?parent=89187"}],"wp:term":[{"taxonomy":"category","embeddable":true,"href":"https:\/\/www.madrimasd.org\/blogs\/emprendedores\/wp-json\/wp\/v2\/categories?post=89187"},{"taxonomy":"post_tag","embeddable":true,"href":"https:\/\/www.madrimasd.org\/blogs\/emprendedores\/wp-json\/wp\/v2\/tags?post=89187"}],"curies":[{"name":"wp","href":"https:\/\/api.w.org\/{rel}","templated":true}]}}