{"id":55720,"date":"2006-12-20T19:13:00","date_gmt":"2006-12-20T19:13:00","guid":{"rendered":"http:\/\/weblogs.madrimasd.org\/\/energiasalternativas\/archive\/2006\/12\/20\/55720.aspx"},"modified":"2006-12-20T19:13:00","modified_gmt":"2006-12-20T19:13:00","slug":"lanzamiento-de-la-plataforma-tecnologica-espanola-de-biomasa","status":"publish","type":"post","link":"https:\/\/www.madrimasd.org\/blogs\/energiasalternativas\/2006\/12\/20\/55720","title":{"rendered":"Lanzamiento de la Plataforma Tecnol\u00f3gica Espa\u00f1ola de Biomasa"},"content":{"rendered":"<p><P class=MsoNormal style=\"MARGIN: 0cm 0cm 6pt\" align=justify><SPAN style=\"FONT-WEIGHT: normal\"><FONT size=2><FONT face=\"Bookman Old Style\">[Mar\u00eda Jos\u00e9 Marcos]<\/FONT><\/FONT><\/SPAN><\/P> <P class=MsoNormal style=\"MARGIN: 0cm 0cm 6pt\" align=justify><SPAN style=\"FONT-WEIGHT: normal\"><FONT size=2><FONT face=\"Bookman Old Style\">El 13 de Noviembre se celebr\u00f3 en el CIEMAT la reuni\u00f3n de lanzamiento de <?xml:namespace prefix = st1 ns = \"urn:schemas-microsoft-com:office:smarttags\" \/><st1:PersonName ProductID=\"la Plataforma Tecnol\u00f3gica\" w:st=\"on\">la Plataforma Tecnol\u00f3gica<\/st1:PersonName> Espa\u00f1ola de la biomasa. Apoyada por el Ministerio de Educaci\u00f3n y Ciencia esta Plataforma tiene como principal objetivo poner a trabajar conjuntamente Universidades, Organismos P\u00fablicos de Investigaci\u00f3n, Centros Tecnol\u00f3gicos y empresas con el fin de<SPAN style=\"mso-spacerun: yes\">&nbsp; <\/SPAN>aumentar la capacidad, competitividad y transferencia de tecnolog\u00eda del sector de investigaci\u00f3n e industrial espa\u00f1ol. Tal como puso de manifiesto el Subdirector General de Programas de Fomento a <st1:PersonName ProductID=\"la Investigaci\u00f3n T\u00e9cnica\" w:st=\"on\">la Investigaci\u00f3n T\u00e9cnica<\/st1:PersonName> Sectorial, Manuel Montes, Espa\u00f1a ha ido perdiendo en los \u00faltimos a\u00f1os (mostrando para ello los datos de participaci\u00f3n en el VI Programa Marco de<SPAN style=\"mso-spacerun: yes\">&nbsp; <\/SPAN><st1:PersonName ProductID=\"la UE\" w:st=\"on\">la UE<\/st1:PersonName>), y que pone de manifiesto<SPAN style=\"mso-spacerun: yes\">&nbsp; <\/SPAN>falta de coordinaci\u00f3n entre los diferentes entes. <?xml:namespace prefix = o ns = \"urn:schemas-microsoft-com:office:office\" \/><o:p><\/o:p><\/FONT><\/FONT><\/SPAN><\/P> <P align=justify><st1:PersonName ProductID=\"la Plataforma Tecnol\u00f3gica\" w:st=\"on\"><SPAN style=\"FONT-SIZE: 10pt; FONT-FAMILY: 'Bookman Old Style'; mso-ansi-language: ES; mso-fareast-font-family: 'Times New Roman'; mso-fareast-language: ES; mso-bidi-language: AR-SA; mso-bidi-font-family: 'Times New Roman'; mso-bidi-font-size: 11.0pt\">La Plataforma Tecnol\u00f3gica<\/SPAN><\/st1:PersonName><SPAN style=\"FONT-SIZE: 10pt; FONT-FAMILY: 'Bookman Old Style'; mso-ansi-language: ES; mso-fareast-font-family: 'Times New Roman'; mso-fareast-language: ES; mso-bidi-language: AR-SA; mso-bidi-font-family: 'Times New Roman'; mso-bidi-font-size: 11.0pt\"> Espa\u00f1ola de Biomasa tiene como objetivo marcar las prioridades y las necesidades a corto y medio plazo que las empresas consideren necesarias. La administraci\u00f3n<SPAN style=\"mso-spacerun: yes\">&nbsp; <\/SPAN>se apoyar\u00e1 en los diferentes grupos de trabajo a la hora de definir los planes nacionales futuros al mismo tiempo que se plantear\u00e1n y discutir\u00e1n planes de estrategia conjuntos de cara a la plataforma europea y se impulsar\u00e1n proyectos estrat\u00e9gicos integrales conjuntos que fomenten la actividad de las empresas en el sector del I+D+i.<\/SPAN><\/P><!--more--><P class=MsoNormal style=\"MARGIN: 3pt 0cm\" align=justify><SPAN style=\"FONT-WEIGHT: normal; FONT-SIZE: 11pt\"><FONT face=\"Bookman Old Style\">El panorama que Manuel Montes present\u00f3 como el escenario en el que nace esta nueva Plataforma no es nada alentador: los planes de Energ\u00edas Renovables no se cumplen, las propuestas que se hacen son dispersas y de bajo componente tecnol\u00f3gico, la biomasa que se utiliza actualmente en Espa\u00f1a se importa en su mayor parte, los Residuos S\u00f3lidos Urbanos (RSU) se exportan a terceros pa\u00edses porque aqu\u00ed no tenemos plantas que los pueda reutilizar y adem\u00e1s las empresas que hacen investigaci\u00f3n o que son l\u00edderes en renovables invierten fuera de Espa\u00f1a.<?xml:namespace prefix = o ns = \"urn:schemas-microsoft-com:office:office\" \/><o:p><\/o:p><\/FONT><\/SPAN><\/P> <P class=MsoNormal style=\"MARGIN: 3pt 0cm\" align=justify><SPAN style=\"FONT-WEIGHT: normal; FONT-SIZE: 11pt\"><o:p><FONT face=\"Bookman Old Style\">&nbsp;<\/FONT><\/o:p><\/SPAN><\/P> <P class=MsoNormal style=\"MARGIN: 3pt 0cm\" align=justify><SPAN style=\"FONT-WEIGHT: normal; FONT-SIZE: 11pt\"><FONT face=\"Bookman Old Style\">Ante este panorama, se puso de manifiesto que es necesario realizar un gran esfuerzo en impulsar e incrementar la utilizaci\u00f3n de la biomasa desde la sostenibilidad:<SPAN style=\"mso-spacerun: yes\">&nbsp; <\/SPAN>Optimizando la utilizaci\u00f3n de los terrenos agr\u00edcolas, mejorando y modernizando las t\u00e9cnicas de cultivo y los procesos de obtenci\u00f3n de los combustibles para que estos sean cada vez m\u00e1s eficientes y provoquen menos impacto ambiental (reducir el consumo de agua con t\u00e9cnicas de riego avanzadas, adecuaci\u00f3n de cultivos a los terrenos: secano en los de secano, regad\u00edo donde se disponga de agua y no al rev\u00e9s, cultivos pr\u00f3ximos al punto de consumo, etc.).<o:p><\/o:p><\/FONT><\/SPAN><\/P> <P class=MsoNormal style=\"MARGIN: 3pt 0cm\" align=justify><SPAN style=\"FONT-WEIGHT: normal; FONT-SIZE: 11pt\"><o:p><FONT face=\"Bookman Old Style\">&nbsp;<\/FONT><\/o:p><\/SPAN><\/P> <P class=MsoNormal style=\"MARGIN: 3pt 0cm\" align=justify><SPAN style=\"FONT-WEIGHT: normal; FONT-SIZE: 11pt\"><FONT face=\"Bookman Old Style\">En una primera etapa <?xml:namespace prefix = st1 ns = \"urn:schemas-microsoft-com:office:smarttags\" \/><st1:PersonName ProductID=\"la Plataforma\" w:st=\"on\">la Plataforma<\/st1:PersonName> de la biomasa deber\u00e1 identificar las estrategias para la promoci\u00f3n y desarrollo sostenible de la biomasa. Deber\u00e1 ser el marco com\u00fan en el que todos los sectores trabajen coordinadamente, realizar un an\u00e1lisis objetivo de la situaci\u00f3n del I+D+i en Espa\u00f1a y plantear estrategias sostenibles. Para llevar a cabo estas funciones <st1:PersonName ProductID=\"la Plataforma\" w:st=\"on\">la Plataforma<\/st1:PersonName> cuenta con un grupo coordinador,<SPAN style=\"mso-spacerun: yes\">&nbsp; <\/SPAN>tres grupos verticales (biocarburantes liderado por ABENGOA, producci\u00f3n t\u00e9rmica por CIEMAT y producci\u00f3n el\u00e9ctrica por CIDAUT) y cuatro horizontales (Materias primas liderado por ACCIONA, transformaci\u00f3n por SENER, Sostenibilidad por APPA (Asociaci\u00f3n de Productores de Energ\u00edas Renovables) y un grupo consultivo liderado por el Ministerio de Educaci\u00f3n (MEC).<o:p><\/o:p><\/FONT><\/SPAN><\/P> <P class=MsoNormal style=\"MARGIN: 3pt 0cm\" align=justify><SPAN style=\"FONT-WEIGHT: normal; FONT-SIZE: 11pt\"><o:p><FONT face=\"Bookman Old Style\">&nbsp;<\/FONT><\/o:p><\/SPAN><\/P> <P class=MsoNormal style=\"MARGIN: 3pt 0cm\" align=justify><SPAN style=\"FONT-WEIGHT: normal; FONT-SIZE: 11pt\"><FONT face=\"Bookman Old Style\">Los objetivos del grupo de biocarburantes son identificar las medidas necesarias para el desarrollo de la producci\u00f3n de biocarburantes y\/o hidr\u00f3geno siguiendo criterios de sostenibilidad econ\u00f3mica y respeto medioambiental.<o:p><\/o:p><\/FONT><\/SPAN><\/P> <P class=MsoNormal style=\"MARGIN: 3pt 0cm\" align=justify><SPAN style=\"FONT-WEIGHT: normal; FONT-SIZE: 11pt\"><o:p><FONT face=\"Bookman Old Style\">&nbsp;<\/FONT><\/o:p><\/SPAN><\/P> <P class=MsoNormal style=\"MARGIN: 3pt 0cm\" align=justify><SPAN style=\"FONT-WEIGHT: normal; FONT-SIZE: 11pt\"><FONT face=\"Bookman Old Style\">En cuanto a la generaci\u00f3n de energ\u00eda t\u00e9rmica, los objetivos son aumentar la utilizaci\u00f3n de la biomasa como aporte de calor tanto a nivel industrial como dom\u00e9stico partiendo de la sostenibilidad t\u00e9cnica y econ\u00f3mica por medio de la diversificaci\u00f3n de las materias primas, procesos de fabricaci\u00f3n, desarrollo de calderas, control de misiones y reutilizaci\u00f3n de las cenizas generadas durante el proceso.<o:p><\/o:p><\/FONT><\/SPAN><\/P> <P class=MsoNormal style=\"MARGIN: 3pt 0cm\" align=justify><SPAN style=\"FONT-WEIGHT: normal; FONT-SIZE: 11pt\"><o:p><FONT face=\"Bookman Old Style\">&nbsp;<\/FONT><\/o:p><\/SPAN><\/P> <P class=MsoNormal style=\"MARGIN: 3pt 0cm\" align=justify><SPAN style=\"FONT-WEIGHT: normal; FONT-SIZE: 11pt\"><FONT face=\"Bookman Old Style\">El grupo de generaci\u00f3n el\u00e9ctrica trabajar\u00e1 en la introducci\u00f3n de la biomasa como recurso energ\u00e9tico en la producci\u00f3n de electricidad contribuyendo al cumplimiento de los objetivos marcados en el PER (Plan de Energ\u00edas Renovables) y el libro verde de <st1:PersonName ProductID=\"la EU.\" w:st=\"on\">la EU.<\/st1:PersonName><o:p><\/o:p><\/FONT><\/SPAN><\/P> <P class=MsoNormal style=\"MARGIN: 3pt 0cm\" align=justify><SPAN style=\"FONT-WEIGHT: normal; FONT-SIZE: 11pt\"><o:p><FONT face=\"Bookman Old Style\">&nbsp;<\/FONT><\/o:p><\/SPAN><\/P> <P class=MsoNormal style=\"MARGIN: 3pt 0cm\" align=justify><SPAN style=\"FONT-WEIGHT: normal; FONT-SIZE: 11pt\"><FONT face=\"Bookman Old Style\">Respecto a los grupos horizontales el grupo de materias primas se encargar\u00e1 de la log\u00edstica de suministro, mejora de cultivos y empleo de residuos (RSU, loods, EDAR, biogas , etc.). El grupo de transformaci\u00f3n llevar\u00e1 tareas de optimizaci\u00f3n de los diferentes procesos de pretratamiento (secado, paletizado, etc.) y tratamiento posterior (hidr\u00f3lisis qu\u00edmica y enzim\u00e1tica, extracci\u00f3n de aceites, transesterificaci\u00f3n, reformado, separaci\u00f3n, procesos termoqu\u00edmicos, combusti\u00f3n pir\u00f3lisis, etc.).<o:p><\/o:p><\/FONT><\/SPAN><\/P> <P class=MsoNormal style=\"MARGIN: 3pt 0cm\" align=justify><SPAN style=\"FONT-WEIGHT: normal; FONT-SIZE: 11pt\"><o:p><FONT face=\"Bookman Old Style\">&nbsp;<\/FONT><\/o:p><\/SPAN><\/P> <P class=MsoNormal style=\"MARGIN: 3pt 0cm\" align=justify><SPAN style=\"FONT-WEIGHT: normal; FONT-SIZE: 11pt\"><FONT face=\"Bookman Old Style\">Finalmente el grupo de sostenibilidad se encargar\u00e1 de las sinergias con otras renovables, mejora de la eficiencia energ\u00e9tica y en especial de mejorar la percepci\u00f3n social sobre la biomasa dando argumentos sobre el potencial que la biomasa en sus diferentes formas (son cultivos, pero tambi\u00e9n son residuos, biogas, etc.) es una alternativa renovable, limpia y sostenible a los combustibles f\u00f3siles que actualmente proporcionan el 80% de la energ\u00eda que se consume en Espa\u00f1a.<o:p><\/o:p><\/FONT><\/SPAN><\/P> <P class=MsoNormal style=\"MARGIN: 3pt 0cm\" align=justify><SPAN style=\"FONT-WEIGHT: normal; FONT-SIZE: 11pt\"><o:p><FONT face=\"Bookman Old Style\">&nbsp;<\/FONT><\/o:p><\/SPAN><\/P> <P class=MsoNormal style=\"MARGIN: 3pt 0cm\" align=justify><SPAN style=\"FONT-WEIGHT: normal; FONT-SIZE: 11pt\"><FONT face=\"Bookman Old Style\">Esta plataforma al igual que la anteriormente creada plataforma tecnol\u00f3gica del hidr\u00f3geno (<\/FONT><A href=\"http:\/\/www.ptehpc.org\/\"><FONT face=\"Bookman Old Style\">http:\/\/www.ptehpc.org<\/FONT><\/A><FONT face=\"Bookman Old Style\">) estar\u00e1 abierta a la participaci\u00f3n en sus diferentes grupos de empresas y organismos de investigaci\u00f3n que est\u00e9n interesados en contribuir al logro de sus objetivos<o:p><\/o:p><\/FONT><\/SPAN><\/P><\/p>\n","protected":false},"excerpt":{"rendered":"<p>[Mar\u00eda Jos\u00e9 Marcos] El 13 de Noviembre se celebr\u00f3 en el CIEMAT la reuni\u00f3n de lanzamiento de la Plataforma Tecnol\u00f3gica Espa\u00f1ola de la biomasa. Apoyada por el Ministerio de Educaci\u00f3n y Ciencia esta Plataforma tiene como principal objetivo poner a trabajar conjuntamente Universidades, Organismos P\u00fablicos de Investigaci\u00f3n, Centros Tecnol\u00f3gicos y empresas con el fin de&nbsp; aumentar la capacidad, competitividad y transferencia de tecnolog\u00eda del sector de investigaci\u00f3n e industrial espa\u00f1ol. Tal como puso de manifiesto el Subdirector General de Programas de Fomento a la Investigaci\u00f3n T\u00e9cnica Sectorial, Manuel Montes, Espa\u00f1a ha ido perdiendo en los \u00faltimos a\u00f1os (mostrando para ello\u2026<\/p>\n","protected":false},"author":29,"featured_media":0,"comment_status":"open","ping_status":"open","sticky":false,"template":"","format":"standard","meta":{"ngg_post_thumbnail":0},"categories":[547,331],"tags":[],"blocksy_meta":{"styles_descriptor":{"styles":{"desktop":"","tablet":"","mobile":""},"google_fonts":[],"version":4}},"aioseo_notices":[],"_links":{"self":[{"href":"https:\/\/www.madrimasd.org\/blogs\/energiasalternativas\/wp-json\/wp\/v2\/posts\/55720"}],"collection":[{"href":"https:\/\/www.madrimasd.org\/blogs\/energiasalternativas\/wp-json\/wp\/v2\/posts"}],"about":[{"href":"https:\/\/www.madrimasd.org\/blogs\/energiasalternativas\/wp-json\/wp\/v2\/types\/post"}],"author":[{"embeddable":true,"href":"https:\/\/www.madrimasd.org\/blogs\/energiasalternativas\/wp-json\/wp\/v2\/users\/29"}],"replies":[{"embeddable":true,"href":"https:\/\/www.madrimasd.org\/blogs\/energiasalternativas\/wp-json\/wp\/v2\/comments?post=55720"}],"version-history":[{"count":0,"href":"https:\/\/www.madrimasd.org\/blogs\/energiasalternativas\/wp-json\/wp\/v2\/posts\/55720\/revisions"}],"wp:attachment":[{"href":"https:\/\/www.madrimasd.org\/blogs\/energiasalternativas\/wp-json\/wp\/v2\/media?parent=55720"}],"wp:term":[{"taxonomy":"category","embeddable":true,"href":"https:\/\/www.madrimasd.org\/blogs\/energiasalternativas\/wp-json\/wp\/v2\/categories?post=55720"},{"taxonomy":"post_tag","embeddable":true,"href":"https:\/\/www.madrimasd.org\/blogs\/energiasalternativas\/wp-json\/wp\/v2\/tags?post=55720"}],"curies":[{"name":"wp","href":"https:\/\/api.w.org\/{rel}","templated":true}]}}