{"id":32,"date":"2015-11-10T12:49:06","date_gmt":"2015-11-10T11:49:06","guid":{"rendered":"http:\/\/www.madrimasd.org\/blogs\/espirulina\/?p=32"},"modified":"2015-11-18T15:18:35","modified_gmt":"2015-11-18T14:18:35","slug":"curso-biotecnologia-de-microalgas-aplicaciones-industriales","status":"publish","type":"post","link":"https:\/\/www.madrimasd.org\/blogs\/espirulina\/2015\/11\/10\/32\/","title":{"rendered":"Curso \u00abBiotecnolog\u00eda de microalgas: Aplicaciones industriales\u00bb"},"content":{"rendered":"<p>El pr\u00f3ximo 26 de noviembre realizaremos en las instalaciones del CIB-CSIC el curso \u00abBiotecnolog\u00eda de microalgas: Aplicaciones industriales\u00bb. En \u00e9l participar\u00e1n investigadores de diferentes centros y universidades, adem\u00e1s de empresas y plataformas tecnol\u00f3gicas especializadas en el sector de las microalgas.<\/p>\n<p>El curso est\u00e1 dirigido a estudiantes y profesionales del sector de la biotecnolog\u00eda de microalgas, y sus aplicaciones en las \u00e1reas de acuicultura, nutrac\u00e9utica, farmac\u00e9utica, medioambiente y bioenerg\u00eda, donde se expondr\u00e1n cuestiones generales a nivel cient\u00edfico, as\u00ed como identificar los casos de \u00e9xito m\u00e1s relevantes a nivel nacional.<\/p>\n<p>El programa consta de una SESI\u00d3N CIENT\u00cdFICA donde se abordar\u00e1n cuestiones relacionadas con la biolog\u00eda de algas, a nivel microbiol\u00f3gico y bioqu\u00edmico (diversidad, estructura celular, propiedades fisiol\u00f3gicas, metabolismo, etc.), adem\u00e1s de conocer cu\u00e1les son las aplicaciones biotecnol\u00f3gicas m\u00e1s habituales y su uso potencial en el mercado.<\/p>\n<p>En la sesi\u00f3n de APLICACIONES BIOTECNOL\u00d3GICAS se expondr\u00e1n casos pr\u00e1cticos de iniciativas enfocadas a la obtenci\u00f3n de productos de alto valor a\u00f1adido, sistemas de cultivo, biorremediaci\u00f3n de aguas, captura y uso de CO2 residual, acuicultura y valorizaci\u00f3n energ\u00e9tica de biomasa (biocarburantes o biog\u00e1s)<\/p>\n<p>Finalmente se realizar\u00e1 una MESA REDONDA donde debatiremos sobre el \u201cmercado actual de las microalgas y sus expectativas a medio-largo plazo\u201d. Para ello contaremos con responsables de empresas, centros de investigaci\u00f3n p\u00fablicos y privados, universidades y plataformas tecnol\u00f3gicas del sector de la biotecnolog\u00eda, bioenerg\u00eda y bioqu\u00edmica.<\/p>\n<p>El curso se enmarca dentro de los objetivos del programa \u201cINSPIRA1-CM\u201d, financiado por la Comunidad de Madrid,\u00a0 que\u00a0 tiene como objetivo principal el desarrollo de herramientas biotecnol\u00f3gicas para la mejora gen\u00e9tica de la cianobacteria espirulina (Arthrospira Platensis), que\u00a0 permitir\u00e1 optimizar la producci\u00f3n de biomasa y su posterior uso en diferentes aplicaciones industriales.<\/p>\n<p>M\u00e1s informaci\u00f3n:<\/p>\n<p>http:\/\/inspira-cm.org\/CURSOS-Y-WORKSHOPS\/<\/p>\n<p><a href=\"http:\/\/inspira-cm.org\/.cm4all\/iproc.php\/CURSO_BIOTECNOLOG%C3%8DA%20DE%20MICROALGAS_CIB.pdf?cdp=a\">Tr\u00edptico<\/a><\/p>\n<p>&nbsp;<\/p>\n<p>&nbsp;<\/p>\n","protected":false},"excerpt":{"rendered":"<p>El pr\u00f3ximo 26 de noviembre realizaremos en las instalaciones del CIB-CSIC el curso \u00abBiotecnolog\u00eda de microalgas: Aplicaciones industriales\u00bb. En \u00e9l participar\u00e1n investigadores de diferentes centros y universidades, adem\u00e1s de empresas y plataformas tecnol\u00f3gicas especializadas en el sector de las microalgas. El curso est\u00e1 dirigido a estudiantes y profesionales del sector de la biotecnolog\u00eda de microalgas, y sus aplicaciones en las \u00e1reas de acuicultura, nutrac\u00e9utica, farmac\u00e9utica, medioambiente y bioenerg\u00eda, donde se expondr\u00e1n cuestiones generales a nivel cient\u00edfico, as\u00ed como identificar los casos de \u00e9xito m\u00e1s relevantes a nivel nacional. El programa consta de una SESI\u00d3N CIENT\u00cdFICA donde se abordar\u00e1n cuestiones relacionadas\u2026<\/p>\n","protected":false},"author":128,"featured_media":0,"comment_status":"open","ping_status":"open","sticky":false,"template":"","format":"standard","meta":{"ngg_post_thumbnail":0},"categories":[360,33972,8696],"tags":[662,33968,46,64,84,33966,33974],"blocksy_meta":{"styles_descriptor":{"styles":{"desktop":"","tablet":"","mobile":""},"google_fonts":[],"version":4}},"aioseo_notices":[],"_links":{"self":[{"href":"https:\/\/www.madrimasd.org\/blogs\/espirulina\/wp-json\/wp\/v2\/posts\/32"}],"collection":[{"href":"https:\/\/www.madrimasd.org\/blogs\/espirulina\/wp-json\/wp\/v2\/posts"}],"about":[{"href":"https:\/\/www.madrimasd.org\/blogs\/espirulina\/wp-json\/wp\/v2\/types\/post"}],"author":[{"embeddable":true,"href":"https:\/\/www.madrimasd.org\/blogs\/espirulina\/wp-json\/wp\/v2\/users\/128"}],"replies":[{"embeddable":true,"href":"https:\/\/www.madrimasd.org\/blogs\/espirulina\/wp-json\/wp\/v2\/comments?post=32"}],"version-history":[{"count":3,"href":"https:\/\/www.madrimasd.org\/blogs\/espirulina\/wp-json\/wp\/v2\/posts\/32\/revisions"}],"predecessor-version":[{"id":60,"href":"https:\/\/www.madrimasd.org\/blogs\/espirulina\/wp-json\/wp\/v2\/posts\/32\/revisions\/60"}],"wp:attachment":[{"href":"https:\/\/www.madrimasd.org\/blogs\/espirulina\/wp-json\/wp\/v2\/media?parent=32"}],"wp:term":[{"taxonomy":"category","embeddable":true,"href":"https:\/\/www.madrimasd.org\/blogs\/espirulina\/wp-json\/wp\/v2\/categories?post=32"},{"taxonomy":"post_tag","embeddable":true,"href":"https:\/\/www.madrimasd.org\/blogs\/espirulina\/wp-json\/wp\/v2\/tags?post=32"}],"curies":[{"name":"wp","href":"https:\/\/api.w.org\/{rel}","templated":true}]}}