{"id":133835,"date":"2014-07-25T08:11:20","date_gmt":"2014-07-25T07:11:20","guid":{"rendered":"http:\/\/www.madrimasd.org\/blogs\/fisioterapia\/?p=133835"},"modified":"2023-01-29T20:33:05","modified_gmt":"2023-01-29T19:33:05","slug":"propuesta-de-modificacion-en-los-grados-otra-vez","status":"publish","type":"post","link":"https:\/\/www.madrimasd.org\/blogs\/fisioterapia\/2014\/07\/25\/propuesta-de-modificacion-en-los-grados-otra-vez\/","title":{"rendered":"PROPUESTA DE MODIFICACI\u00d3N EN LOS GRADOS, \u00bfOTRA VEZ?"},"content":{"rendered":"<p style=\"text-align: justify\"><strong>Leemos hoy <a href=\"http:\/\/www.servimedia.es\/Noticias\/DetalleNoticia.aspx?seccion=23&amp;id=383720\" target=\"_blank\" rel=\"noopener\">una noticia<\/a> sobre las intenciones del Ministerio del Ministerio de Educaci\u00f3n, Cultura y Deporte de proponer una modificaci\u00f3n en la duraci\u00f3n de los estudios que conducen a la obtenci\u00f3n de los t\u00edtulos de Grado en el Estado espa\u00f1ol. No es otra modificaci\u00f3n m\u00e1s y nos ha provocado a escribir sobre algo que tiene tintes de trascendental.<\/strong><\/p>\n<p style=\"text-align: justify\">Hace muy pocos cursos asistimos a la adaptaci\u00f3n de los t\u00edtulos universitarios al nuevo marco emanado de Bolonia. Hemos hablado en esta bit\u00e1cora en varias ocasiones de las implicaciones de aquel nuevo<em> paradigma.<\/em> Antes de ello nosotros cre\u00edamos &nbsp;que la duraci\u00f3n de la carrera de Fisioterapia, por entonces tres cursos, era&nbsp;<em>evidentemente&nbsp;<\/em>insuficiente. La experiencia cl\u00ednica, la participaci\u00f3n en multitud de actividades de formaci\u00f3n de posgrado, algunas tambi\u00e9n como docente, el descubrimiento de nuevos campos de actuaci\u00f3n, la constataci\u00f3n de la pobre formaci\u00f3n en investigaci\u00f3n, el conocimiento de planes formativos for\u00e1neos, y otras cosas, nos mostraban con claridad que se necesitaba m\u00e1s tiempo para convertirse en un fisioterapeuta \u00abcompetente\u00bb. Efectivamente, los que salimos de las antiguas escuelas de Fisioterapia realizamos dignamente nuestro trabajo. Pero tambi\u00e9n, como acabamos de decir, descubrimos muchas lagunas, echamos de menos m\u00e1s horas para adquirir conocimientos y destrezas. Quiz\u00e1s otras generaciones de diplomados vieron mejorada la formaci\u00f3n, pero creemos que a\u00fan no era suficiente.<\/p>\n<p style=\"text-align: justify\">La ampliaci\u00f3n a cuatro a\u00f1os de manera general pudo ser un tanto complaciente y seguro que evit\u00f3 a los gestores del momento m\u00e1s de un dolor de cabeza. Nosotros no vamos a discernir sobre cu\u00e1les &nbsp;titulaciones requer\u00edan, o no, m\u00e1s duraci\u00f3n. &nbsp;Pero Fisioterapia precisa, al menos, de esos cuatro a\u00f1os para procurar las competencias recogidas en la <a href=\"http:\/\/www.boe.es\/boe\/dias\/2008\/07\/19\/pdfs\/A31684-31687.pdf\" target=\"_blank\" rel=\"noopener\">orden que las regula<\/a>, y de la que tambi\u00e9n hemos hablado aqu\u00ed. Otra opci\u00f3n ser\u00eda \u00abembutir\u00bb todo el contenido actual, y del cu\u00e1l tambi\u00e9n <a href=\"https:\/\/www.madrimasd.org\/blogs\/fisioterapia\/2013\/04\/05\/ya-soy-grado-en-fisioterapia\/\" target=\"_blank\" rel=\"noopener\">tenemos quejas<\/a>, en menos tiempo. O reducir las competencias de los futuros fisioterapeutas. Sospecho que esas soluciones no nos satisfacen a muchos, ni por supuesto a la profesi\u00f3n.<\/p>\n<p style=\"text-align: justify\"><!--more-->Podemos optar por el modelo 3+2, es decir, tres cursos para obtener el t\u00edtulo y 2 posteriores optativos para un m\u00e1ster. Aparentemente no parece mala opci\u00f3n. Los titulados podr\u00edan ejercer la profesi\u00f3n (supuestamente, a espera de que inventen un especie de pasant\u00eda) y los que tuvieran deseo de continuar en la Universidad tendr\u00edan dos cursos para \u00abespecializarse\u00bb. Tenemos alguna objeci\u00f3n. Primero, habr\u00edamos de aceptar una menor preparaci\u00f3n y\/o menores competencias de los &nbsp;graduados en tres a\u00f1os, adem\u00e1s de asumir que estos convivir\u00edan con los actuales &nbsp;titulados en cuatro a\u00f1os, pudiendo desarrollar estos facetas que se pudieran vetar a los primeros. Estar\u00edamos con el enredo de las competencias respectivas. Despu\u00e9s, dada nuestra man\u00eda por la justicia y la equidad, las diferencias de poder adquisitivo marcar\u00edan profesionales de primera (los 3+2) y de segunda (los <em>simples<\/em> titulados). Si estas categor\u00edas son por opci\u00f3n personal o familiar es otra cuesti\u00f3n. Tercero, parece obvio y necesario preguntarse c\u00f3mo se puede justificar un menoscabo en las capacidades de los profesionales (no s\u00f3lo fisioterapeutas, tambi\u00e9n psic\u00f3logos, enfermeros o maestros) derivadas de la menor adquisici\u00f3n de conocimientos en su paso por la Universidad. Finalmente, por no alargarnos y aburrir al lector, &nbsp;estos vaivenes a los que los administradores no son ajenos en cuestiones educativas, y otras, denotan una escasa preocupaci\u00f3n por la solidez en decisiones de tan profundo calado en la vida personal, familiar y social.<\/p>\n<p style=\"text-align: justify\">Muchos de los que estudiamos Fisioterapia en la \u00e9poca de Mecano dedicamos esfuerzo, tiempo y mucho dinero a formarnos en \u00e1mbitos que cre\u00edmos que deb\u00edan abordarse en la carrera. Nuestra preocupaci\u00f3n por la profesi\u00f3n y la docencia nos llev\u00f3 a pensar que el Grado solucionaba gran parte de aquellas carencias, a la vez que nos otorgaba finalmente y con base legal las competencias que deb\u00edamos poseer y desarrollar. Luego, la experiencia nos ha hecho ver que es indispensable una dosis mayor de implicaci\u00f3n &nbsp;y entusiasmo por parte de todos para que esto llegue a ser real. Y ahora nos vienen con estas. Espero que no todos se suban a ese nefando carro. Nuestra insignificante capacidad de influencia nos permite implorar que sea as\u00ed.<\/p>\n<p style=\"text-align: justify\"><a href=\"https:\/\/www.madrimasd.org\/blogs\/fisioterapia\/\" target=\"_blank\" rel=\"noopener\"><strong>LEER M\u00c1S FISIOTERAPIA.<\/strong><\/a><\/p>\n","protected":false},"excerpt":{"rendered":"<p>Leemos hoy una noticia sobre las intenciones del Ministerio del Ministerio de Educaci\u00f3n, Cultura y Deporte de proponer una modificaci\u00f3n en la duraci\u00f3n de los estudios que conducen a la obtenci\u00f3n de los t\u00edtulos de Grado en el Estado espa\u00f1ol. No es otra modificaci\u00f3n m\u00e1s y nos ha provocado a escribir sobre algo que tiene tintes de trascendental. Hace muy pocos cursos asistimos a la adaptaci\u00f3n de los t\u00edtulos universitarios al nuevo marco emanado de Bolonia. Hemos hablado en esta bit\u00e1cora en varias ocasiones de las implicaciones de aquel nuevo paradigma. Antes de ello nosotros cre\u00edamos &nbsp;que la duraci\u00f3n de\u2026<\/p>\n","protected":false},"author":67,"featured_media":0,"comment_status":"open","ping_status":"open","sticky":false,"template":"","format":"standard","meta":{"_mi_skip_tracking":false,"ngg_post_thumbnail":0},"categories":[1990],"tags":[2097,4040,902],"blocksy_meta":{"styles_descriptor":{"styles":{"desktop":"","tablet":"","mobile":""},"google_fonts":[],"version":4}},"aioseo_notices":[],"_links":{"self":[{"href":"https:\/\/www.madrimasd.org\/blogs\/fisioterapia\/wp-json\/wp\/v2\/posts\/133835"}],"collection":[{"href":"https:\/\/www.madrimasd.org\/blogs\/fisioterapia\/wp-json\/wp\/v2\/posts"}],"about":[{"href":"https:\/\/www.madrimasd.org\/blogs\/fisioterapia\/wp-json\/wp\/v2\/types\/post"}],"author":[{"embeddable":true,"href":"https:\/\/www.madrimasd.org\/blogs\/fisioterapia\/wp-json\/wp\/v2\/users\/67"}],"replies":[{"embeddable":true,"href":"https:\/\/www.madrimasd.org\/blogs\/fisioterapia\/wp-json\/wp\/v2\/comments?post=133835"}],"version-history":[{"count":23,"href":"https:\/\/www.madrimasd.org\/blogs\/fisioterapia\/wp-json\/wp\/v2\/posts\/133835\/revisions"}],"predecessor-version":[{"id":136798,"href":"https:\/\/www.madrimasd.org\/blogs\/fisioterapia\/wp-json\/wp\/v2\/posts\/133835\/revisions\/136798"}],"wp:attachment":[{"href":"https:\/\/www.madrimasd.org\/blogs\/fisioterapia\/wp-json\/wp\/v2\/media?parent=133835"}],"wp:term":[{"taxonomy":"category","embeddable":true,"href":"https:\/\/www.madrimasd.org\/blogs\/fisioterapia\/wp-json\/wp\/v2\/categories?post=133835"},{"taxonomy":"post_tag","embeddable":true,"href":"https:\/\/www.madrimasd.org\/blogs\/fisioterapia\/wp-json\/wp\/v2\/tags?post=133835"}],"curies":[{"name":"wp","href":"https:\/\/api.w.org\/{rel}","templated":true}]}}