{"id":103149,"date":"2008-10-10T09:30:00","date_gmt":"2008-10-10T09:30:00","guid":{"rendered":"http:\/\/weblogs.madrimasd.org\/\/formacion_nuevas_tecnologias_audiovisual\/archive\/2008\/10\/10\/103149.aspx"},"modified":"2008-10-10T09:30:00","modified_gmt":"2008-10-10T09:30:00","slug":"fonta-en-el-ii-congreso-de-las-americas-viernes-10-de-octubre-de-2008","status":"publish","type":"post","link":"https:\/\/www.madrimasd.org\/blogs\/formacion_nuevas_tecnologias_audiovisual\/2008\/10\/10\/103149","title":{"rendered":"FONTA en el II Congreso de las Am\u00e9ricas (Viernes 10 de Octubre de 2008)"},"content":{"rendered":"<p><P class=MsoNormal style=\"MARGIN: 0cm 0cm 0pt; TEXT-INDENT: 36pt; LINE-HEIGHT: 150%; TEXT-ALIGN: justify; mso-pagination: none; mso-layout-grid-align: none\"><SPAN lang=ES style=\"FONT-SIZE: 10pt; LINE-HEIGHT: 150%; FONT-FAMILY: Arial\">Los investigadores Alberto Garc\u00eda, Raquel Vinader y Ram\u00f3n Galiano, del grupo de investigaci\u00f3n FONTA, del Departamento Comunicaci\u00f3n Audiovisual y Publicidad I, de <?xml:namespace prefix = st1 ns = \"urn:schemas-microsoft-com:office:smarttags\" \/><st1:PersonName ProductID=\"la Facultad\" w:st=\"on\">la Facultad<\/st1:PersonName> de Ciencias de <st1:PersonName ProductID=\"LA INFORMACI\u00d3N\" w:st=\"on\">la Informaci\u00f3n<\/st1:PersonName> de <st1:PersonName ProductID=\"la Universidad Complutense\" w:st=\"on\">la Universidad Complutense<\/st1:PersonName> de Madrid (Espa\u00f1a), presentar\u00e1n hoy viernes 10 de octubre en el II Congreso de las Am\u00e9ricas -que se celebra en M\u00e9xico entre los d\u00edas 8 y 11 de octubre de 2008- la comunicaci\u00f3n titulada \u201c<st1:PersonName ProductID=\"La Teor\u00eda\" w:st=\"on\">La <I>Teor\u00eda<\/I><\/st1:PersonName><I> de los Enjambres<\/I> en los Modelos de Organizaci\u00f3n de las Empresas Audiovisuales de Televisi\u00f3n Digital\u201d. <?xml:namespace prefix = o ns = \"urn:schemas-microsoft-com:office:office\" \/><o:p><\/o:p><\/SPAN><\/P><!--more--><P class=MsoNormal style=\"MARGIN: 0cm 0cm 0pt; TEXT-INDENT: 36pt; LINE-HEIGHT: 150%; TEXT-ALIGN: justify; mso-pagination: none; mso-layout-grid-align: none\"><SPAN lang=ES style=\"FONT-SIZE: 10pt; LINE-HEIGHT: 150%; FONT-FAMILY: Arial\"><\/SPAN>&nbsp;<\/P> <P class=MsoNormal style=\"MARGIN: 0cm 0cm 0pt; TEXT-INDENT: 36pt; LINE-HEIGHT: 150%; TEXT-ALIGN: justify; mso-pagination: none; mso-layout-grid-align: none\"><SPAN lang=ES style=\"FONT-SIZE: 10pt; LINE-HEIGHT: 150%; FONT-FAMILY: Arial\">La cita tendr\u00e1 lugar a las 15:15 horas, en <?xml:namespace prefix = st1 ns = \"urn:schemas-microsoft-com:office:smarttags\" \/><st1:PersonName ProductID=\"la Session\" w:st=\"on\">la Session<\/st1:PersonName> 016 de <st1:PersonName ProductID=\"la Room\" w:st=\"on\">la Room<\/st1:PersonName> 1 (Embajadores), dentro de la discusi\u00f3n \u201cConflict, Power &amp; Communication\u201d. El texto tiene su punto de partida en el hecho de que la tecnolog\u00eda digital ha supuesto una renovaci\u00f3n profunda en la estructura empresarial en las empresas de comunicaci\u00f3n. Las consecuencias son que el modelo cl\u00e1sico de estructura piramidal se ha transformado en una estructura neuronal derivada de la implantaci\u00f3n las Tecnolog\u00edas de <st1:PersonName ProductID=\"LA INFORMACI\u00d3N\" w:st=\"on\">la Informaci\u00f3n<\/st1:PersonName> y <st1:PersonName ProductID=\"la Comunicaci\u00f3n. La\" w:st=\"on\">la Comunicaci\u00f3n. La<\/st1:PersonName> posibilidad de adaptar los recursos humanos a los medios t\u00e9cnicos en esta nueva situaci\u00f3n redundar\u00e1 necesariamente en la mejora de la productividad de estas empresas. <?xml:namespace prefix = o ns = \"urn:schemas-microsoft-com:office:office\" \/><o:p><\/o:p><\/SPAN><\/P> <P class=MsoNormal style=\"MARGIN: 0cm 0cm 0pt; TEXT-INDENT: 36pt; LINE-HEIGHT: 150%; TEXT-ALIGN: justify; mso-pagination: none; mso-layout-grid-align: none\"><SPAN lang=ES style=\"FONT-SIZE: 10pt; LINE-HEIGHT: 150%; FONT-FAMILY: Arial\"><o:p>&nbsp;<\/o:p><\/SPAN><\/P> <P class=MsoNormal style=\"MARGIN: 0cm 0cm 0pt; TEXT-INDENT: 36pt; LINE-HEIGHT: 150%; TEXT-ALIGN: justify; mso-pagination: none; mso-layout-grid-align: none\"><SPAN lang=ES style=\"FONT-SIZE: 10pt; LINE-HEIGHT: 150%; FONT-FAMILY: Arial\">Por ello, los autores han elaborado este art\u00edculo en el que reflexionan sobre la posibilidad de aplicar <st1:PersonName ProductID=\"La Teor\u00eda\" w:st=\"on\">la <I>Teor\u00eda<\/I><\/st1:PersonName><I> de los Enjambres<\/I> -basada en la posibilidad de que un grupo de individuos consigan una acci\u00f3n que no ser\u00eda posible por separado- en las empresas de comunicaci\u00f3n, ya que puede permitir a \u00e9stas conseguir mayores niveles de eficacia en los centros de producci\u00f3n audiovisual que cuentan con tecnolog\u00eda digital. <o:p><\/o:p><\/SPAN><\/P> <P class=MsoNormal style=\"MARGIN: 0cm 0cm 0pt; TEXT-INDENT: 36pt; LINE-HEIGHT: 150%; TEXT-ALIGN: justify; mso-pagination: none; mso-layout-grid-align: none\"><SPAN lang=ES style=\"FONT-SIZE: 10pt; LINE-HEIGHT: 150%; FONT-FAMILY: Arial\"><o:p>&nbsp;<\/o:p><\/SPAN><\/P> <P class=MsoNormal style=\"MARGIN: 0cm 0cm 0pt; TEXT-INDENT: 36pt; LINE-HEIGHT: 150%; TEXT-ALIGN: justify; mso-pagination: none; mso-layout-grid-align: none\"><SPAN lang=ES style=\"FONT-SIZE: 10pt; LINE-HEIGHT: 150%; FONT-FAMILY: Arial\">M\u00e1s informaci\u00f3n en www.mexicocity2008.com.<o:p><\/o:p><\/SPAN><\/P><\/p>\n","protected":false},"excerpt":{"rendered":"<p>Los investigadores Alberto Garc\u00eda, Raquel Vinader y Ram\u00f3n Galiano, del grupo de investigaci\u00f3n FONTA, del Departamento Comunicaci\u00f3n Audiovisual y Publicidad I, de la Facultad de Ciencias de la Informaci\u00f3n de la Universidad Complutense de Madrid (Espa\u00f1a), presentar\u00e1n hoy viernes 10 de octubre en el II Congreso de las Am\u00e9ricas -que se celebra en M\u00e9xico entre los d\u00edas 8 y 11 de octubre de 2008- la comunicaci\u00f3n titulada \u201cLa Teor\u00eda de los Enjambres en los Modelos de Organizaci\u00f3n de las Empresas Audiovisuales de Televisi\u00f3n Digital\u201d.<\/p>\n","protected":false},"author":111,"featured_media":0,"comment_status":"open","ping_status":"open","sticky":false,"template":"","format":"standard","meta":{"ngg_post_thumbnail":0},"categories":[304],"tags":[],"blocksy_meta":{"styles_descriptor":{"styles":{"desktop":"","tablet":"","mobile":""},"google_fonts":[],"version":4}},"aioseo_notices":[],"_links":{"self":[{"href":"https:\/\/www.madrimasd.org\/blogs\/formacion_nuevas_tecnologias_audiovisual\/wp-json\/wp\/v2\/posts\/103149"}],"collection":[{"href":"https:\/\/www.madrimasd.org\/blogs\/formacion_nuevas_tecnologias_audiovisual\/wp-json\/wp\/v2\/posts"}],"about":[{"href":"https:\/\/www.madrimasd.org\/blogs\/formacion_nuevas_tecnologias_audiovisual\/wp-json\/wp\/v2\/types\/post"}],"author":[{"embeddable":true,"href":"https:\/\/www.madrimasd.org\/blogs\/formacion_nuevas_tecnologias_audiovisual\/wp-json\/wp\/v2\/users\/111"}],"replies":[{"embeddable":true,"href":"https:\/\/www.madrimasd.org\/blogs\/formacion_nuevas_tecnologias_audiovisual\/wp-json\/wp\/v2\/comments?post=103149"}],"version-history":[{"count":0,"href":"https:\/\/www.madrimasd.org\/blogs\/formacion_nuevas_tecnologias_audiovisual\/wp-json\/wp\/v2\/posts\/103149\/revisions"}],"wp:attachment":[{"href":"https:\/\/www.madrimasd.org\/blogs\/formacion_nuevas_tecnologias_audiovisual\/wp-json\/wp\/v2\/media?parent=103149"}],"wp:term":[{"taxonomy":"category","embeddable":true,"href":"https:\/\/www.madrimasd.org\/blogs\/formacion_nuevas_tecnologias_audiovisual\/wp-json\/wp\/v2\/categories?post=103149"},{"taxonomy":"post_tag","embeddable":true,"href":"https:\/\/www.madrimasd.org\/blogs\/formacion_nuevas_tecnologias_audiovisual\/wp-json\/wp\/v2\/tags?post=103149"}],"curies":[{"name":"wp","href":"https:\/\/api.w.org\/{rel}","templated":true}]}}