{"id":126651,"date":"2023-08-23T18:09:42","date_gmt":"2023-08-23T17:09:42","guid":{"rendered":"https:\/\/www.madrimasd.org\/blogs\/imagen_cine_comunicacion_audiovisual\/?p=126651"},"modified":"2023-08-23T18:09:42","modified_gmt":"2023-08-23T17:09:42","slug":"confoco-2023-sobre-el-fututo-de-la-fotografia-y-el-audiovisual","status":"publish","type":"post","link":"https:\/\/www.madrimasd.org\/blogs\/imagen_cine_comunicacion_audiovisual\/2023\/08\/23\/126651","title":{"rendered":"Confoco 2023, sobre el fututo de la fotograf\u00eda -y el audiovisual-"},"content":{"rendered":"<p style=\"font-weight: 400\"><strong>El lunes 16<\/strong> y <strong>el martes 17<\/strong> de octubre se celebrar\u00e1 Confoco 2023, ser\u00e1 el <strong>x <\/strong>Congreso Internacional de Fotograf\u00eda Contempor\u00e1nea, en la <strong>Facultad de Ciencias de la Informaci\u00f3n de la Universidad Complutense de Madrid<\/strong>. .<\/p>\n<p style=\"font-weight: 400\">En Confoco x, se aborda el tema del presente y el futuro inmediato de la fotograf\u00eda y la imagen: la creaci\u00f3n por medio de inteligencias artificiales y la producci\u00f3n autom\u00e1tica y digital. Se plantea este enfoque desde una perspectiva esperanzadora y prometedora. El poeta \u00c1ngel Gonz\u00e1lez diferencia claramente entre \u00abporvenir\u00bb y \u00abfuturo\u00bb. El primero es el destino que se nos impone y solo podemos esperar \u00abcomo un animal manso \/ a comer en su mano\u00bb. Sin embargo, el futuro es: \u00abtiempo de verbo en marcha, acci\u00f3n, combate, \/ movimiento buscado hacia la vida\u00bb.&nbsp;<\/p>\n<p style=\"font-weight: 400\">Por ello, desde Confoco x plantean un congreso para debatir acerca del futuro y de las nuevas posibilidades y caminos de la fotograf\u00eda y la creaci\u00f3n fotogr\u00e1fica \u2014y audiovisual\u2014. Pues la fotograf\u00eda es ese \u00abtiempo\u00bb de marcha, acci\u00f3n y combate.<\/p>\n<p style=\"font-weight: 400\">Se contor\u00e1 con la presencia de <strong>Isabel Mu\u00f1oz<\/strong> (Premio Nacional de Fotograf\u00eda, Fot\u00f3grafa), <strong>Mar\u00eda Santoyo<\/strong>. Directora de PHotoEspa\u00f1a 2023,&nbsp;<strong>Nadia McGowan<\/strong>&nbsp;(UNIR), <strong>Castro Prieto<\/strong>&nbsp;(Premio Nacional de Fotograf\u00eda, Fot\u00f3grafo) y <strong>Juan Mart\u00edn Prada<\/strong>&nbsp;(Universidad de C\u00e1diz).<\/p>\n<p style=\"font-weight: 400\">Fechas congreso: &nbsp;16 y 17 de octubre de 2023.<\/p>\n<p style=\"font-weight: 400\"><strong>&nbsp;<\/strong><strong>P\u00e1gina web e informaciones: <\/strong><\/p>\n<p style=\"font-weight: 400\"><a href=\"https:\/\/eventos.ucm.es\/102099\/detail\/confoco-2023-x-congreso-internacional-de-fotografia-contemporanea-de-la-ucm\">https:\/\/eventos.ucm.es\/102099\/detail\/confoco-2023-x-congreso-internacional-de-fotografia-contemporanea-de-la-ucm<\/a><\/p>\n","protected":false},"excerpt":{"rendered":"<p>El lunes 16 y el martes 17 de octubre se celebrar\u00e1 Confoco 2023, ser\u00e1 el x Congreso Internacional de Fotograf\u00eda Contempor\u00e1nea, en la Facultad de Ciencias de la Informaci\u00f3n de la Universidad Complutense de Madrid. . En Confoco x, se aborda el tema del presente y el futuro inmediato de la fotograf\u00eda y la imagen: la creaci\u00f3n por medio de inteligencias artificiales y la producci\u00f3n autom\u00e1tica y digital. Se plantea este enfoque desde una perspectiva esperanzadora y prometedora. El poeta \u00c1ngel Gonz\u00e1lez diferencia claramente entre \u00abporvenir\u00bb y \u00abfuturo\u00bb. El primero es el destino que se nos impone y solo podemos\u2026<\/p>\n","protected":false},"author":109,"featured_media":0,"comment_status":"open","ping_status":"open","sticky":false,"template":"","format":"standard","meta":{"ngg_post_thumbnail":0},"categories":[77],"tags":[],"blocksy_meta":{"styles_descriptor":{"styles":{"desktop":"","tablet":"","mobile":""},"google_fonts":[],"version":4}},"aioseo_notices":[],"_links":{"self":[{"href":"https:\/\/www.madrimasd.org\/blogs\/imagen_cine_comunicacion_audiovisual\/wp-json\/wp\/v2\/posts\/126651"}],"collection":[{"href":"https:\/\/www.madrimasd.org\/blogs\/imagen_cine_comunicacion_audiovisual\/wp-json\/wp\/v2\/posts"}],"about":[{"href":"https:\/\/www.madrimasd.org\/blogs\/imagen_cine_comunicacion_audiovisual\/wp-json\/wp\/v2\/types\/post"}],"author":[{"embeddable":true,"href":"https:\/\/www.madrimasd.org\/blogs\/imagen_cine_comunicacion_audiovisual\/wp-json\/wp\/v2\/users\/109"}],"replies":[{"embeddable":true,"href":"https:\/\/www.madrimasd.org\/blogs\/imagen_cine_comunicacion_audiovisual\/wp-json\/wp\/v2\/comments?post=126651"}],"version-history":[{"count":1,"href":"https:\/\/www.madrimasd.org\/blogs\/imagen_cine_comunicacion_audiovisual\/wp-json\/wp\/v2\/posts\/126651\/revisions"}],"predecessor-version":[{"id":126652,"href":"https:\/\/www.madrimasd.org\/blogs\/imagen_cine_comunicacion_audiovisual\/wp-json\/wp\/v2\/posts\/126651\/revisions\/126652"}],"wp:attachment":[{"href":"https:\/\/www.madrimasd.org\/blogs\/imagen_cine_comunicacion_audiovisual\/wp-json\/wp\/v2\/media?parent=126651"}],"wp:term":[{"taxonomy":"category","embeddable":true,"href":"https:\/\/www.madrimasd.org\/blogs\/imagen_cine_comunicacion_audiovisual\/wp-json\/wp\/v2\/categories?post=126651"},{"taxonomy":"post_tag","embeddable":true,"href":"https:\/\/www.madrimasd.org\/blogs\/imagen_cine_comunicacion_audiovisual\/wp-json\/wp\/v2\/tags?post=126651"}],"curies":[{"name":"wp","href":"https:\/\/api.w.org\/{rel}","templated":true}]}}