{"id":100907,"date":"2008-09-15T03:47:00","date_gmt":"2008-09-15T03:47:00","guid":{"rendered":"http:\/\/weblogs.madrimasd.org\/\/matematicas\/archive\/2008\/09\/15\/100907.aspx"},"modified":"2008-09-15T03:47:00","modified_gmt":"2008-09-15T03:47:00","slug":"cuestion-de-genero-y-numeros","status":"publish","type":"post","link":"https:\/\/www.madrimasd.org\/blogs\/matematicas\/2008\/09\/15\/100907","title":{"rendered":"Cuesti\u00f3n de g\u00e9nero y n\u00fameros"},"content":{"rendered":"<div align=\"justify\"><img decoding=\"async\" src=\"\/blogs\/matematicas\/wp-content\/blogs.dir\/69\/files\/633\/o_diversity_480.jpg\" style=\"margin: 0pt 0pt 2px 5px; float: right;\">Cuantas veces hemos oido la frase de \u00ablas chicas no son buenas en matem\u00e1ticas\u00bb. Y cuantas veces los estereotipos y su gran peso han marcado un camino que no era el que, en un primer momento, quer\u00edamos&#8230; <\/p>\n<p>Este esteretipo que afirma que las mujeres no tienen buena capacidad para las matem\u00e1ticas est\u00e1 muy extendido y es difundido incluso por personas de gran renombre, como el que fue Presidente de la Universidad de Harvard, <a href=\"http:\/\/www.elmundo.es\/elmundo\/2005\/01\/18\/ciencia\/1106057004.html\">Lawrence Summers.<\/a> Pese a que afirmaciones como esta siempre nos chocan por considerarlas pol\u00edticamente incorrectas y con poco fundamento, parece que pesiste la duda de si una persona de su posici\u00f3n y conocimientos estar\u00e1 o no en lo cierto.<\/p>\n<p>Desde esta ventana p\u00fablica queremos hacernos eco de los direfentes estudios publicados recientemente que van contrubuyendo a refutar de modo cient\u00edfico estas afirmaciones.<\/p>\n<p>Todav\u00eda queda un largo camino por delante ya que estos estereotipos se encuentran firmemente arraigados dentro de nuestra sociedad.<\/p>\n<p>\u201cNuestra naci\u00f3n se enfrenta a una competencia creciente en innovaci\u00f3n tecnol\u00f3gica\u2026 mientras que los resultados escolares en matem\u00e1ticas y ciencias de nuestros estudiantes est\u00e1n por debajo de muchos pa\u00edses. Para cambiar este escenario, es imperativo que llamemos la atenci\u00f3n y la perspectiva de chicos y chicas por igual. Hasta que las mujeres se sientan tan a gusto con las matem\u00e1ticas, la ciencia y la ingenier\u00eda como los hombres, nuestra naci\u00f3n ser\u00e1 bastante menos que la suma de sus partes\u2026\u201d <\/div>\n<p><!--more--><\/p>\n<div align=\"justify\">Esta frase refleja fielmente los problemas a los que nos enfrentamos en nuestra sociedad, las bajas puntuaciones en matem\u00e1ticas, de las que hablaremos en otro momento, y la poca representaci\u00f3n de las mujeres en las ramas de ingenier\u00eda y matem\u00e1ticas. Sin embargo, fue dicha por los presidentes de las tres universidades m\u00e1s prestigiosas de Estados Unidos dentro de un documento conjunto en el que mostraban su preocupaci\u00f3n por una situaci\u00f3n, com\u00fan en las sociedades occidentales, que representa una <b>p\u00e9rdida de recursos humanos <\/b>y un <b>obst\u00e1culo serio para el desarrollo de las ciencias y para la sociedad<\/b> europea en su conjunto, tal y como recoge el informe <a href=\"http:\/\/prema.iacm.forth.gr\/main.php\">PREMA<\/a> \u00abPor una educaci\u00f3n matem\u00e1tica sensible a las diferencias de g\u00e9nero\u00bb.<\/p>\n<p>Es indudable que algunas \u00e1reas de conocimiento se encuentra altamente segregadas por el sexo pero \u00bfcu\u00e1les son los <b>motivos<\/b> que inducen a que esto sea as\u00ed?.<\/p>\n<p>Tradicionalmente se ha hablado de una diferente aptitud matem\u00e1tica en los hombres y las mujeres explicadas de distinto modo por la <b>diferencia cerebral entre los hombres y las mujeres<\/b> y por una diferente atenci\u00f3n hacia objetos y personas, respectivamente, en edades muy tempranas (se habla de la orientaci\u00f3n espacial y de la empat\u00eda). A finales de 2005, <a href=\"ttp:\/\/www.wjh.harvard.edu\/%7Elds\/index.html?spelke.html\">Elizabeth Spelke <\/a>de la Universidad de Harvart revis\u00f3 11 estudios sobre la materia. La mayor\u00eda de ellos suger\u00edan que las habilidades de hombres y mujeres para las matem\u00e1ticas y las ciencias tienen su base gen\u00e9tica localizada en los sistemas cognitivos que emergen en la infancia temprana pero, en l\u00edneas generales, <b>estas diferencias no dan una distinta aptitud para las matem\u00e1ticas<\/b>. De hecho se encontr\u00f3 que los ni\u00f1os y ni\u00f1as de 6 meses de edad ejecutan tareas de suma y resta exactamente igual.<span class=\"TEXTOnoticia\"><span class=\"article-body\"><font face=\"Verdana\" size=\"2\"><font color=\"#333333\"> <\/font><\/font><\/span><\/span><br \/><span class=\"TEXTOnoticia\"><span class=\"article-body\"><\/span><\/span><br \/><span class=\"TEXTOnoticia\"><span class=\"article-body\"><\/span><\/span>Bien, estas teor\u00edas que se encuentran bien contrastadas respecto a lo que inicialmente afirman, se han visto desmentidas respecto a su conexi\u00f3n con la aptitud matem\u00e1tica. Una mejor orientaci\u00f3n espacial de los hombres no implica un menor talento matem\u00e1tico. Esto ha sido comprobado en un macroestudio dirigido por la psic\u00f3loga <a href=\"http:\/\/psych.wisc.edu\/faculty\/bio\/hyde.html\">Janet Hyde,<\/a> de la Universidad de Wisconsin (EE UU), acaba de presentarse en <i><a href=\"http:\/\/www.sciencemag.org\/\">Science<\/a>,<\/i> y viene a unirse a otros trabajos recientes que tambi\u00e9n cuestionan la supuesta superioridad masculina en esa disciplina y que demuestran con m\u00e9todos contrastados y con un campo de muestra de 7 millones de estudiantes de 10 estados de EEUU que <b>las diferencias entre g\u00e9neros son estad\u00edsticamente irrelevantes<\/b>.<\/p>\n<p>Otra de las razones es el <b>peso del estereotipo<\/b> y otros <b>factores psicosociales<\/b>. <\/p>\n<p>Cuando las chicas ya son mayor\u00eda en casi cualquier tipo de carrera univesitaria, llama la atenci\u00f3n el hecho de que en las ingenier\u00edas y dem\u00e1s carreras t\u00e9cnicas las chicas no pasan del 27%. Este desequilibrio empieza a gestarse en la elecci\u00f3n de modalidad (artes, humanidades y ciencias sociales, ciencias de la naturaleza y de la salud, o tecnolog\u00eda) que las chicas eligen en el bachillerato. Para explicar porqu\u00e9 unas pocas mujeres escogen cursos de matematicas y trabajan en profesiones relacionadas con ellas \u00abdebemos atender a otros factores, como unos sistemas de creencias internalizados sobre matem\u00e1ticas, factores externos como la discriminaci\u00f3n sexual en educaci\u00f3n y en el trabajo y el curr\u00edculo de matem\u00e1ticas previo al acceso a la universidad\u00bb.<\/p>\n<p>Un caso espectacular del peso del estereotirpo ha sido demostrado hace dos a\u00f1os por el psic\u00f3logo <a href=\"http:\/\/www.psych.ubc.ca\/%7Eheine\/\">Steven Heine<\/a>, de la Universidad de British Columbia en Vancouver. Heine someti\u00f3 a 120 mujeres de unos 20 a\u00f1os a dos ejercicios de matem\u00e1ticas separados por una prueba de comprensi\u00f3n de lectura que era distinta seg\u00fan el grupo de mujeres: un ensayo sosten\u00eda que las diferencias de habilidad matem\u00e1tica entre hombres y mujeres son de origen gen\u00e9tico, y otro afirmaba que se deben a la experiencia.Todas las mujeres sacaron una puntuaci\u00f3n similar en el primer ejercicio, pero las mujeres que leyeron el ensayo sobre el origen gen\u00e9tico hicieron el segundo ejercicio claramente peor. La <b>torpeza femenina para las matem\u00e1ticas tiene, por tanto, una parte de <i>verdad autocumplida.<\/i><\/b><br \/><span class=\"TEXTOnoticia\"><span class=\"article-body\"><\/span><\/span><br \/>Un reciente estudio dirigido por la psic\u00f3loga social <a href=\"http:\/\/www.uned.es\/dpto-psicologia-social-y-organizaciones\/paginas\/profesores\/mercedes.htm\">Mercedes L\u00f3pez S\u00e1ez<\/a>, de la <a href=\"http:\/\/www.uned.es\/portal\/\">Universidad Nacional de Educaci\u00f3n a Distancia<\/a>, y financiado por el <a href=\"http:\/\/www.mtas.es\/\">Ministerio de Trabajo y Asuntos Sociales<\/a>, analiza precisamente la i<b>nfluencia de esos factores psicosociales<\/b> en el desequilibrio de las matriculaciones y se\u00f1ala que las creencias estereotipadas sobre las diferentes modalidades de bachillerato y las actitudes impl\u00edcitas hacia los hombres y las mujeres que estudian medicina o ingenier\u00eda influye de manera clara en la propia actitud de profesores y alumnos. <\/p>\n<p>Entre los profesores \u00abSe tiende a desvalorizar las modalidades de bachillerato que integran el \u00e1rea de letras (humanidades y ciencias sociales), tanto en lo que respecta a las capacidades intelectuales que requieren como a las posibilidades profesionales que abren\u00bb, y entre los alumnos \u00abLos adolescentes creen que la chica m\u00e1s femenina es la de ciencias naturales y de la salud, seguida de la de humanidades y ciencias sociales, siendo la chica del bachillerato tecnol\u00f3gico la considerada menos femenina\u00bb.<\/p>\n<p>En la fase de documentaci\u00f3n llevada a cabo para escribir este art\u00edculo he encontrado varias frases que me han llamado poderosamente la atenci\u00f3n:<\/p>\n<p>&#8211; La falsa idea de que las mujeres son inferiores en aptitud matem\u00e1tica est\u00e1 tan extendida en las sociedades occidentales que \u201cel mero hecho de recordarle su sexo a una mujer puede reducir significativamente su puntuaci\u00f3n en una prueba\u201d. Incluso el hecho tan inocuo de pedir que escriban su sexo, el que se hiciese antes del examen perjudic\u00f3 los resultados de las chicas.<\/p>\n<p>&#8211; Los prejuicios aumentan el diferencial de los resultados entre g\u00e9neros. Cuando los estudiantes son conscientes del estereotipo, no s\u00f3lo bajan las puntuaciones de las chicas, sino que suben las de los chicos.<\/p>\n<p><span sec=\"101\" zon=\"10\" elem=\"1\">&#8211; No es que las chicas sean peores en ciencias es que, en los pa\u00edses sin igualdad de sexos (Espa\u00f1a entre ellos)<b>,<\/b><strong><\/strong> rinden por debajo de sus posibilidades en el colegio.<\/span><\/p>\n<p>La mayoria de estudios mencionados se\u00f1alan en sus conclusiones a los <b>profesores<\/b> como <b>pieza clave<\/b> que conseguir\u00e1 hacer las matem\u00e1ticas atractivas por igual para chicos y chicas, pero ser conscientes cada uno del peso del estereoipo y de las cuestiones m\u00e1s arriba mencionadas contribuir\u00e1 de modo decisivo a <b>luchar contra esta desigualdad que merma recursos humanos a&nbsp; nuestra sociedad<\/b>.<\/p>\n<p>Para la redacci\u00f3n de este art\u00edculo se han consultado diferentes noticias de <a href=\"http:\/\/www.elpais.com\/articulo\/sociedad\/valen\/ingenieras\/huyen\/elpepisoc\/20080731elpepisoc_1\/Tes\">EL Pa\u00eds<\/a> y <a href=\"http:\/\/www.elmundo.es\/elmundo\/2008\/07\/24\/ciencia\/1216915804.html\">El Mundo<\/a>, as\u00ed como los siguientes documentos:<\/p>\n<p><a href=\"http:\/\/www.google.es\/url?sa=t&amp;source=web&amp;ct=res&amp;cd=2&amp;url=http%3A%2F%2Fassets.cambridge.org%2F97805218%2F26051%2Fsample%2F9780521826051ws.pdf&amp;ei=jPzASOi7HpK-0gX--qjICw&amp;usg=AFQjCNHk4qkV4lUdzRlQy4Vp5fhZswhdRQ&amp;sig2=QfiBF_VyRtMPkM_SFNmxHg\">Gender differences in mathematics<\/a><br \/><a href=\"http:\/\/www.google.es\/url?sa=t&amp;source=web&amp;ct=res&amp;cd=1&amp;url=http%3A%2F%2Fprema.iacm.forth.gr%2Fdocs%2Fguidelines%2FPREMA%2520Guidelines%2520-%2520Spanish.pdf&amp;ei=VEXKSI72G5P8nQO-96X0Dg&amp;usg=AFQjCNERr-HNsotxNGNu8OprkZkdlVJZYg&amp;sig2=a1JKR0-zvA4-bWuVu7Ngdw\">Por una educaci\u00f3n matem\u00e1tica sensible a las diferencias de g\u00e9nero<\/a><br \/><a href=\"http:\/\/www.google.es\/url?sa=t&amp;source=web&amp;ct=res&amp;cd=1&amp;url=http%3A%2F%2Fwww.wjh.harvard.edu%2F%7Elds%2Fpdfs%2Fspelke2005.pdf&amp;ei=ZErKSPi-CJW20gWJ45W4AQ&amp;usg=AFQjCNEn2nrYgXwIHR54jc69nbnAuc6IUQ&amp;sig2=qnSG9-o_ILHfHeqV1kyYsA\">Sex Differences in Intrinsic Aptitude for Mathematics and Science? <\/a><\/div>\n<p><\/p>\n<div align=\"right\">Por Paula Arredondo<br \/>Gestora de <a href=\"http:\/\/www.simumat.es\">SIMUMAT<\/a><\/div>\n","protected":false},"excerpt":{"rendered":"<p>Cuantas veces hemos oido la frase de \u00ablas chicas no son buenas en matem\u00e1ticas\u00bb. Y cuantas veces los estereotipos y su gran peso han marcado un camino que no era el que, en un primer momento, quer\u00edamos&#8230; Este esteretipo que afirma que las mujeres no tienen buena capacidad para las matem\u00e1ticas est\u00e1 muy extendido y es difundido incluso por personas de gran renombre, como el que fue Presidente de la Universidad de Harvard, Lawrence Summers. Pese a que afirmaciones como esta siempre nos chocan por considerarlas pol\u00edticamente incorrectas y con poco fundamento, parece que pesiste la duda de si una\u2026<\/p>\n","protected":false},"author":49,"featured_media":0,"comment_status":"open","ping_status":"open","sticky":false,"template":"","format":"standard","meta":{"ngg_post_thumbnail":0},"categories":[1],"tags":[],"blocksy_meta":{"styles_descriptor":{"styles":{"desktop":"","tablet":"","mobile":""},"google_fonts":[],"version":4}},"aioseo_notices":[],"yoast_head":"<!-- This site is optimized with the Yoast SEO plugin v18.0 - https:\/\/yoast.com\/wordpress\/plugins\/seo\/ -->\n<title>Cuesti\u00f3n de g\u00e9nero y n\u00fameros - Matem\u00e1ticas y sus fronteras<\/title>\n<meta name=\"robots\" content=\"index, follow, max-snippet:-1, max-image-preview:large, max-video-preview:-1\" \/>\n<link rel=\"canonical\" href=\"https:\/\/www.madrimasd.org\/blogs\/matematicas\/2008\/09\/15\/100907\" \/>\n<meta property=\"og:locale\" content=\"es_ES\" \/>\n<meta property=\"og:type\" content=\"article\" \/>\n<meta property=\"og:title\" content=\"Cuesti\u00f3n de g\u00e9nero y n\u00fameros - Matem\u00e1ticas y sus fronteras\" \/>\n<meta property=\"og:description\" content=\"Cuantas veces hemos oido la frase de \u00ablas chicas no son buenas en matem\u00e1ticas\u00bb. Y cuantas veces los estereotipos y su gran peso han marcado un camino que no era el que, en un primer momento, quer\u00edamos&#8230; Este esteretipo que afirma que las mujeres no tienen buena capacidad para las matem\u00e1ticas est\u00e1 muy extendido y es difundido incluso por personas de gran renombre, como el que fue Presidente de la Universidad de Harvard, Lawrence Summers. Pese a que afirmaciones como esta siempre nos chocan por considerarlas pol\u00edticamente incorrectas y con poco fundamento, parece que pesiste la duda de si una\u2026\" \/>\n<meta property=\"og:url\" content=\"https:\/\/www.madrimasd.org\/blogs\/matematicas\/2008\/09\/15\/100907\" \/>\n<meta property=\"og:site_name\" content=\"Matem\u00e1ticas y sus fronteras\" \/>\n<meta property=\"article:published_time\" content=\"2008-09-15T03:47:00+00:00\" \/>\n<meta property=\"og:image\" content=\"https:\/\/www.madrimasd.org\/blogs\/matematicas\/wp-content\/blogs.dir\/69\/files\/633\/o_diversity_480.jpg\" \/>\n<meta name=\"twitter:card\" content=\"summary_large_image\" \/>\n<meta name=\"twitter:label1\" content=\"Escrito por\" \/>\n\t<meta name=\"twitter:data1\" content=\"Matem\u00e1ticas y sus fronteras\" \/>\n\t<meta name=\"twitter:label2\" content=\"Tiempo de lectura\" \/>\n\t<meta name=\"twitter:data2\" content=\"7 minutos\" \/>\n<script type=\"application\/ld+json\" class=\"yoast-schema-graph\">{\"@context\":\"https:\/\/schema.org\",\"@graph\":[{\"@type\":\"WebSite\",\"@id\":\"https:\/\/www.madrimasd.org\/blogs\/matematicas\/#website\",\"url\":\"https:\/\/www.madrimasd.org\/blogs\/matematicas\/\",\"name\":\"Matem\u00e1ticas y sus fronteras\",\"description\":\"\",\"potentialAction\":[{\"@type\":\"SearchAction\",\"target\":{\"@type\":\"EntryPoint\",\"urlTemplate\":\"https:\/\/www.madrimasd.org\/blogs\/matematicas\/?s={search_term_string}\"},\"query-input\":\"required name=search_term_string\"}],\"inLanguage\":\"es\"},{\"@type\":\"ImageObject\",\"@id\":\"https:\/\/www.madrimasd.org\/blogs\/matematicas\/2008\/09\/15\/100907#primaryimage\",\"inLanguage\":\"es\",\"url\":\"\/blogs\/matematicas\/wp-content\/blogs.dir\/69\/files\/633\/o_diversity_480.jpg\",\"contentUrl\":\"\/blogs\/matematicas\/wp-content\/blogs.dir\/69\/files\/633\/o_diversity_480.jpg\"},{\"@type\":\"WebPage\",\"@id\":\"https:\/\/www.madrimasd.org\/blogs\/matematicas\/2008\/09\/15\/100907#webpage\",\"url\":\"https:\/\/www.madrimasd.org\/blogs\/matematicas\/2008\/09\/15\/100907\",\"name\":\"Cuesti\u00f3n de g\u00e9nero y n\u00fameros - Matem\u00e1ticas y sus fronteras\",\"isPartOf\":{\"@id\":\"https:\/\/www.madrimasd.org\/blogs\/matematicas\/#website\"},\"primaryImageOfPage\":{\"@id\":\"https:\/\/www.madrimasd.org\/blogs\/matematicas\/2008\/09\/15\/100907#primaryimage\"},\"datePublished\":\"2008-09-15T03:47:00+00:00\",\"dateModified\":\"2008-09-15T03:47:00+00:00\",\"author\":{\"@id\":\"https:\/\/www.madrimasd.org\/blogs\/matematicas\/#\/schema\/person\/15722bca1b77eece37f4c192bd1b5230\"},\"breadcrumb\":{\"@id\":\"https:\/\/www.madrimasd.org\/blogs\/matematicas\/2008\/09\/15\/100907#breadcrumb\"},\"inLanguage\":\"es\",\"potentialAction\":[{\"@type\":\"ReadAction\",\"target\":[\"https:\/\/www.madrimasd.org\/blogs\/matematicas\/2008\/09\/15\/100907\"]}]},{\"@type\":\"BreadcrumbList\",\"@id\":\"https:\/\/www.madrimasd.org\/blogs\/matematicas\/2008\/09\/15\/100907#breadcrumb\",\"itemListElement\":[{\"@type\":\"ListItem\",\"position\":1,\"name\":\"Portada\",\"item\":\"https:\/\/www.madrimasd.org\/blogs\/matematicas\"},{\"@type\":\"ListItem\",\"position\":2,\"name\":\"Cuesti\u00f3n de g\u00e9nero y n\u00fameros\"}]},{\"@type\":\"Person\",\"@id\":\"https:\/\/www.madrimasd.org\/blogs\/matematicas\/#\/schema\/person\/15722bca1b77eece37f4c192bd1b5230\",\"name\":\"Matem\u00e1ticas y sus fronteras\",\"image\":{\"@type\":\"ImageObject\",\"@id\":\"https:\/\/www.madrimasd.org\/blogs\/matematicas\/#personlogo\",\"inLanguage\":\"es\",\"url\":\"https:\/\/secure.gravatar.com\/avatar\/50eb6cc40d97cb9ad268a3471c7e2492?s=96&d=mm&r=g\",\"contentUrl\":\"https:\/\/secure.gravatar.com\/avatar\/50eb6cc40d97cb9ad268a3471c7e2492?s=96&d=mm&r=g\",\"caption\":\"Matem\u00e1ticas y sus fronteras\"},\"description\":\"Manuel de Le\u00f3n es Profesor de Investigaci\u00f3n del CSIC, acad\u00e9mico de la Real Academia de Ciencias y su Tesorero, fundador del ICMAT (CSIC), acad\u00e9mico de la Real Academia Canaria de Ciencias y de la Real Academia Galega de Ciencias. Es adem\u00e1s Director del programa Estalmat.\",\"url\":\"https:\/\/www.madrimasd.org\/blogs\/matematicas\/author\/matematicas\"}]}<\/script>\n<!-- \/ Yoast SEO plugin. -->","yoast_head_json":{"title":"Cuesti\u00f3n de g\u00e9nero y n\u00fameros - Matem\u00e1ticas y sus fronteras","robots":{"index":"index","follow":"follow","max-snippet":"max-snippet:-1","max-image-preview":"max-image-preview:large","max-video-preview":"max-video-preview:-1"},"canonical":"https:\/\/www.madrimasd.org\/blogs\/matematicas\/2008\/09\/15\/100907","og_locale":"es_ES","og_type":"article","og_title":"Cuesti\u00f3n de g\u00e9nero y n\u00fameros - Matem\u00e1ticas y sus fronteras","og_description":"Cuantas veces hemos oido la frase de \u00ablas chicas no son buenas en matem\u00e1ticas\u00bb. Y cuantas veces los estereotipos y su gran peso han marcado un camino que no era el que, en un primer momento, quer\u00edamos&#8230; Este esteretipo que afirma que las mujeres no tienen buena capacidad para las matem\u00e1ticas est\u00e1 muy extendido y es difundido incluso por personas de gran renombre, como el que fue Presidente de la Universidad de Harvard, Lawrence Summers. Pese a que afirmaciones como esta siempre nos chocan por considerarlas pol\u00edticamente incorrectas y con poco fundamento, parece que pesiste la duda de si una\u2026","og_url":"https:\/\/www.madrimasd.org\/blogs\/matematicas\/2008\/09\/15\/100907","og_site_name":"Matem\u00e1ticas y sus fronteras","article_published_time":"2008-09-15T03:47:00+00:00","og_image":[{"url":"https:\/\/www.madrimasd.org\/blogs\/matematicas\/wp-content\/blogs.dir\/69\/files\/633\/o_diversity_480.jpg"}],"twitter_card":"summary_large_image","twitter_misc":{"Escrito por":"Matem\u00e1ticas y sus fronteras","Tiempo de lectura":"7 minutos"},"schema":{"@context":"https:\/\/schema.org","@graph":[{"@type":"WebSite","@id":"https:\/\/www.madrimasd.org\/blogs\/matematicas\/#website","url":"https:\/\/www.madrimasd.org\/blogs\/matematicas\/","name":"Matem\u00e1ticas y sus fronteras","description":"","potentialAction":[{"@type":"SearchAction","target":{"@type":"EntryPoint","urlTemplate":"https:\/\/www.madrimasd.org\/blogs\/matematicas\/?s={search_term_string}"},"query-input":"required name=search_term_string"}],"inLanguage":"es"},{"@type":"ImageObject","@id":"https:\/\/www.madrimasd.org\/blogs\/matematicas\/2008\/09\/15\/100907#primaryimage","inLanguage":"es","url":"\/blogs\/matematicas\/wp-content\/blogs.dir\/69\/files\/633\/o_diversity_480.jpg","contentUrl":"\/blogs\/matematicas\/wp-content\/blogs.dir\/69\/files\/633\/o_diversity_480.jpg"},{"@type":"WebPage","@id":"https:\/\/www.madrimasd.org\/blogs\/matematicas\/2008\/09\/15\/100907#webpage","url":"https:\/\/www.madrimasd.org\/blogs\/matematicas\/2008\/09\/15\/100907","name":"Cuesti\u00f3n de g\u00e9nero y n\u00fameros - Matem\u00e1ticas y sus fronteras","isPartOf":{"@id":"https:\/\/www.madrimasd.org\/blogs\/matematicas\/#website"},"primaryImageOfPage":{"@id":"https:\/\/www.madrimasd.org\/blogs\/matematicas\/2008\/09\/15\/100907#primaryimage"},"datePublished":"2008-09-15T03:47:00+00:00","dateModified":"2008-09-15T03:47:00+00:00","author":{"@id":"https:\/\/www.madrimasd.org\/blogs\/matematicas\/#\/schema\/person\/15722bca1b77eece37f4c192bd1b5230"},"breadcrumb":{"@id":"https:\/\/www.madrimasd.org\/blogs\/matematicas\/2008\/09\/15\/100907#breadcrumb"},"inLanguage":"es","potentialAction":[{"@type":"ReadAction","target":["https:\/\/www.madrimasd.org\/blogs\/matematicas\/2008\/09\/15\/100907"]}]},{"@type":"BreadcrumbList","@id":"https:\/\/www.madrimasd.org\/blogs\/matematicas\/2008\/09\/15\/100907#breadcrumb","itemListElement":[{"@type":"ListItem","position":1,"name":"Portada","item":"https:\/\/www.madrimasd.org\/blogs\/matematicas"},{"@type":"ListItem","position":2,"name":"Cuesti\u00f3n de g\u00e9nero y n\u00fameros"}]},{"@type":"Person","@id":"https:\/\/www.madrimasd.org\/blogs\/matematicas\/#\/schema\/person\/15722bca1b77eece37f4c192bd1b5230","name":"Matem\u00e1ticas y sus fronteras","image":{"@type":"ImageObject","@id":"https:\/\/www.madrimasd.org\/blogs\/matematicas\/#personlogo","inLanguage":"es","url":"https:\/\/secure.gravatar.com\/avatar\/50eb6cc40d97cb9ad268a3471c7e2492?s=96&d=mm&r=g","contentUrl":"https:\/\/secure.gravatar.com\/avatar\/50eb6cc40d97cb9ad268a3471c7e2492?s=96&d=mm&r=g","caption":"Matem\u00e1ticas y sus fronteras"},"description":"Manuel de Le\u00f3n es Profesor de Investigaci\u00f3n del CSIC, acad\u00e9mico de la Real Academia de Ciencias y su Tesorero, fundador del ICMAT (CSIC), acad\u00e9mico de la Real Academia Canaria de Ciencias y de la Real Academia Galega de Ciencias. Es adem\u00e1s Director del programa Estalmat.","url":"https:\/\/www.madrimasd.org\/blogs\/matematicas\/author\/matematicas"}]}},"_links":{"self":[{"href":"https:\/\/www.madrimasd.org\/blogs\/matematicas\/wp-json\/wp\/v2\/posts\/100907"}],"collection":[{"href":"https:\/\/www.madrimasd.org\/blogs\/matematicas\/wp-json\/wp\/v2\/posts"}],"about":[{"href":"https:\/\/www.madrimasd.org\/blogs\/matematicas\/wp-json\/wp\/v2\/types\/post"}],"author":[{"embeddable":true,"href":"https:\/\/www.madrimasd.org\/blogs\/matematicas\/wp-json\/wp\/v2\/users\/49"}],"replies":[{"embeddable":true,"href":"https:\/\/www.madrimasd.org\/blogs\/matematicas\/wp-json\/wp\/v2\/comments?post=100907"}],"version-history":[{"count":0,"href":"https:\/\/www.madrimasd.org\/blogs\/matematicas\/wp-json\/wp\/v2\/posts\/100907\/revisions"}],"wp:attachment":[{"href":"https:\/\/www.madrimasd.org\/blogs\/matematicas\/wp-json\/wp\/v2\/media?parent=100907"}],"wp:term":[{"taxonomy":"category","embeddable":true,"href":"https:\/\/www.madrimasd.org\/blogs\/matematicas\/wp-json\/wp\/v2\/categories?post=100907"},{"taxonomy":"post_tag","embeddable":true,"href":"https:\/\/www.madrimasd.org\/blogs\/matematicas\/wp-json\/wp\/v2\/tags?post=100907"}],"curies":[{"name":"wp","href":"https:\/\/api.w.org\/{rel}","templated":true}]}}