{"id":135999,"date":"2013-04-07T08:25:18","date_gmt":"2013-04-07T07:25:18","guid":{"rendered":"http:\/\/www.madrimasd.org\/blogs\/matematicas\/?p=135999"},"modified":"2013-04-07T08:25:18","modified_gmt":"2013-04-07T07:25:18","slug":"i-congreso-de-educacion-matematica-de-america-central-y-de-el-caribe-i-cemacyc","status":"publish","type":"post","link":"https:\/\/www.madrimasd.org\/blogs\/matematicas\/2013\/04\/07\/135999","title":{"rendered":"I Congreso de Educaci\u00f3n Matem\u00e1tica de Am\u00e9rica Central y de El Caribe (I CEMACYC)"},"content":{"rendered":"<p><strong>La <a href=\"http:\/\/www.cimm.ucr.ac.cr\/redregional\/\">Red de Educaci\u00f3n Matem\u00e1tica de Am\u00e9rica Central y El Caribe (REDUMATE)<\/a>, creada el pasado a\u00f1o 2012, organiza el <a href=\"http:\/\/i.redumate.org\/cemacyc\/index.php\/i_cemacyc\/i_cemacyc\">I Congreso de Educaci\u00f3n Matem\u00e1tica de Am\u00e9rica Central y de El Caribe (I CEMACYC)<\/a> que se realizar\u00e1 en Santo Domingo, Rep\u00fablica Dominicana, del 6 al 8 de noviembre del 2013. Ser\u00e1 el primer gran evento que organiza la Red, y se aprovechar\u00e1 para celebrar su Asamblea General, el 5 de noviembre del 2013. Manuel de Le\u00f3n, director del ICMAT y miembro del comit\u00e9 ejecutivo de la Uni\u00f3n Matem\u00e1tica Internacional (IMU), presenta el evento.<br \/>\n<\/strong><\/p>\n<p><a href=\"https:\/\/www.madrimasd.org\/blogs\/matematicas\/files\/2013\/04\/pageHeaderTitleImage_es_ES.png\"><img decoding=\"async\" class=\"aligncenter size-medium wp-image-136001\" title=\"pageHeaderTitleImage_es_ES\" src=\"https:\/\/www.madrimasd.org\/blogs\/matematicas\/files\/2013\/04\/pageHeaderTitleImage_es_ES-300x101.png\" alt=\"\" width=\"300\" height=\"101\" srcset=\"https:\/\/www.madrimasd.org\/blogs\/matematicas\/files\/2013\/04\/pageHeaderTitleImage_es_ES-300x101.png 300w, https:\/\/www.madrimasd.org\/blogs\/matematicas\/files\/2013\/04\/pageHeaderTitleImage_es_ES.png 961w\" sizes=\"(max-width: 300px) 100vw, 300px\" \/><\/a><\/p>\n<p>La Red de Educaci\u00f3n Matem\u00e1tica de Am\u00e9rica Central y El Caribe REDUMATE naci\u00f3 en el trascurso de la Escuela Seminario Internacional Construcci\u00f3n de Capacidades en Matem\u00e1ticas y Educaci\u00f3n Matem\u00e1tica CANP, celebrada en San Jos\u00e9 de Costa Rica en agosto del 2012. CANP es un proyecto de la Comisi\u00f3n Internacional de Formaci\u00f3n Matem\u00e1tica (ICMI), que es la encargada de los aspectos educativos de las matem\u00e1ticas dentro de la Uni\u00f3n Matem\u00e1tica Internacional (IMU).<\/p>\n<p>Es el primer gran evento que organiza la Red, y se aprovechar\u00e1 para celebrar su Asamblea General, el 5 de noviembre del 2013, aunque esta actividad no es p\u00fablica y est\u00e1 restringida a los miembros de la Red.<\/p>\n<p><a href=\"https:\/\/www.madrimasd.org\/blogs\/matematicas\/files\/2013\/04\/republica_dominicana_by_danielboveportillo-d55x394.jpg\"><img decoding=\"async\" class=\"aligncenter size-medium wp-image-136003\" title=\"republica_dominicana_by_danielboveportillo-d55x394\" src=\"https:\/\/www.madrimasd.org\/blogs\/matematicas\/files\/2013\/04\/republica_dominicana_by_danielboveportillo-d55x394-300x170.jpg\" alt=\"\" width=\"300\" height=\"170\" srcset=\"https:\/\/www.madrimasd.org\/blogs\/matematicas\/files\/2013\/04\/republica_dominicana_by_danielboveportillo-d55x394-300x170.jpg 300w, https:\/\/www.madrimasd.org\/blogs\/matematicas\/files\/2013\/04\/republica_dominicana_by_danielboveportillo-d55x394-1024x581.jpg 1024w, https:\/\/www.madrimasd.org\/blogs\/matematicas\/files\/2013\/04\/republica_dominicana_by_danielboveportillo-d55x394.jpg 1281w\" sizes=\"(max-width: 300px) 100vw, 300px\" \/><\/a><\/p>\n<p>El Comit\u00e9 Cient\u00edfico Internacional coordina el programa cient\u00edfico y la revisi\u00f3n de todos los trabajos del evento, y est\u00e1 compuesto por:<\/p>\n<ul>\n<li>Alexa Ram\u00edrez (Costa Rica)<\/li>\n<li>Carlos S\u00e1nchez (Cuba)<\/li>\n<li>Claudia Groenwald (Brasil)<\/li>\n<li>Edison De Faria (Costa Rica)<\/li>\n<li>Eduardo Mancera (M\u00e9xico)<\/li>\n<li>Edwin Chaves (Costa Rica)<\/li>\n<li>Hugo Barrantes (Costa Rica)<\/li>\n<li>Jhony Alexander Villa (Colombia)<\/li>\n<li>Jos\u00e9 Chamoso (Espa\u00f1a)<\/li>\n<li>Luis Carlos Arboleda (Colombia)<\/li>\n<li>Manuel de Le\u00f3n (Espa\u00f1a)<\/li>\n<li>Nelly Le\u00f3n G\u00f3mez (Venezuela)<\/li>\n<li>Patricia Camarena (M\u00e9xico)<\/li>\n<li>Patrick Scott (EUA)<\/li>\n<li>Salvador Llinares (Espa\u00f1a)<\/li>\n<li>Sarah In\u00e9s Gonz\u00e1lez (Rep\u00fablica Dominicana)<\/li>\n<li>Walter Otto Beyer (Venezuela)<\/li>\n<\/ul>\n<p>El I CEMACYC contar\u00e1 con prestigiosos oradores invitados de la comunidad internacional de Educaci\u00f3n Matem\u00e1tica que desarrollar\u00e1n conferencias y mesas plenarias, conferencias y mesas paralelas y cursos. Entre ello est\u00e1n:<\/p>\n<ul>\n<li>Mich\u00e8le Artigue (Francia)<\/li>\n<\/ul>\n<ul>\n<li>Ubiratan D\u2019Ambrosio (Brasil)<\/li>\n<\/ul>\n<ul>\n<li>Salvador Llinares (Espa\u00f1a)<\/li>\n<\/ul>\n<ul>\n<li>Patrick Scott (Estados Unidos)<\/li>\n<\/ul>\n<ul>\n<li>Eduardo Mancera (M\u00e9xico)<\/li>\n<\/ul>\n<ul>\n<li>Luis Radford (Guatemala-Canad\u00e1)<\/li>\n<\/ul>\n<p>El I CEMACYC est\u00e1 abierto a la presentaci\u00f3n de propuestas de ponencias de acad\u00e9micos y estudiantes en las modalidades de comunicaciones cortas, talleres y posters, relacionados con los temas del congreso que son:<\/p>\n<p>1. Formaci\u00f3n inicial de profesores de ense\u00f1anza primaria en Educaci\u00f3n Matem\u00e1tica grados 1 a 6.<\/p>\n<p>2. Formaci\u00f3n inicial de profesores de ense\u00f1anza secundaria en Educaci\u00f3n Matem\u00e1tica grados 7 a 12.<\/p>\n<p>3. Formaci\u00f3n continua y desarrollo profesional en Educaci\u00f3n Matem\u00e1tica.<\/p>\n<p>4. Desarrollo curricular en Educaci\u00f3n Matem\u00e1tica.<\/p>\n<p>5. Uso de tecnolog\u00edas para la ense\u00f1anza y aprendizaje de las Matem\u00e1ticas.<\/p>\n<p>6. Uso de tecnolog\u00edas basadas en la web en Educaci\u00f3n Matem\u00e1tica.<\/p>\n<p>7. Etnomatem\u00e1ticas y perspectivas socioculturales.<\/p>\n<p>8. Evaluaci\u00f3n del aprendizaje matem\u00e1tico y pruebas comparativas internacionales.<\/p>\n<p>9. Investigaci\u00f3n en Educaci\u00f3n Matem\u00e1tica.<\/p>\n<p>10. Competencias en Educaci\u00f3n Matem\u00e1tica.<\/p>\n<p>11.Estad\u00edstica y Probabilidad en Educaci\u00f3n Matem\u00e1tica.<\/p>\n<p>12.\u00a0Geometr\u00eda en Educaci\u00f3n Matem\u00e1tica.<\/p>\n<p>13.\u00a0\u00c1lgebra y funciones en Educaci\u00f3n Matem\u00e1tica.<\/p>\n<p>14.\u00a0C\u00e1lculo diferencial e integral en Educaci\u00f3n Matem\u00e1tica.<\/p>\n<p>15.Educaci\u00f3n Matem\u00e1tica en las primeras edades escolares hasta grado 6.<\/p>\n<p>16.\u00a0 Sociolog\u00eda de la Educaci\u00f3n Matem\u00e1tica.<\/p>\n<p>17.\u00a0 Historia y Filosof\u00eda de las Matem\u00e1ticas y de la Educaci\u00f3n Matem\u00e1tica.<\/p>\n<p>18.\u00a0 Nuevos enfoques y tendencias en Educaci\u00f3n Matem\u00e1tica.<\/p>\n<p>19.\u00a0 Educaci\u00f3n Matem\u00e1tica y relaci\u00f3n con otras \u00e1reas de conocimiento.<\/p>\n<p>20.\u00a0 Educaci\u00f3n Matem\u00e1tica y necesidades especiales.<\/p>\n<p>21.\u00a0 Resoluci\u00f3n de problemas.<\/p>\n<p>22.\u00a0 Modelizaci\u00f3n en Educaci\u00f3n Matem\u00e1tica.<\/p>\n<p>Todos los que deseen participar, deben tener en cuenta estas fechas importantes relativas a las inscripciones y a las propuestas de ponencias:<\/p>\n<p><strong>Inscripci\u00f3n:<\/strong> del 1 de agosto al 31 de octubre del 2013<\/p>\n<p>Pago de inscripci\u00f3n<\/p>\n<p>1 de agosto al 31 de setiembre del 2013: 110 d\u00f3lares.<\/p>\n<p>1 al 15 de octubre del 2013: 130 d\u00f3lares.<\/p>\n<p>16 al 31 de octubre del 2013: 150 d\u00f3lares.<\/p>\n<p><strong>Ponencias<\/strong><\/p>\n<ul>\n<li>Env\u00edo de propuestas de ponencias: 1 de abril al 30 de junio del 2013.<\/li>\n<li>Comunicaci\u00f3n sobre aceptaci\u00f3n de propuestas de ponencias: no m\u00e1s de 30 d\u00edas despu\u00e9s de presentada la propuesta.<\/li>\n<li>Env\u00edo de versi\u00f3n completa de ponencia: a m\u00e1s tardar el 15 de agosto del 2013.<\/li>\n<li>Comunicaci\u00f3n sobre aceptaci\u00f3n o no de versi\u00f3n completa de ponencia: a m\u00e1s tardar el 30 de agosto del 2013.<\/li>\n<li>Env\u00edo de ponencias rechazadas temporalmente: a m\u00e1s tardar el 15 de setiembre del 2013.<\/li>\n<li>Comunicaci\u00f3n sobre aceptaci\u00f3n o no de versi\u00f3n completa de ponencia corregida: a m\u00e1s tardar el 22 de setiembre del 2013.<\/li>\n<li>Para incluir la ponencia en el programa, la versi\u00f3n completa definitiva aprobada debe haber sido subida en la plataforma OCS antes del 23 de setiembre del 2013.<\/li>\n<li>Para incluir la ponencia en el programa, al menos uno de los coautores de la ponencia deber\u00e1 haber pagado la inscripci\u00f3n antes del 23 de setiembre del 2013.<\/li>\n<\/ul>\n<p>El congreso cuenta con el patrocinio de la Comisi\u00f3n Internacional de Formaci\u00f3n Matem\u00e1tica (ICMI), la Uni\u00f3n Matem\u00e1tica Internacional (IMU), el Comit\u00e9 Interamericano de Educaci\u00f3n Matem\u00e1tica (CIAEM) y la oficina regional del Consejo Internacional para la Ciencia (ICSU).<\/p>\n<p>Las lenguas oficiales del congreso ser\u00e1n el espa\u00f1ol, el portugu\u00e9s, y el ingl\u00e9s.<\/p>\n<p>&#8212;<\/p>\n<p><strong>Manuel de Le\u00f3n<\/strong> (CSIC, Real Academia de Ciencias y Academia Canaria de Ciencias) es Director del Instituto de Ciencias Matem\u00e1ticas (<strong>ICMAT<\/strong>) y miembro del Comit\u00e9 Ejecutivo de la International Mathematical Union (<strong>IMU<\/strong>).<\/p>\n","protected":false},"excerpt":{"rendered":"<p>La Red de Educaci\u00f3n Matem\u00e1tica de Am\u00e9rica Central y El Caribe (REDUMATE), creada el pasado a\u00f1o 2012, organiza el I Congreso de Educaci\u00f3n Matem\u00e1tica de Am\u00e9rica Central y de El Caribe (I CEMACYC) que se realizar\u00e1 en Santo Domingo, Rep\u00fablica Dominicana, del 6 al 8 de noviembre del 2013. Ser\u00e1 el primer gran evento que organiza la Red, y se aprovechar\u00e1 para celebrar su Asamblea General, el 5 de noviembre del 2013. Manuel de Le\u00f3n, director del ICMAT y miembro del comit\u00e9 ejecutivo de la Uni\u00f3n Matem\u00e1tica Internacional (IMU), presenta el evento. La Red de Educaci\u00f3n Matem\u00e1tica de Am\u00e9rica Central\u2026<\/p>\n","protected":false},"author":49,"featured_media":0,"comment_status":"open","ping_status":"open","sticky":false,"template":"","format":"standard","meta":{"ngg_post_thumbnail":0},"categories":[1],"tags":[],"blocksy_meta":{"styles_descriptor":{"styles":{"desktop":"","tablet":"","mobile":""},"google_fonts":[],"version":4}},"aioseo_notices":[],"yoast_head":"<!-- This site is optimized with the Yoast SEO plugin v18.0 - https:\/\/yoast.com\/wordpress\/plugins\/seo\/ -->\n<title>I Congreso de Educaci\u00f3n Matem\u00e1tica de Am\u00e9rica Central y de El Caribe (I CEMACYC) - Matem\u00e1ticas y sus fronteras<\/title>\n<meta name=\"robots\" content=\"index, follow, max-snippet:-1, max-image-preview:large, max-video-preview:-1\" \/>\n<link rel=\"canonical\" href=\"https:\/\/www.madrimasd.org\/blogs\/matematicas\/2013\/04\/07\/135999\" \/>\n<meta property=\"og:locale\" content=\"es_ES\" \/>\n<meta property=\"og:type\" content=\"article\" \/>\n<meta property=\"og:title\" content=\"I Congreso de Educaci\u00f3n Matem\u00e1tica de Am\u00e9rica Central y de El Caribe (I CEMACYC) - Matem\u00e1ticas y sus fronteras\" \/>\n<meta property=\"og:description\" content=\"La Red de Educaci\u00f3n Matem\u00e1tica de Am\u00e9rica Central y El Caribe (REDUMATE), creada el pasado a\u00f1o 2012, organiza el I Congreso de Educaci\u00f3n Matem\u00e1tica de Am\u00e9rica Central y de El Caribe (I CEMACYC) que se realizar\u00e1 en Santo Domingo, Rep\u00fablica Dominicana, del 6 al 8 de noviembre del 2013. Ser\u00e1 el primer gran evento que organiza la Red, y se aprovechar\u00e1 para celebrar su Asamblea General, el 5 de noviembre del 2013. Manuel de Le\u00f3n, director del ICMAT y miembro del comit\u00e9 ejecutivo de la Uni\u00f3n Matem\u00e1tica Internacional (IMU), presenta el evento. La Red de Educaci\u00f3n Matem\u00e1tica de Am\u00e9rica Central\u2026\" \/>\n<meta property=\"og:url\" content=\"https:\/\/www.madrimasd.org\/blogs\/matematicas\/2013\/04\/07\/135999\" \/>\n<meta property=\"og:site_name\" content=\"Matem\u00e1ticas y sus fronteras\" \/>\n<meta property=\"article:published_time\" content=\"2013-04-07T07:25:18+00:00\" \/>\n<meta property=\"og:image\" content=\"http:\/\/www.madrimasd.org\/blogs\/matematicas\/files\/2013\/04\/pageHeaderTitleImage_es_ES-300x101.png\" \/>\n<meta name=\"twitter:card\" content=\"summary_large_image\" \/>\n<meta name=\"twitter:label1\" content=\"Escrito por\" \/>\n\t<meta name=\"twitter:data1\" content=\"Matem\u00e1ticas y sus fronteras\" \/>\n\t<meta name=\"twitter:label2\" content=\"Tiempo de lectura\" \/>\n\t<meta name=\"twitter:data2\" content=\"5 minutos\" \/>\n<script type=\"application\/ld+json\" class=\"yoast-schema-graph\">{\"@context\":\"https:\/\/schema.org\",\"@graph\":[{\"@type\":\"WebSite\",\"@id\":\"https:\/\/www.madrimasd.org\/blogs\/matematicas\/#website\",\"url\":\"https:\/\/www.madrimasd.org\/blogs\/matematicas\/\",\"name\":\"Matem\u00e1ticas y sus fronteras\",\"description\":\"\",\"potentialAction\":[{\"@type\":\"SearchAction\",\"target\":{\"@type\":\"EntryPoint\",\"urlTemplate\":\"https:\/\/www.madrimasd.org\/blogs\/matematicas\/?s={search_term_string}\"},\"query-input\":\"required name=search_term_string\"}],\"inLanguage\":\"es\"},{\"@type\":\"ImageObject\",\"@id\":\"https:\/\/www.madrimasd.org\/blogs\/matematicas\/2013\/04\/07\/135999#primaryimage\",\"inLanguage\":\"es\",\"url\":\"http:\/\/www.madrimasd.org\/blogs\/matematicas\/files\/2013\/04\/pageHeaderTitleImage_es_ES-300x101.png\",\"contentUrl\":\"http:\/\/www.madrimasd.org\/blogs\/matematicas\/files\/2013\/04\/pageHeaderTitleImage_es_ES-300x101.png\"},{\"@type\":\"WebPage\",\"@id\":\"https:\/\/www.madrimasd.org\/blogs\/matematicas\/2013\/04\/07\/135999#webpage\",\"url\":\"https:\/\/www.madrimasd.org\/blogs\/matematicas\/2013\/04\/07\/135999\",\"name\":\"I Congreso de Educaci\u00f3n Matem\u00e1tica de Am\u00e9rica Central y de El Caribe (I CEMACYC) - Matem\u00e1ticas y sus fronteras\",\"isPartOf\":{\"@id\":\"https:\/\/www.madrimasd.org\/blogs\/matematicas\/#website\"},\"primaryImageOfPage\":{\"@id\":\"https:\/\/www.madrimasd.org\/blogs\/matematicas\/2013\/04\/07\/135999#primaryimage\"},\"datePublished\":\"2013-04-07T07:25:18+00:00\",\"dateModified\":\"2013-04-07T07:25:18+00:00\",\"author\":{\"@id\":\"https:\/\/www.madrimasd.org\/blogs\/matematicas\/#\/schema\/person\/15722bca1b77eece37f4c192bd1b5230\"},\"breadcrumb\":{\"@id\":\"https:\/\/www.madrimasd.org\/blogs\/matematicas\/2013\/04\/07\/135999#breadcrumb\"},\"inLanguage\":\"es\",\"potentialAction\":[{\"@type\":\"ReadAction\",\"target\":[\"https:\/\/www.madrimasd.org\/blogs\/matematicas\/2013\/04\/07\/135999\"]}]},{\"@type\":\"BreadcrumbList\",\"@id\":\"https:\/\/www.madrimasd.org\/blogs\/matematicas\/2013\/04\/07\/135999#breadcrumb\",\"itemListElement\":[{\"@type\":\"ListItem\",\"position\":1,\"name\":\"Portada\",\"item\":\"https:\/\/www.madrimasd.org\/blogs\/matematicas\"},{\"@type\":\"ListItem\",\"position\":2,\"name\":\"I Congreso de Educaci\u00f3n Matem\u00e1tica de Am\u00e9rica Central y de El Caribe (I CEMACYC)\"}]},{\"@type\":\"Person\",\"@id\":\"https:\/\/www.madrimasd.org\/blogs\/matematicas\/#\/schema\/person\/15722bca1b77eece37f4c192bd1b5230\",\"name\":\"Matem\u00e1ticas y sus fronteras\",\"image\":{\"@type\":\"ImageObject\",\"@id\":\"https:\/\/www.madrimasd.org\/blogs\/matematicas\/#personlogo\",\"inLanguage\":\"es\",\"url\":\"https:\/\/secure.gravatar.com\/avatar\/50eb6cc40d97cb9ad268a3471c7e2492?s=96&d=mm&r=g\",\"contentUrl\":\"https:\/\/secure.gravatar.com\/avatar\/50eb6cc40d97cb9ad268a3471c7e2492?s=96&d=mm&r=g\",\"caption\":\"Matem\u00e1ticas y sus fronteras\"},\"description\":\"Manuel de Le\u00f3n es Profesor de Investigaci\u00f3n del CSIC, acad\u00e9mico de la Real Academia de Ciencias y su Tesorero, fundador del ICMAT (CSIC), acad\u00e9mico de la Real Academia Canaria de Ciencias y de la Real Academia Galega de Ciencias. Es adem\u00e1s Director del programa Estalmat.\",\"url\":\"https:\/\/www.madrimasd.org\/blogs\/matematicas\/author\/matematicas\"}]}<\/script>\n<!-- \/ Yoast SEO plugin. -->","yoast_head_json":{"title":"I Congreso de Educaci\u00f3n Matem\u00e1tica de Am\u00e9rica Central y de El Caribe (I CEMACYC) - Matem\u00e1ticas y sus fronteras","robots":{"index":"index","follow":"follow","max-snippet":"max-snippet:-1","max-image-preview":"max-image-preview:large","max-video-preview":"max-video-preview:-1"},"canonical":"https:\/\/www.madrimasd.org\/blogs\/matematicas\/2013\/04\/07\/135999","og_locale":"es_ES","og_type":"article","og_title":"I Congreso de Educaci\u00f3n Matem\u00e1tica de Am\u00e9rica Central y de El Caribe (I CEMACYC) - Matem\u00e1ticas y sus fronteras","og_description":"La Red de Educaci\u00f3n Matem\u00e1tica de Am\u00e9rica Central y El Caribe (REDUMATE), creada el pasado a\u00f1o 2012, organiza el I Congreso de Educaci\u00f3n Matem\u00e1tica de Am\u00e9rica Central y de El Caribe (I CEMACYC) que se realizar\u00e1 en Santo Domingo, Rep\u00fablica Dominicana, del 6 al 8 de noviembre del 2013. Ser\u00e1 el primer gran evento que organiza la Red, y se aprovechar\u00e1 para celebrar su Asamblea General, el 5 de noviembre del 2013. Manuel de Le\u00f3n, director del ICMAT y miembro del comit\u00e9 ejecutivo de la Uni\u00f3n Matem\u00e1tica Internacional (IMU), presenta el evento. La Red de Educaci\u00f3n Matem\u00e1tica de Am\u00e9rica Central\u2026","og_url":"https:\/\/www.madrimasd.org\/blogs\/matematicas\/2013\/04\/07\/135999","og_site_name":"Matem\u00e1ticas y sus fronteras","article_published_time":"2013-04-07T07:25:18+00:00","og_image":[{"url":"http:\/\/www.madrimasd.org\/blogs\/matematicas\/files\/2013\/04\/pageHeaderTitleImage_es_ES-300x101.png"}],"twitter_card":"summary_large_image","twitter_misc":{"Escrito por":"Matem\u00e1ticas y sus fronteras","Tiempo de lectura":"5 minutos"},"schema":{"@context":"https:\/\/schema.org","@graph":[{"@type":"WebSite","@id":"https:\/\/www.madrimasd.org\/blogs\/matematicas\/#website","url":"https:\/\/www.madrimasd.org\/blogs\/matematicas\/","name":"Matem\u00e1ticas y sus fronteras","description":"","potentialAction":[{"@type":"SearchAction","target":{"@type":"EntryPoint","urlTemplate":"https:\/\/www.madrimasd.org\/blogs\/matematicas\/?s={search_term_string}"},"query-input":"required name=search_term_string"}],"inLanguage":"es"},{"@type":"ImageObject","@id":"https:\/\/www.madrimasd.org\/blogs\/matematicas\/2013\/04\/07\/135999#primaryimage","inLanguage":"es","url":"http:\/\/www.madrimasd.org\/blogs\/matematicas\/files\/2013\/04\/pageHeaderTitleImage_es_ES-300x101.png","contentUrl":"http:\/\/www.madrimasd.org\/blogs\/matematicas\/files\/2013\/04\/pageHeaderTitleImage_es_ES-300x101.png"},{"@type":"WebPage","@id":"https:\/\/www.madrimasd.org\/blogs\/matematicas\/2013\/04\/07\/135999#webpage","url":"https:\/\/www.madrimasd.org\/blogs\/matematicas\/2013\/04\/07\/135999","name":"I Congreso de Educaci\u00f3n Matem\u00e1tica de Am\u00e9rica Central y de El Caribe (I CEMACYC) - Matem\u00e1ticas y sus fronteras","isPartOf":{"@id":"https:\/\/www.madrimasd.org\/blogs\/matematicas\/#website"},"primaryImageOfPage":{"@id":"https:\/\/www.madrimasd.org\/blogs\/matematicas\/2013\/04\/07\/135999#primaryimage"},"datePublished":"2013-04-07T07:25:18+00:00","dateModified":"2013-04-07T07:25:18+00:00","author":{"@id":"https:\/\/www.madrimasd.org\/blogs\/matematicas\/#\/schema\/person\/15722bca1b77eece37f4c192bd1b5230"},"breadcrumb":{"@id":"https:\/\/www.madrimasd.org\/blogs\/matematicas\/2013\/04\/07\/135999#breadcrumb"},"inLanguage":"es","potentialAction":[{"@type":"ReadAction","target":["https:\/\/www.madrimasd.org\/blogs\/matematicas\/2013\/04\/07\/135999"]}]},{"@type":"BreadcrumbList","@id":"https:\/\/www.madrimasd.org\/blogs\/matematicas\/2013\/04\/07\/135999#breadcrumb","itemListElement":[{"@type":"ListItem","position":1,"name":"Portada","item":"https:\/\/www.madrimasd.org\/blogs\/matematicas"},{"@type":"ListItem","position":2,"name":"I Congreso de Educaci\u00f3n Matem\u00e1tica de Am\u00e9rica Central y de El Caribe (I CEMACYC)"}]},{"@type":"Person","@id":"https:\/\/www.madrimasd.org\/blogs\/matematicas\/#\/schema\/person\/15722bca1b77eece37f4c192bd1b5230","name":"Matem\u00e1ticas y sus fronteras","image":{"@type":"ImageObject","@id":"https:\/\/www.madrimasd.org\/blogs\/matematicas\/#personlogo","inLanguage":"es","url":"https:\/\/secure.gravatar.com\/avatar\/50eb6cc40d97cb9ad268a3471c7e2492?s=96&d=mm&r=g","contentUrl":"https:\/\/secure.gravatar.com\/avatar\/50eb6cc40d97cb9ad268a3471c7e2492?s=96&d=mm&r=g","caption":"Matem\u00e1ticas y sus fronteras"},"description":"Manuel de Le\u00f3n es Profesor de Investigaci\u00f3n del CSIC, acad\u00e9mico de la Real Academia de Ciencias y su Tesorero, fundador del ICMAT (CSIC), acad\u00e9mico de la Real Academia Canaria de Ciencias y de la Real Academia Galega de Ciencias. Es adem\u00e1s Director del programa Estalmat.","url":"https:\/\/www.madrimasd.org\/blogs\/matematicas\/author\/matematicas"}]}},"_links":{"self":[{"href":"https:\/\/www.madrimasd.org\/blogs\/matematicas\/wp-json\/wp\/v2\/posts\/135999"}],"collection":[{"href":"https:\/\/www.madrimasd.org\/blogs\/matematicas\/wp-json\/wp\/v2\/posts"}],"about":[{"href":"https:\/\/www.madrimasd.org\/blogs\/matematicas\/wp-json\/wp\/v2\/types\/post"}],"author":[{"embeddable":true,"href":"https:\/\/www.madrimasd.org\/blogs\/matematicas\/wp-json\/wp\/v2\/users\/49"}],"replies":[{"embeddable":true,"href":"https:\/\/www.madrimasd.org\/blogs\/matematicas\/wp-json\/wp\/v2\/comments?post=135999"}],"version-history":[{"count":9,"href":"https:\/\/www.madrimasd.org\/blogs\/matematicas\/wp-json\/wp\/v2\/posts\/135999\/revisions"}],"predecessor-version":[{"id":136029,"href":"https:\/\/www.madrimasd.org\/blogs\/matematicas\/wp-json\/wp\/v2\/posts\/135999\/revisions\/136029"}],"wp:attachment":[{"href":"https:\/\/www.madrimasd.org\/blogs\/matematicas\/wp-json\/wp\/v2\/media?parent=135999"}],"wp:term":[{"taxonomy":"category","embeddable":true,"href":"https:\/\/www.madrimasd.org\/blogs\/matematicas\/wp-json\/wp\/v2\/categories?post=135999"},{"taxonomy":"post_tag","embeddable":true,"href":"https:\/\/www.madrimasd.org\/blogs\/matematicas\/wp-json\/wp\/v2\/tags?post=135999"}],"curies":[{"name":"wp","href":"https:\/\/api.w.org\/{rel}","templated":true}]}}