{"id":136943,"date":"2013-09-25T09:05:12","date_gmt":"2013-09-25T08:05:12","guid":{"rendered":"http:\/\/www.madrimasd.org\/blogs\/matematicas\/?p=136943"},"modified":"2013-09-25T09:05:12","modified_gmt":"2013-09-25T08:05:12","slug":"pablo-pedregal-en-el-coloquio-icmat-uam","status":"publish","type":"post","link":"https:\/\/www.madrimasd.org\/blogs\/matematicas\/2013\/09\/25\/136943","title":{"rendered":"Pablo Pedregal en el Coloquio ICMAT-UAM"},"content":{"rendered":"<p class=\"MsoNormal\"><strong style=\"mso-bidi-font-weight: normal;\"><span lang=\"EN-US\">Pablo Pedregal es el pr\u00f3ximo conferenciante del Coloquio ICMAT-UAM que organizan conjuntamente el Instituto de Ciencias Matem\u00e1ticas (ICMAT) y el Departamento de Matem\u00e1ticas de la UAM. El coloquio servir\u00e1 tambi\u00e9n para dar inicio formal a la estancia del profesor Pedregal durante un cuatrimestre en el ICMAT.<\/span><\/strong><\/p>\n<figure id=\"attachment_136946\" aria-describedby=\"caption-attachment-136946\" style=\"width: 227px\" class=\"wp-caption aligncenter\"><a href=\"https:\/\/www.madrimasd.org\/blogs\/matematicas\/files\/2013\/09\/PabloP.jpg\"><img decoding=\"async\" class=\"size-medium wp-image-136946\" title=\"S\" src=\"https:\/\/www.madrimasd.org\/blogs\/matematicas\/files\/2013\/09\/PabloP-227x300.jpg\" alt=\"\" width=\"227\" height=\"300\" srcset=\"https:\/\/www.madrimasd.org\/blogs\/matematicas\/files\/2013\/09\/PabloP-227x300.jpg 227w, https:\/\/www.madrimasd.org\/blogs\/matematicas\/files\/2013\/09\/PabloP.jpg 480w\" sizes=\"(max-width: 227px) 100vw, 227px\" \/><\/a><figcaption id=\"caption-attachment-136946\" class=\"wp-caption-text\">Pablo Pedregal<\/figcaption><\/figure>\n<p class=\"MsoNormal\"><span lang=\"EN-US\">Pablo Pedregal estudi\u00f3 la licenciatura de Matem\u00e1ticas en Madrid (U. Complutense, 1986), y a su finalizaci\u00f3n se traslad\u00f3 a los Estados Unidos para realizar el doctorado. Se doctor\u00f3 en la Universidad de Minnesota a finales de 1989, bajo la direcci\u00f3n de David Kinderlehrer, volviendo a Espa\u00f1a para ocupar una plaza de Profesor Titular de Universidad en la Universidad Complutense en 1990. <\/span><\/p>\n<p class=\"MsoNormal\"><span lang=\"EN-US\">En el curso 1994-95 decide incorporarse a la entonces joven Universidad de Castilla-La Mancha con el objeto de liderar la formaci\u00f3n de grupos de investigaci\u00f3n en Matem\u00e1tica Aplicada. Desde 1997 es Catedr\u00e1tico en esta universidad. Ha participado numerosas veces en comisiones de evaluaci\u00f3n cient\u00edfica, as\u00ed como en puestos de gesti\u00f3n y organizaci\u00f3n cient\u00edfica: adjunto de la ANEP para Matem\u00e1tica Aplicada, miembro del Comit\u00e9 Ejecutivo del ICM2006 de Madrid, presidente de la SEMA (2010-2012), etc. <\/span><\/p>\n<p class=\"MsoNormal\"><span lang=\"EN-US\">Su campo de trabajo son las t\u00e9cnicas variacionales aplicadas a los problemas de optimizaci\u00f3n en un sentido muy amplio abarcando el C\u00e1lculo de Variaciones, los problemas vectoriales no convexos, el dise\u00f1o \u00f3ptimo en medios continuos, el control \u00f3ptimo, etc, y m\u00e1s recientemente, se ha interesado por la aplicaci\u00f3n de m\u00e9todos variacionales a los problemas de controlabilidad, los problemas inversos, las EDP, o los sistemas din\u00e1micos. Desde su tesis doctoral, ha viajado regularmente a centros de prestigio de EE. UU. y de Europa como invitado o conferenciante, contando con m\u00e1s de un centenar de trabajos indexados.<\/span><\/p>\n<p class=\"MsoNormal\"><span lang=\"EN-US\"><a href=\"https:\/\/www.madrimasd.org\/blogs\/matematicas\/files\/2013\/09\/coloquio-27-09-13-page-001-21.jpg\"><img decoding=\"async\" class=\"aligncenter size-medium wp-image-136948\" title=\"coloquio-27-09-13-page-001 (2)\" src=\"https:\/\/www.madrimasd.org\/blogs\/matematicas\/files\/2013\/09\/coloquio-27-09-13-page-001-21-300x207.jpg\" alt=\"\" width=\"300\" height=\"207\" srcset=\"https:\/\/www.madrimasd.org\/blogs\/matematicas\/files\/2013\/09\/coloquio-27-09-13-page-001-21-300x207.jpg 300w, https:\/\/www.madrimasd.org\/blogs\/matematicas\/files\/2013\/09\/coloquio-27-09-13-page-001-21-1024x708.jpg 1024w\" sizes=\"(max-width: 300px) 100vw, 300px\" \/><\/a>\u00a0<\/span><\/p>\n<p class=\"MsoNormal\"><strong style=\"mso-bidi-font-weight: normal;\"><span lang=\"EN-US\">Contenido del coloquio<\/span><\/strong><\/p>\n<p class=\"MsoNormal\"><span lang=\"EN-US\">El control \u00f3ptimo es una rama de la optimizaci\u00f3n de aplicaci\u00f3n fundamental en ingenier\u00eda. En particular, el control feedback est\u00e1 a la base del control autom\u00e1tico. De hecho toda la teor\u00eda del control \u00f3ptimo resulta pr\u00e1cticamente inoperativa en la pr\u00e1ctica, a menos que se puedan calcular los controles \u00f3ptimos feedback. Anal\u00edticamente, la teor\u00eda de soluciones (de viscosidad) de la ecuaci\u00f3n de Hamilton-Jacobi-Bellman proporciona los conceptos adecuados para poder encontrar tales controles \u00f3ptimos. Pero de nuevo en la vida real es una v\u00eda dif\u00edcil de seguir por la dificultad de llevarla a la pr\u00e1ctica. <\/span><\/p>\n<p class=\"MsoNormal\"><span lang=\"EN-US\">En esta charla se explorar\u00e1 otro camino en el que se intentar\u00e1 justificar c\u00f3mo algunos sistemas de primer orden de EDPs, acoplados con ciertos problemas de obst\u00e1culo, podr\u00edan ayudar en el c\u00e1lculo pr\u00e1ctico de los controles \u00f3ptimos feedback. Se ilustrar\u00e1 el m\u00e9todo con algunas primeras simulaciones sencillas que resultan prometedoras.<\/span><\/p>\n<p class=\"MsoNormal\"><strong>Datos sobre el coloquio<\/strong><\/p>\n<p class=\"MsoNormal\"><span lang=\"EN-US\">Viernes, 27 de septiembre de 2013<\/span><\/p>\n<p class=\"MsoNormal\"><span lang=\"EN-US\">12:00:<span style=\"mso-spacerun: yes;\">\u00a0 <\/span>M\u00f3dulo 17, Aula 520, Depto. Matem\u00e1ticas UAM<\/span><\/p>\n<p class=\"MsoNormal\"><span lang=\"EN-US\">PABLO PEDREGAL, Universidad de Castilla-La Mancha<\/span><\/p>\n<p class=\"MsoNormal\"><span lang=\"EN-US\">\u00abOptimal feedback control, first-order PDE systems, and obstacle problems\u00bb<\/span><\/p>\n<p>&nbsp;<\/p>\n","protected":false},"excerpt":{"rendered":"<p>Pablo Pedregal es el pr\u00f3ximo conferenciante del Coloquio ICMAT-UAM que organizan conjuntamente el Instituto de Ciencias Matem\u00e1ticas (ICMAT) y el Departamento de Matem\u00e1ticas de la UAM. El coloquio servir\u00e1 tambi\u00e9n para dar inicio formal a la estancia del profesor Pedregal durante un cuatrimestre en el ICMAT. Pablo Pedregal estudi\u00f3 la licenciatura de Matem\u00e1ticas en Madrid (U. Complutense, 1986), y a su finalizaci\u00f3n se traslad\u00f3 a los Estados Unidos para realizar el doctorado. Se doctor\u00f3 en la Universidad de Minnesota a finales de 1989, bajo la direcci\u00f3n de David Kinderlehrer, volviendo a Espa\u00f1a para ocupar una plaza de Profesor Titular de\u2026<\/p>\n","protected":false},"author":49,"featured_media":0,"comment_status":"open","ping_status":"open","sticky":false,"template":"","format":"standard","meta":{"ngg_post_thumbnail":0},"categories":[1],"tags":[],"blocksy_meta":{"styles_descriptor":{"styles":{"desktop":"","tablet":"","mobile":""},"google_fonts":[],"version":4}},"aioseo_notices":[],"yoast_head":"<!-- This site is optimized with the Yoast SEO plugin v18.0 - https:\/\/yoast.com\/wordpress\/plugins\/seo\/ -->\n<title>Pablo Pedregal en el Coloquio ICMAT-UAM - Matem\u00e1ticas y sus fronteras<\/title>\n<meta name=\"robots\" content=\"index, follow, max-snippet:-1, max-image-preview:large, max-video-preview:-1\" \/>\n<link rel=\"canonical\" href=\"https:\/\/www.madrimasd.org\/blogs\/matematicas\/2013\/09\/25\/136943\" \/>\n<meta property=\"og:locale\" content=\"es_ES\" \/>\n<meta property=\"og:type\" content=\"article\" \/>\n<meta property=\"og:title\" content=\"Pablo Pedregal en el Coloquio ICMAT-UAM - Matem\u00e1ticas y sus fronteras\" \/>\n<meta property=\"og:description\" content=\"Pablo Pedregal es el pr\u00f3ximo conferenciante del Coloquio ICMAT-UAM que organizan conjuntamente el Instituto de Ciencias Matem\u00e1ticas (ICMAT) y el Departamento de Matem\u00e1ticas de la UAM. El coloquio servir\u00e1 tambi\u00e9n para dar inicio formal a la estancia del profesor Pedregal durante un cuatrimestre en el ICMAT. Pablo Pedregal estudi\u00f3 la licenciatura de Matem\u00e1ticas en Madrid (U. Complutense, 1986), y a su finalizaci\u00f3n se traslad\u00f3 a los Estados Unidos para realizar el doctorado. Se doctor\u00f3 en la Universidad de Minnesota a finales de 1989, bajo la direcci\u00f3n de David Kinderlehrer, volviendo a Espa\u00f1a para ocupar una plaza de Profesor Titular de\u2026\" \/>\n<meta property=\"og:url\" content=\"https:\/\/www.madrimasd.org\/blogs\/matematicas\/2013\/09\/25\/136943\" \/>\n<meta property=\"og:site_name\" content=\"Matem\u00e1ticas y sus fronteras\" \/>\n<meta property=\"article:published_time\" content=\"2013-09-25T08:05:12+00:00\" \/>\n<meta property=\"og:image\" content=\"http:\/\/www.madrimasd.org\/blogs\/matematicas\/files\/2013\/09\/PabloP-227x300.jpg\" \/>\n<meta name=\"twitter:card\" content=\"summary_large_image\" \/>\n<meta name=\"twitter:label1\" content=\"Escrito por\" \/>\n\t<meta name=\"twitter:data1\" content=\"Matem\u00e1ticas y sus fronteras\" \/>\n\t<meta name=\"twitter:label2\" content=\"Tiempo de lectura\" \/>\n\t<meta name=\"twitter:data2\" content=\"3 minutos\" \/>\n<script type=\"application\/ld+json\" class=\"yoast-schema-graph\">{\"@context\":\"https:\/\/schema.org\",\"@graph\":[{\"@type\":\"WebSite\",\"@id\":\"https:\/\/www.madrimasd.org\/blogs\/matematicas\/#website\",\"url\":\"https:\/\/www.madrimasd.org\/blogs\/matematicas\/\",\"name\":\"Matem\u00e1ticas y sus fronteras\",\"description\":\"\",\"potentialAction\":[{\"@type\":\"SearchAction\",\"target\":{\"@type\":\"EntryPoint\",\"urlTemplate\":\"https:\/\/www.madrimasd.org\/blogs\/matematicas\/?s={search_term_string}\"},\"query-input\":\"required name=search_term_string\"}],\"inLanguage\":\"es\"},{\"@type\":\"ImageObject\",\"@id\":\"https:\/\/www.madrimasd.org\/blogs\/matematicas\/2013\/09\/25\/136943#primaryimage\",\"inLanguage\":\"es\",\"url\":\"http:\/\/www.madrimasd.org\/blogs\/matematicas\/files\/2013\/09\/PabloP-227x300.jpg\",\"contentUrl\":\"http:\/\/www.madrimasd.org\/blogs\/matematicas\/files\/2013\/09\/PabloP-227x300.jpg\"},{\"@type\":\"WebPage\",\"@id\":\"https:\/\/www.madrimasd.org\/blogs\/matematicas\/2013\/09\/25\/136943#webpage\",\"url\":\"https:\/\/www.madrimasd.org\/blogs\/matematicas\/2013\/09\/25\/136943\",\"name\":\"Pablo Pedregal en el Coloquio ICMAT-UAM - Matem\u00e1ticas y sus fronteras\",\"isPartOf\":{\"@id\":\"https:\/\/www.madrimasd.org\/blogs\/matematicas\/#website\"},\"primaryImageOfPage\":{\"@id\":\"https:\/\/www.madrimasd.org\/blogs\/matematicas\/2013\/09\/25\/136943#primaryimage\"},\"datePublished\":\"2013-09-25T08:05:12+00:00\",\"dateModified\":\"2013-09-25T08:05:12+00:00\",\"author\":{\"@id\":\"https:\/\/www.madrimasd.org\/blogs\/matematicas\/#\/schema\/person\/15722bca1b77eece37f4c192bd1b5230\"},\"breadcrumb\":{\"@id\":\"https:\/\/www.madrimasd.org\/blogs\/matematicas\/2013\/09\/25\/136943#breadcrumb\"},\"inLanguage\":\"es\",\"potentialAction\":[{\"@type\":\"ReadAction\",\"target\":[\"https:\/\/www.madrimasd.org\/blogs\/matematicas\/2013\/09\/25\/136943\"]}]},{\"@type\":\"BreadcrumbList\",\"@id\":\"https:\/\/www.madrimasd.org\/blogs\/matematicas\/2013\/09\/25\/136943#breadcrumb\",\"itemListElement\":[{\"@type\":\"ListItem\",\"position\":1,\"name\":\"Portada\",\"item\":\"https:\/\/www.madrimasd.org\/blogs\/matematicas\"},{\"@type\":\"ListItem\",\"position\":2,\"name\":\"Pablo Pedregal en el Coloquio ICMAT-UAM\"}]},{\"@type\":\"Person\",\"@id\":\"https:\/\/www.madrimasd.org\/blogs\/matematicas\/#\/schema\/person\/15722bca1b77eece37f4c192bd1b5230\",\"name\":\"Matem\u00e1ticas y sus fronteras\",\"image\":{\"@type\":\"ImageObject\",\"@id\":\"https:\/\/www.madrimasd.org\/blogs\/matematicas\/#personlogo\",\"inLanguage\":\"es\",\"url\":\"https:\/\/secure.gravatar.com\/avatar\/50eb6cc40d97cb9ad268a3471c7e2492?s=96&d=mm&r=g\",\"contentUrl\":\"https:\/\/secure.gravatar.com\/avatar\/50eb6cc40d97cb9ad268a3471c7e2492?s=96&d=mm&r=g\",\"caption\":\"Matem\u00e1ticas y sus fronteras\"},\"description\":\"Manuel de Le\u00f3n es Profesor de Investigaci\u00f3n del CSIC, acad\u00e9mico de la Real Academia de Ciencias y su Tesorero, fundador del ICMAT (CSIC), acad\u00e9mico de la Real Academia Canaria de Ciencias y de la Real Academia Galega de Ciencias. Es adem\u00e1s Director del programa Estalmat.\",\"url\":\"https:\/\/www.madrimasd.org\/blogs\/matematicas\/author\/matematicas\"}]}<\/script>\n<!-- \/ Yoast SEO plugin. -->","yoast_head_json":{"title":"Pablo Pedregal en el Coloquio ICMAT-UAM - Matem\u00e1ticas y sus fronteras","robots":{"index":"index","follow":"follow","max-snippet":"max-snippet:-1","max-image-preview":"max-image-preview:large","max-video-preview":"max-video-preview:-1"},"canonical":"https:\/\/www.madrimasd.org\/blogs\/matematicas\/2013\/09\/25\/136943","og_locale":"es_ES","og_type":"article","og_title":"Pablo Pedregal en el Coloquio ICMAT-UAM - Matem\u00e1ticas y sus fronteras","og_description":"Pablo Pedregal es el pr\u00f3ximo conferenciante del Coloquio ICMAT-UAM que organizan conjuntamente el Instituto de Ciencias Matem\u00e1ticas (ICMAT) y el Departamento de Matem\u00e1ticas de la UAM. El coloquio servir\u00e1 tambi\u00e9n para dar inicio formal a la estancia del profesor Pedregal durante un cuatrimestre en el ICMAT. Pablo Pedregal estudi\u00f3 la licenciatura de Matem\u00e1ticas en Madrid (U. Complutense, 1986), y a su finalizaci\u00f3n se traslad\u00f3 a los Estados Unidos para realizar el doctorado. Se doctor\u00f3 en la Universidad de Minnesota a finales de 1989, bajo la direcci\u00f3n de David Kinderlehrer, volviendo a Espa\u00f1a para ocupar una plaza de Profesor Titular de\u2026","og_url":"https:\/\/www.madrimasd.org\/blogs\/matematicas\/2013\/09\/25\/136943","og_site_name":"Matem\u00e1ticas y sus fronteras","article_published_time":"2013-09-25T08:05:12+00:00","og_image":[{"url":"http:\/\/www.madrimasd.org\/blogs\/matematicas\/files\/2013\/09\/PabloP-227x300.jpg"}],"twitter_card":"summary_large_image","twitter_misc":{"Escrito por":"Matem\u00e1ticas y sus fronteras","Tiempo de lectura":"3 minutos"},"schema":{"@context":"https:\/\/schema.org","@graph":[{"@type":"WebSite","@id":"https:\/\/www.madrimasd.org\/blogs\/matematicas\/#website","url":"https:\/\/www.madrimasd.org\/blogs\/matematicas\/","name":"Matem\u00e1ticas y sus fronteras","description":"","potentialAction":[{"@type":"SearchAction","target":{"@type":"EntryPoint","urlTemplate":"https:\/\/www.madrimasd.org\/blogs\/matematicas\/?s={search_term_string}"},"query-input":"required name=search_term_string"}],"inLanguage":"es"},{"@type":"ImageObject","@id":"https:\/\/www.madrimasd.org\/blogs\/matematicas\/2013\/09\/25\/136943#primaryimage","inLanguage":"es","url":"http:\/\/www.madrimasd.org\/blogs\/matematicas\/files\/2013\/09\/PabloP-227x300.jpg","contentUrl":"http:\/\/www.madrimasd.org\/blogs\/matematicas\/files\/2013\/09\/PabloP-227x300.jpg"},{"@type":"WebPage","@id":"https:\/\/www.madrimasd.org\/blogs\/matematicas\/2013\/09\/25\/136943#webpage","url":"https:\/\/www.madrimasd.org\/blogs\/matematicas\/2013\/09\/25\/136943","name":"Pablo Pedregal en el Coloquio ICMAT-UAM - Matem\u00e1ticas y sus fronteras","isPartOf":{"@id":"https:\/\/www.madrimasd.org\/blogs\/matematicas\/#website"},"primaryImageOfPage":{"@id":"https:\/\/www.madrimasd.org\/blogs\/matematicas\/2013\/09\/25\/136943#primaryimage"},"datePublished":"2013-09-25T08:05:12+00:00","dateModified":"2013-09-25T08:05:12+00:00","author":{"@id":"https:\/\/www.madrimasd.org\/blogs\/matematicas\/#\/schema\/person\/15722bca1b77eece37f4c192bd1b5230"},"breadcrumb":{"@id":"https:\/\/www.madrimasd.org\/blogs\/matematicas\/2013\/09\/25\/136943#breadcrumb"},"inLanguage":"es","potentialAction":[{"@type":"ReadAction","target":["https:\/\/www.madrimasd.org\/blogs\/matematicas\/2013\/09\/25\/136943"]}]},{"@type":"BreadcrumbList","@id":"https:\/\/www.madrimasd.org\/blogs\/matematicas\/2013\/09\/25\/136943#breadcrumb","itemListElement":[{"@type":"ListItem","position":1,"name":"Portada","item":"https:\/\/www.madrimasd.org\/blogs\/matematicas"},{"@type":"ListItem","position":2,"name":"Pablo Pedregal en el Coloquio ICMAT-UAM"}]},{"@type":"Person","@id":"https:\/\/www.madrimasd.org\/blogs\/matematicas\/#\/schema\/person\/15722bca1b77eece37f4c192bd1b5230","name":"Matem\u00e1ticas y sus fronteras","image":{"@type":"ImageObject","@id":"https:\/\/www.madrimasd.org\/blogs\/matematicas\/#personlogo","inLanguage":"es","url":"https:\/\/secure.gravatar.com\/avatar\/50eb6cc40d97cb9ad268a3471c7e2492?s=96&d=mm&r=g","contentUrl":"https:\/\/secure.gravatar.com\/avatar\/50eb6cc40d97cb9ad268a3471c7e2492?s=96&d=mm&r=g","caption":"Matem\u00e1ticas y sus fronteras"},"description":"Manuel de Le\u00f3n es Profesor de Investigaci\u00f3n del CSIC, acad\u00e9mico de la Real Academia de Ciencias y su Tesorero, fundador del ICMAT (CSIC), acad\u00e9mico de la Real Academia Canaria de Ciencias y de la Real Academia Galega de Ciencias. Es adem\u00e1s Director del programa Estalmat.","url":"https:\/\/www.madrimasd.org\/blogs\/matematicas\/author\/matematicas"}]}},"_links":{"self":[{"href":"https:\/\/www.madrimasd.org\/blogs\/matematicas\/wp-json\/wp\/v2\/posts\/136943"}],"collection":[{"href":"https:\/\/www.madrimasd.org\/blogs\/matematicas\/wp-json\/wp\/v2\/posts"}],"about":[{"href":"https:\/\/www.madrimasd.org\/blogs\/matematicas\/wp-json\/wp\/v2\/types\/post"}],"author":[{"embeddable":true,"href":"https:\/\/www.madrimasd.org\/blogs\/matematicas\/wp-json\/wp\/v2\/users\/49"}],"replies":[{"embeddable":true,"href":"https:\/\/www.madrimasd.org\/blogs\/matematicas\/wp-json\/wp\/v2\/comments?post=136943"}],"version-history":[{"count":5,"href":"https:\/\/www.madrimasd.org\/blogs\/matematicas\/wp-json\/wp\/v2\/posts\/136943\/revisions"}],"predecessor-version":[{"id":137004,"href":"https:\/\/www.madrimasd.org\/blogs\/matematicas\/wp-json\/wp\/v2\/posts\/136943\/revisions\/137004"}],"wp:attachment":[{"href":"https:\/\/www.madrimasd.org\/blogs\/matematicas\/wp-json\/wp\/v2\/media?parent=136943"}],"wp:term":[{"taxonomy":"category","embeddable":true,"href":"https:\/\/www.madrimasd.org\/blogs\/matematicas\/wp-json\/wp\/v2\/categories?post=136943"},{"taxonomy":"post_tag","embeddable":true,"href":"https:\/\/www.madrimasd.org\/blogs\/matematicas\/wp-json\/wp\/v2\/tags?post=136943"}],"curies":[{"name":"wp","href":"https:\/\/api.w.org\/{rel}","templated":true}]}}