{"id":140108,"date":"2015-09-15T08:36:55","date_gmt":"2015-09-15T07:36:55","guid":{"rendered":"http:\/\/www.madrimasd.org\/blogs\/matematicas\/?p=140108"},"modified":"2015-09-15T08:36:55","modified_gmt":"2015-09-15T07:36:55","slug":"matematicas-ciencia-tecnica-y-cultura-en-el-colegio-de-emeritos-2","status":"publish","type":"post","link":"https:\/\/www.madrimasd.org\/blogs\/matematicas\/2015\/09\/15\/140108","title":{"rendered":"Matem\u00e1ticas: ciencia, t\u00e9cnica y cultura en el Colegio de Em\u00e9ritos"},"content":{"rendered":"<p><strong>Durante el mes de noviembre Antonio C\u00f3rdoba (UAM- ICMAT) impartir\u00e1 el curso \u201cMatem\u00e1ticas: ciencia, t\u00e9cnica y cultura\u201d en el Colegio Libre de Em\u00e9ritos (Pr\u00edncipe de Vergara, 80 \u2013 28006 MADRID). Durante cuatro sesiones presentar\u00e1 interesantes relaciones de las matem\u00e1ticas con la pintura, con la medicina, con la m\u00fasica o con el estudio de los fluidos. Ser\u00e1 los jueves del mes, a las 19:30.<\/strong><\/p>\n<p><a href=\"https:\/\/www.madrimasd.org\/blogs\/matematicas\/files\/2015\/09\/150914_colegiolibre21.png\"><img decoding=\"async\" class=\"aligncenter size-full wp-image-140109\" title=\"150914_colegiolibre2\" src=\"https:\/\/www.madrimasd.org\/blogs\/matematicas\/files\/2015\/09\/150914_colegiolibre21.png\" alt=\"\" width=\"302\" height=\"216\" srcset=\"https:\/\/www.madrimasd.org\/blogs\/matematicas\/files\/2015\/09\/150914_colegiolibre21.png 302w, https:\/\/www.madrimasd.org\/blogs\/matematicas\/files\/2015\/09\/150914_colegiolibre21-300x214.png 300w\" sizes=\"(max-width: 302px) 100vw, 302px\" \/><\/a><\/p>\n<p>Antonio C\u00f3rdoba llevar\u00e1 las matem\u00e1ticas, en su relaci\u00f3n con la ciencia, la t\u00e9cnica y la cultura, al Colegio Libre de Em\u00e9ritos (Pr\u00edncipe de Vergara, 80 \u2013 28006 MADRID). En cuatro jueves del mes de noviembre, a las 19:30, impartir\u00e1 cuatro lecciones independientes. Seg\u00fan se\u00f1alan en la web del Colegio: \u201cla primera ata\u00f1e a la interacci\u00f3n entre la pintura y las matem\u00e1ticas, con los ejemplos notables, entre otros, del divisionismo o puntillismo con la teor\u00eda de conjuntos de Cantor; el cubismo y la noci\u00f3n de variedad geom\u00e9trica; y del neoplasticismo de Mondrian y el suprematismo de Malevich con la variable real y el\u00a0 an\u00e1lisis arm\u00f3nico. La segunda concierne a los modelos matem\u00e1ticos en los dominios de Eolo y de Neptuno (olas, v\u00f3rtices y tornados), que han sido, y siguen siendo, un motor importante del desarrollo del C\u00e1lculo Diferencial y del An\u00e1lisis Matem\u00e1tico, desde los tiempos de la Ilustraci\u00f3n hasta nuestros d\u00edas. La tercera abordar\u00e1 las relaciones entre m\u00fasica y matem\u00e1ticas que se inicia con Pit\u00e1goras en el que podr\u00eda denominarse mito fundacional de la Ciencia. Finalmente, la cuarta tratar\u00e1 acerca de algunas aplicaciones importantes de las matem\u00e1ticas a la medicina.\u201d<\/p>\n<p>El curso est\u00e1 dirigido a estudiantes (con nivel de bachillerato de ciencias) y a p\u00fablico general, que \u201cno se sienta intimidado ante una sencilla f\u00f3rmula, que noinvolucre m\u00e1s que las cuatro operaciones elementales junto a unas nociones b\u00e1sicas de c\u00e1lculo diferencial\u201d.<\/p>\n<p>Las conferencias son las siguientes:<\/p>\n<ul>\n<li>Jueves, 5 de noviembre: \u201cGeometr\u00eda y Aritm\u00e9tica en el arte moderno.\u201d<\/li>\n<li>Jueves, 12 de noviembre: \u201cLos fluidos: un matem\u00e1tico mira el mar.\u201d<\/li>\n<li>Jueves, 19 de noviembre: \u201cN\u00fameros, campanas, cuerdas y tambores.\u201d<\/li>\n<li>Jueves, 26 de noviembre: \u201cEl ojo cl\u00ednico: matem\u00e1ticas en la medicina.<\/li>\n<\/ul>\n<p><a href=\"https:\/\/www.madrimasd.org\/blogs\/matematicas\/files\/2015\/09\/150914_colegiolibre11.png\"><img decoding=\"async\" class=\"aligncenter size-full wp-image-140110\" title=\"150914_colegiolibre1\" src=\"https:\/\/www.madrimasd.org\/blogs\/matematicas\/files\/2015\/09\/150914_colegiolibre11.png\" alt=\"\" width=\"335\" height=\"633\" srcset=\"https:\/\/www.madrimasd.org\/blogs\/matematicas\/files\/2015\/09\/150914_colegiolibre11.png 335w, https:\/\/www.madrimasd.org\/blogs\/matematicas\/files\/2015\/09\/150914_colegiolibre11-158x300.png 158w\" sizes=\"(max-width: 335px) 100vw, 335px\" \/><\/a><\/p>\n<p><strong>Sobre el ponente:<\/strong><\/p>\n<p>Antonio C\u00f3rdoba es Licenciado por la Universidad Complutense de Madrid y Doctor por la Universidad de Chicago. Catedr\u00e1tico de An\u00e1lisis Matem\u00e1tico en la Universidad Aut\u00f3noma de Madrid y miembro del Instituto de Ciencias Matem\u00e1ticas. Ha sido profesor en las Universidades de Princeton y Chicago y miembro del Institute for Advanced Study de Princeton. Autor de varios libros, ensayos y art\u00edculos de divulgaci\u00f3n y fundador de la Revista Matem\u00e1tica Iberoamericana. Investigador visitante en centros de investigaci\u00f3n como: Mittag-Leffler Institute; Universit\u00e8 de Par\u00eds, Orsay; ETH Zurich; Institute for Advanced Study, Princeton, y University of Texas (Austin). Ponente en numerosas reuniones cient\u00edficas internacionales. Conferenciante por numerosos centros universitarios: Chicago, Princeton, Rutgers, Maryland, M.I.T., Madison (Wisconsin), U.C.L.A., Austin, Orsay (Par\u00eds), Milano(Inst. Federigo Enriques), Barcelona (UAB, UB, UPC), Zaragoza, Bilbao, Oviedo, Vigo, UIMP. Ha sido Presidente del Comit\u00e9 Cient\u00edfico de la Real Sociedad Matem\u00e1tica Espa\u00f1ola, as\u00ed como investigador principal en proyectos apoyados por instituciones como la National Science Foundation, el Comit\u00e9 de Cooperaci\u00f3n Estados Unidos-Espa\u00f1a, la OTAN, la Comisi\u00f3n Interministerial de Ciencia y Tecnolog\u00eda (CICYT) y el Ministerio de Educaci\u00f3n y Ciencia. Premio Nacional Julio Rey Pastor de Matem\u00e1ticas y Ciencias de la Comunicaci\u00f3n, 2011. Ingres\u00f3 en el Colegio Libre de Em\u00e9ritos en 2011.<\/p>\n<p><strong>M\u00e1s informaci\u00f3n:<\/strong><\/p>\n<p>http:\/\/www.colegiodeemeritos.es\/CURSOSYCICLOSDECONFERENCIAS\/CURSOSPRESENCIALES_Programa2015SegundoSemestre\/seccion=33&#038;idioma=es_ES&#038;id=2015090809210001&#038;activo=1.do<\/p>\n<p>\u2014<\/p>\n<div data-canvas-width=\"90.20125947702306\"><strong>\u00c1gata A. Tim\u00f3n<\/strong> es responsable de Comunicaci\u00f3n y Divulgaci\u00f3n del <strong>ICMAT.<\/strong><\/div>\n","protected":false},"excerpt":{"rendered":"<p>Durante el mes de noviembre Antonio C\u00f3rdoba (UAM- ICMAT) impartir\u00e1 el curso \u201cMatem\u00e1ticas: ciencia, t\u00e9cnica y cultura\u201d en el Colegio Libre de Em\u00e9ritos (Pr\u00edncipe de Vergara, 80 \u2013 28006 MADRID). Durante cuatro sesiones presentar\u00e1 interesantes relaciones de las matem\u00e1ticas con la pintura, con la medicina, con la m\u00fasica o con el estudio de los fluidos. Ser\u00e1 los jueves del mes, a las 19:30. Antonio C\u00f3rdoba llevar\u00e1 las matem\u00e1ticas, en su relaci\u00f3n con la ciencia, la t\u00e9cnica y la cultura, al Colegio Libre de Em\u00e9ritos (Pr\u00edncipe de Vergara, 80 \u2013 28006 MADRID). En cuatro jueves del mes de noviembre, a las\u2026<\/p>\n","protected":false},"author":49,"featured_media":0,"comment_status":"open","ping_status":"open","sticky":false,"template":"","format":"standard","meta":{"ngg_post_thumbnail":0},"categories":[1],"tags":[],"blocksy_meta":{"styles_descriptor":{"styles":{"desktop":"","tablet":"","mobile":""},"google_fonts":[],"version":4}},"aioseo_notices":[],"yoast_head":"<!-- This site is optimized with the Yoast SEO plugin v18.0 - https:\/\/yoast.com\/wordpress\/plugins\/seo\/ -->\n<title>Matem\u00e1ticas: ciencia, t\u00e9cnica y cultura en el Colegio de Em\u00e9ritos - Matem\u00e1ticas y sus fronteras<\/title>\n<meta name=\"robots\" content=\"index, follow, max-snippet:-1, max-image-preview:large, max-video-preview:-1\" \/>\n<link rel=\"canonical\" href=\"https:\/\/www.madrimasd.org\/blogs\/matematicas\/2015\/09\/15\/140108\" \/>\n<meta property=\"og:locale\" content=\"es_ES\" \/>\n<meta property=\"og:type\" content=\"article\" \/>\n<meta property=\"og:title\" content=\"Matem\u00e1ticas: ciencia, t\u00e9cnica y cultura en el Colegio de Em\u00e9ritos - Matem\u00e1ticas y sus fronteras\" \/>\n<meta property=\"og:description\" content=\"Durante el mes de noviembre Antonio C\u00f3rdoba (UAM- ICMAT) impartir\u00e1 el curso \u201cMatem\u00e1ticas: ciencia, t\u00e9cnica y cultura\u201d en el Colegio Libre de Em\u00e9ritos (Pr\u00edncipe de Vergara, 80 \u2013 28006 MADRID). Durante cuatro sesiones presentar\u00e1 interesantes relaciones de las matem\u00e1ticas con la pintura, con la medicina, con la m\u00fasica o con el estudio de los fluidos. Ser\u00e1 los jueves del mes, a las 19:30. Antonio C\u00f3rdoba llevar\u00e1 las matem\u00e1ticas, en su relaci\u00f3n con la ciencia, la t\u00e9cnica y la cultura, al Colegio Libre de Em\u00e9ritos (Pr\u00edncipe de Vergara, 80 \u2013 28006 MADRID). En cuatro jueves del mes de noviembre, a las\u2026\" \/>\n<meta property=\"og:url\" content=\"https:\/\/www.madrimasd.org\/blogs\/matematicas\/2015\/09\/15\/140108\" \/>\n<meta property=\"og:site_name\" content=\"Matem\u00e1ticas y sus fronteras\" \/>\n<meta property=\"article:published_time\" content=\"2015-09-15T07:36:55+00:00\" \/>\n<meta property=\"og:image\" content=\"http:\/\/www.madrimasd.org\/blogs\/matematicas\/files\/2015\/09\/150914_colegiolibre21.png\" \/>\n<meta name=\"twitter:card\" content=\"summary_large_image\" \/>\n<meta name=\"twitter:label1\" content=\"Escrito por\" \/>\n\t<meta name=\"twitter:data1\" content=\"Matem\u00e1ticas y sus fronteras\" \/>\n\t<meta name=\"twitter:label2\" content=\"Tiempo de lectura\" \/>\n\t<meta name=\"twitter:data2\" content=\"3 minutos\" \/>\n<script type=\"application\/ld+json\" class=\"yoast-schema-graph\">{\"@context\":\"https:\/\/schema.org\",\"@graph\":[{\"@type\":\"WebSite\",\"@id\":\"https:\/\/www.madrimasd.org\/blogs\/matematicas\/#website\",\"url\":\"https:\/\/www.madrimasd.org\/blogs\/matematicas\/\",\"name\":\"Matem\u00e1ticas y sus fronteras\",\"description\":\"\",\"potentialAction\":[{\"@type\":\"SearchAction\",\"target\":{\"@type\":\"EntryPoint\",\"urlTemplate\":\"https:\/\/www.madrimasd.org\/blogs\/matematicas\/?s={search_term_string}\"},\"query-input\":\"required name=search_term_string\"}],\"inLanguage\":\"es\"},{\"@type\":\"ImageObject\",\"@id\":\"https:\/\/www.madrimasd.org\/blogs\/matematicas\/2015\/09\/15\/140108#primaryimage\",\"inLanguage\":\"es\",\"url\":\"http:\/\/www.madrimasd.org\/blogs\/matematicas\/files\/2015\/09\/150914_colegiolibre21.png\",\"contentUrl\":\"http:\/\/www.madrimasd.org\/blogs\/matematicas\/files\/2015\/09\/150914_colegiolibre21.png\"},{\"@type\":\"WebPage\",\"@id\":\"https:\/\/www.madrimasd.org\/blogs\/matematicas\/2015\/09\/15\/140108#webpage\",\"url\":\"https:\/\/www.madrimasd.org\/blogs\/matematicas\/2015\/09\/15\/140108\",\"name\":\"Matem\u00e1ticas: ciencia, t\u00e9cnica y cultura en el Colegio de Em\u00e9ritos - Matem\u00e1ticas y sus fronteras\",\"isPartOf\":{\"@id\":\"https:\/\/www.madrimasd.org\/blogs\/matematicas\/#website\"},\"primaryImageOfPage\":{\"@id\":\"https:\/\/www.madrimasd.org\/blogs\/matematicas\/2015\/09\/15\/140108#primaryimage\"},\"datePublished\":\"2015-09-15T07:36:55+00:00\",\"dateModified\":\"2015-09-15T07:36:55+00:00\",\"author\":{\"@id\":\"https:\/\/www.madrimasd.org\/blogs\/matematicas\/#\/schema\/person\/15722bca1b77eece37f4c192bd1b5230\"},\"breadcrumb\":{\"@id\":\"https:\/\/www.madrimasd.org\/blogs\/matematicas\/2015\/09\/15\/140108#breadcrumb\"},\"inLanguage\":\"es\",\"potentialAction\":[{\"@type\":\"ReadAction\",\"target\":[\"https:\/\/www.madrimasd.org\/blogs\/matematicas\/2015\/09\/15\/140108\"]}]},{\"@type\":\"BreadcrumbList\",\"@id\":\"https:\/\/www.madrimasd.org\/blogs\/matematicas\/2015\/09\/15\/140108#breadcrumb\",\"itemListElement\":[{\"@type\":\"ListItem\",\"position\":1,\"name\":\"Portada\",\"item\":\"https:\/\/www.madrimasd.org\/blogs\/matematicas\"},{\"@type\":\"ListItem\",\"position\":2,\"name\":\"Matem\u00e1ticas: ciencia, t\u00e9cnica y cultura en el Colegio de Em\u00e9ritos\"}]},{\"@type\":\"Person\",\"@id\":\"https:\/\/www.madrimasd.org\/blogs\/matematicas\/#\/schema\/person\/15722bca1b77eece37f4c192bd1b5230\",\"name\":\"Matem\u00e1ticas y sus fronteras\",\"image\":{\"@type\":\"ImageObject\",\"@id\":\"https:\/\/www.madrimasd.org\/blogs\/matematicas\/#personlogo\",\"inLanguage\":\"es\",\"url\":\"https:\/\/secure.gravatar.com\/avatar\/50eb6cc40d97cb9ad268a3471c7e2492?s=96&d=mm&r=g\",\"contentUrl\":\"https:\/\/secure.gravatar.com\/avatar\/50eb6cc40d97cb9ad268a3471c7e2492?s=96&d=mm&r=g\",\"caption\":\"Matem\u00e1ticas y sus fronteras\"},\"description\":\"Manuel de Le\u00f3n es Profesor de Investigaci\u00f3n del CSIC, acad\u00e9mico de la Real Academia de Ciencias y su Tesorero, fundador del ICMAT (CSIC), acad\u00e9mico de la Real Academia Canaria de Ciencias y de la Real Academia Galega de Ciencias. Es adem\u00e1s Director del programa Estalmat.\",\"url\":\"https:\/\/www.madrimasd.org\/blogs\/matematicas\/author\/matematicas\"}]}<\/script>\n<!-- \/ Yoast SEO plugin. -->","yoast_head_json":{"title":"Matem\u00e1ticas: ciencia, t\u00e9cnica y cultura en el Colegio de Em\u00e9ritos - Matem\u00e1ticas y sus fronteras","robots":{"index":"index","follow":"follow","max-snippet":"max-snippet:-1","max-image-preview":"max-image-preview:large","max-video-preview":"max-video-preview:-1"},"canonical":"https:\/\/www.madrimasd.org\/blogs\/matematicas\/2015\/09\/15\/140108","og_locale":"es_ES","og_type":"article","og_title":"Matem\u00e1ticas: ciencia, t\u00e9cnica y cultura en el Colegio de Em\u00e9ritos - Matem\u00e1ticas y sus fronteras","og_description":"Durante el mes de noviembre Antonio C\u00f3rdoba (UAM- ICMAT) impartir\u00e1 el curso \u201cMatem\u00e1ticas: ciencia, t\u00e9cnica y cultura\u201d en el Colegio Libre de Em\u00e9ritos (Pr\u00edncipe de Vergara, 80 \u2013 28006 MADRID). Durante cuatro sesiones presentar\u00e1 interesantes relaciones de las matem\u00e1ticas con la pintura, con la medicina, con la m\u00fasica o con el estudio de los fluidos. Ser\u00e1 los jueves del mes, a las 19:30. Antonio C\u00f3rdoba llevar\u00e1 las matem\u00e1ticas, en su relaci\u00f3n con la ciencia, la t\u00e9cnica y la cultura, al Colegio Libre de Em\u00e9ritos (Pr\u00edncipe de Vergara, 80 \u2013 28006 MADRID). En cuatro jueves del mes de noviembre, a las\u2026","og_url":"https:\/\/www.madrimasd.org\/blogs\/matematicas\/2015\/09\/15\/140108","og_site_name":"Matem\u00e1ticas y sus fronteras","article_published_time":"2015-09-15T07:36:55+00:00","og_image":[{"url":"http:\/\/www.madrimasd.org\/blogs\/matematicas\/files\/2015\/09\/150914_colegiolibre21.png"}],"twitter_card":"summary_large_image","twitter_misc":{"Escrito por":"Matem\u00e1ticas y sus fronteras","Tiempo de lectura":"3 minutos"},"schema":{"@context":"https:\/\/schema.org","@graph":[{"@type":"WebSite","@id":"https:\/\/www.madrimasd.org\/blogs\/matematicas\/#website","url":"https:\/\/www.madrimasd.org\/blogs\/matematicas\/","name":"Matem\u00e1ticas y sus fronteras","description":"","potentialAction":[{"@type":"SearchAction","target":{"@type":"EntryPoint","urlTemplate":"https:\/\/www.madrimasd.org\/blogs\/matematicas\/?s={search_term_string}"},"query-input":"required name=search_term_string"}],"inLanguage":"es"},{"@type":"ImageObject","@id":"https:\/\/www.madrimasd.org\/blogs\/matematicas\/2015\/09\/15\/140108#primaryimage","inLanguage":"es","url":"http:\/\/www.madrimasd.org\/blogs\/matematicas\/files\/2015\/09\/150914_colegiolibre21.png","contentUrl":"http:\/\/www.madrimasd.org\/blogs\/matematicas\/files\/2015\/09\/150914_colegiolibre21.png"},{"@type":"WebPage","@id":"https:\/\/www.madrimasd.org\/blogs\/matematicas\/2015\/09\/15\/140108#webpage","url":"https:\/\/www.madrimasd.org\/blogs\/matematicas\/2015\/09\/15\/140108","name":"Matem\u00e1ticas: ciencia, t\u00e9cnica y cultura en el Colegio de Em\u00e9ritos - Matem\u00e1ticas y sus fronteras","isPartOf":{"@id":"https:\/\/www.madrimasd.org\/blogs\/matematicas\/#website"},"primaryImageOfPage":{"@id":"https:\/\/www.madrimasd.org\/blogs\/matematicas\/2015\/09\/15\/140108#primaryimage"},"datePublished":"2015-09-15T07:36:55+00:00","dateModified":"2015-09-15T07:36:55+00:00","author":{"@id":"https:\/\/www.madrimasd.org\/blogs\/matematicas\/#\/schema\/person\/15722bca1b77eece37f4c192bd1b5230"},"breadcrumb":{"@id":"https:\/\/www.madrimasd.org\/blogs\/matematicas\/2015\/09\/15\/140108#breadcrumb"},"inLanguage":"es","potentialAction":[{"@type":"ReadAction","target":["https:\/\/www.madrimasd.org\/blogs\/matematicas\/2015\/09\/15\/140108"]}]},{"@type":"BreadcrumbList","@id":"https:\/\/www.madrimasd.org\/blogs\/matematicas\/2015\/09\/15\/140108#breadcrumb","itemListElement":[{"@type":"ListItem","position":1,"name":"Portada","item":"https:\/\/www.madrimasd.org\/blogs\/matematicas"},{"@type":"ListItem","position":2,"name":"Matem\u00e1ticas: ciencia, t\u00e9cnica y cultura en el Colegio de Em\u00e9ritos"}]},{"@type":"Person","@id":"https:\/\/www.madrimasd.org\/blogs\/matematicas\/#\/schema\/person\/15722bca1b77eece37f4c192bd1b5230","name":"Matem\u00e1ticas y sus fronteras","image":{"@type":"ImageObject","@id":"https:\/\/www.madrimasd.org\/blogs\/matematicas\/#personlogo","inLanguage":"es","url":"https:\/\/secure.gravatar.com\/avatar\/50eb6cc40d97cb9ad268a3471c7e2492?s=96&d=mm&r=g","contentUrl":"https:\/\/secure.gravatar.com\/avatar\/50eb6cc40d97cb9ad268a3471c7e2492?s=96&d=mm&r=g","caption":"Matem\u00e1ticas y sus fronteras"},"description":"Manuel de Le\u00f3n es Profesor de Investigaci\u00f3n del CSIC, acad\u00e9mico de la Real Academia de Ciencias y su Tesorero, fundador del ICMAT (CSIC), acad\u00e9mico de la Real Academia Canaria de Ciencias y de la Real Academia Galega de Ciencias. Es adem\u00e1s Director del programa Estalmat.","url":"https:\/\/www.madrimasd.org\/blogs\/matematicas\/author\/matematicas"}]}},"_links":{"self":[{"href":"https:\/\/www.madrimasd.org\/blogs\/matematicas\/wp-json\/wp\/v2\/posts\/140108"}],"collection":[{"href":"https:\/\/www.madrimasd.org\/blogs\/matematicas\/wp-json\/wp\/v2\/posts"}],"about":[{"href":"https:\/\/www.madrimasd.org\/blogs\/matematicas\/wp-json\/wp\/v2\/types\/post"}],"author":[{"embeddable":true,"href":"https:\/\/www.madrimasd.org\/blogs\/matematicas\/wp-json\/wp\/v2\/users\/49"}],"replies":[{"embeddable":true,"href":"https:\/\/www.madrimasd.org\/blogs\/matematicas\/wp-json\/wp\/v2\/comments?post=140108"}],"version-history":[{"count":4,"href":"https:\/\/www.madrimasd.org\/blogs\/matematicas\/wp-json\/wp\/v2\/posts\/140108\/revisions"}],"predecessor-version":[{"id":140115,"href":"https:\/\/www.madrimasd.org\/blogs\/matematicas\/wp-json\/wp\/v2\/posts\/140108\/revisions\/140115"}],"wp:attachment":[{"href":"https:\/\/www.madrimasd.org\/blogs\/matematicas\/wp-json\/wp\/v2\/media?parent=140108"}],"wp:term":[{"taxonomy":"category","embeddable":true,"href":"https:\/\/www.madrimasd.org\/blogs\/matematicas\/wp-json\/wp\/v2\/categories?post=140108"},{"taxonomy":"post_tag","embeddable":true,"href":"https:\/\/www.madrimasd.org\/blogs\/matematicas\/wp-json\/wp\/v2\/tags?post=140108"}],"curies":[{"name":"wp","href":"https:\/\/api.w.org\/{rel}","templated":true}]}}