{"id":140116,"date":"2015-09-21T08:33:54","date_gmt":"2015-09-21T07:33:54","guid":{"rendered":"http:\/\/www.madrimasd.org\/blogs\/matematicas\/?p=140116"},"modified":"2015-09-21T16:04:14","modified_gmt":"2015-09-21T15:04:14","slug":"2016-international-year-of-global-understanding-iygu","status":"publish","type":"post","link":"https:\/\/www.madrimasd.org\/blogs\/matematicas\/2015\/09\/21\/140116","title":{"rendered":"2016: International Year of Global Understanding (IYGU)"},"content":{"rendered":"<p><strong>Resulta dif\u00edcil traducir al espa\u00f1ol el nombre del International Year of Global Understanding (IYGU, A\u00f1o Internacional del \u00bfEntendimiento Global?) que se celebrar\u00e1 en 2016. Ha sido declarado por la Uni\u00f3n Geogr\u00e1fica Internacional (IGU, en sus siglas inglesas) y que est\u00e1 apoyado por el Consejo Internacional de la Ciencia (ICSU, en sus siglas inglesas). Estar\u00e1 acompa\u00f1ado de numerosas actividades que persiguen un objetivo com\u00fan: mostrar la relaci\u00f3n entre lo local y lo global y buscar v\u00edas para construir entre todos un mundo sostenible.<br \/>\n<\/strong><\/p>\n<p><a href=\"https:\/\/www.madrimasd.org\/blogs\/matematicas\/files\/2015\/09\/globalweblogo.png\"><img decoding=\"async\" class=\"aligncenter size-full wp-image-140117\" title=\"globalweblogo\" src=\"https:\/\/www.madrimasd.org\/blogs\/matematicas\/files\/2015\/09\/globalweblogo.png\" alt=\"\" width=\"272\" height=\"266\" \/><\/a><\/p>\n<p>El A\u00f1o Internacional del Global Understanding (IYGU) pretende construir puentes entre lo local y lo global; es decir, mostrar c\u00f3mo las acciones locales (por ejemplo, comer, beber, producir) impactan en temas globales como el cambio clim\u00e1tico, la seguridad alimentaria o las migraciones. Vivimos en el mundo m\u00e1s interconectado en la historia de la humanidad y del planeta, as\u00ed que cada peque\u00f1a cosa que hacemos tiene su reflejo en la globalidad del mundo.<\/p>\n<p>Se trata tambi\u00e9n de tener en cuenta la diversidad cultural, poner en valor el di\u00e1logo frente a la confrontaci\u00f3n, y construir entre todos un mundo sostenible. De ah\u00ed que la Uni\u00f3n Geogr\u00e1fica Internacional (IGU, en sus siglas inglesas)\u00a0 haya reconocido el a\u00f1o 2016 como a\u00f1o conmemorativo del Entendimiento Global, apoyada por el Consejo Internacional de la Ciencia (ICSU, en sus siglas inglesas) entre otras instituciones. Pero no solo las ciencias naturales est\u00e1n implicadas en el IYGU, sino tambi\u00e9n las humanidades y las ciencias sociales, como muestra la presencia del International Council for Philosophy and Human Sciences (CIPSH).<\/p>\n<p>Durante todo el a\u00f1o se celebrar\u00e1n congresos, se pondr\u00e1n en marcha proyectos de investigaci\u00f3n, as\u00ed como campa\u00f1as p\u00fablicas. Por ejemplo, cada d\u00eda de 2016 se anunciar\u00e1 un cambio en una actividad cotidiana que se ha probado cient\u00edficamante m\u00e1s eficaz que la pr\u00e1ctica habitual. Las actividades se pueden seguir en la p\u00e1gina web <a href=\"http:\/\/www.global-understanding.info\/\">http:\/\/www.global-understanding.info\/<\/a><\/p>\n<p>Sin embargo, como ocurre muchas veces desgraciadamente, estos a\u00f1os internacionales no reciben la atenci\u00f3n debida en nuestro pa\u00eds. Aun cuando las administraciones p\u00fablicas deber\u00edan ser las primeras en ponerse a disposici\u00f3n de la comunidad cient\u00edfica para aprovechar lo que son magn\u00edficas ocasiones para la difusi\u00f3n del hecho cient\u00edfico a la ciudadan\u00eda, en el caso del IYGU, no hay de momento rastro de la posible participaci\u00f3n espa\u00f1ola en la web.<\/p>\n<p>&#8212;&#8212;-<\/p>\n<p>Manuel de Le\u00f3n (CSIC, Real Academia de Ciencias, Academia Canaria de Ciencias) es Profesor de Investigaci\u00f3n en el ICMAT y miembro del Comit\u00e9 Ejecutivo de ICSU.<\/p>\n","protected":false},"excerpt":{"rendered":"<p>Resulta dif\u00edcil traducir al espa\u00f1ol el nombre del International Year of Global Understanding (IYGU, A\u00f1o Internacional del \u00bfEntendimiento Global?) que se celebrar\u00e1 en 2016. Ha sido declarado por la Uni\u00f3n Geogr\u00e1fica Internacional (IGU, en sus siglas inglesas) y que est\u00e1 apoyado por el Consejo Internacional de la Ciencia (ICSU, en sus siglas inglesas). Estar\u00e1 acompa\u00f1ado de numerosas actividades que persiguen un objetivo com\u00fan: mostrar la relaci\u00f3n entre lo local y lo global y buscar v\u00edas para construir entre todos un mundo sostenible. El A\u00f1o Internacional del Global Understanding (IYGU) pretende construir puentes entre lo local y lo global; es decir,\u2026<\/p>\n","protected":false},"author":49,"featured_media":0,"comment_status":"open","ping_status":"open","sticky":false,"template":"","format":"standard","meta":{"ngg_post_thumbnail":0},"categories":[1],"tags":[],"blocksy_meta":{"styles_descriptor":{"styles":{"desktop":"","tablet":"","mobile":""},"google_fonts":[],"version":4}},"aioseo_notices":[],"yoast_head":"<!-- This site is optimized with the Yoast SEO plugin v18.0 - https:\/\/yoast.com\/wordpress\/plugins\/seo\/ -->\n<title>2016: International Year of Global Understanding (IYGU) - Matem\u00e1ticas y sus fronteras<\/title>\n<meta name=\"robots\" content=\"index, follow, max-snippet:-1, max-image-preview:large, max-video-preview:-1\" \/>\n<link rel=\"canonical\" href=\"https:\/\/www.madrimasd.org\/blogs\/matematicas\/2015\/09\/21\/140116\" \/>\n<meta property=\"og:locale\" content=\"es_ES\" \/>\n<meta property=\"og:type\" content=\"article\" \/>\n<meta property=\"og:title\" content=\"2016: International Year of Global Understanding (IYGU) - Matem\u00e1ticas y sus fronteras\" \/>\n<meta property=\"og:description\" content=\"Resulta dif\u00edcil traducir al espa\u00f1ol el nombre del International Year of Global Understanding (IYGU, A\u00f1o Internacional del \u00bfEntendimiento Global?) que se celebrar\u00e1 en 2016. Ha sido declarado por la Uni\u00f3n Geogr\u00e1fica Internacional (IGU, en sus siglas inglesas) y que est\u00e1 apoyado por el Consejo Internacional de la Ciencia (ICSU, en sus siglas inglesas). Estar\u00e1 acompa\u00f1ado de numerosas actividades que persiguen un objetivo com\u00fan: mostrar la relaci\u00f3n entre lo local y lo global y buscar v\u00edas para construir entre todos un mundo sostenible. El A\u00f1o Internacional del Global Understanding (IYGU) pretende construir puentes entre lo local y lo global; es decir,\u2026\" \/>\n<meta property=\"og:url\" content=\"https:\/\/www.madrimasd.org\/blogs\/matematicas\/2015\/09\/21\/140116\" \/>\n<meta property=\"og:site_name\" content=\"Matem\u00e1ticas y sus fronteras\" \/>\n<meta property=\"article:published_time\" content=\"2015-09-21T07:33:54+00:00\" \/>\n<meta property=\"article:modified_time\" content=\"2015-09-21T15:04:14+00:00\" \/>\n<meta property=\"og:image\" content=\"http:\/\/www.madrimasd.org\/blogs\/matematicas\/files\/2015\/09\/globalweblogo.png\" \/>\n<meta name=\"twitter:card\" content=\"summary_large_image\" \/>\n<meta name=\"twitter:label1\" content=\"Escrito por\" \/>\n\t<meta name=\"twitter:data1\" content=\"Matem\u00e1ticas y sus fronteras\" \/>\n\t<meta name=\"twitter:label2\" content=\"Tiempo de lectura\" \/>\n\t<meta name=\"twitter:data2\" content=\"2 minutos\" \/>\n<script type=\"application\/ld+json\" class=\"yoast-schema-graph\">{\"@context\":\"https:\/\/schema.org\",\"@graph\":[{\"@type\":\"WebSite\",\"@id\":\"https:\/\/www.madrimasd.org\/blogs\/matematicas\/#website\",\"url\":\"https:\/\/www.madrimasd.org\/blogs\/matematicas\/\",\"name\":\"Matem\u00e1ticas y sus fronteras\",\"description\":\"\",\"potentialAction\":[{\"@type\":\"SearchAction\",\"target\":{\"@type\":\"EntryPoint\",\"urlTemplate\":\"https:\/\/www.madrimasd.org\/blogs\/matematicas\/?s={search_term_string}\"},\"query-input\":\"required name=search_term_string\"}],\"inLanguage\":\"es\"},{\"@type\":\"ImageObject\",\"@id\":\"https:\/\/www.madrimasd.org\/blogs\/matematicas\/2015\/09\/21\/140116#primaryimage\",\"inLanguage\":\"es\",\"url\":\"http:\/\/www.madrimasd.org\/blogs\/matematicas\/files\/2015\/09\/globalweblogo.png\",\"contentUrl\":\"http:\/\/www.madrimasd.org\/blogs\/matematicas\/files\/2015\/09\/globalweblogo.png\"},{\"@type\":\"WebPage\",\"@id\":\"https:\/\/www.madrimasd.org\/blogs\/matematicas\/2015\/09\/21\/140116#webpage\",\"url\":\"https:\/\/www.madrimasd.org\/blogs\/matematicas\/2015\/09\/21\/140116\",\"name\":\"2016: International Year of Global Understanding (IYGU) - Matem\u00e1ticas y sus fronteras\",\"isPartOf\":{\"@id\":\"https:\/\/www.madrimasd.org\/blogs\/matematicas\/#website\"},\"primaryImageOfPage\":{\"@id\":\"https:\/\/www.madrimasd.org\/blogs\/matematicas\/2015\/09\/21\/140116#primaryimage\"},\"datePublished\":\"2015-09-21T07:33:54+00:00\",\"dateModified\":\"2015-09-21T15:04:14+00:00\",\"author\":{\"@id\":\"https:\/\/www.madrimasd.org\/blogs\/matematicas\/#\/schema\/person\/15722bca1b77eece37f4c192bd1b5230\"},\"breadcrumb\":{\"@id\":\"https:\/\/www.madrimasd.org\/blogs\/matematicas\/2015\/09\/21\/140116#breadcrumb\"},\"inLanguage\":\"es\",\"potentialAction\":[{\"@type\":\"ReadAction\",\"target\":[\"https:\/\/www.madrimasd.org\/blogs\/matematicas\/2015\/09\/21\/140116\"]}]},{\"@type\":\"BreadcrumbList\",\"@id\":\"https:\/\/www.madrimasd.org\/blogs\/matematicas\/2015\/09\/21\/140116#breadcrumb\",\"itemListElement\":[{\"@type\":\"ListItem\",\"position\":1,\"name\":\"Portada\",\"item\":\"https:\/\/www.madrimasd.org\/blogs\/matematicas\"},{\"@type\":\"ListItem\",\"position\":2,\"name\":\"2016: International Year of Global Understanding (IYGU)\"}]},{\"@type\":\"Person\",\"@id\":\"https:\/\/www.madrimasd.org\/blogs\/matematicas\/#\/schema\/person\/15722bca1b77eece37f4c192bd1b5230\",\"name\":\"Matem\u00e1ticas y sus fronteras\",\"image\":{\"@type\":\"ImageObject\",\"@id\":\"https:\/\/www.madrimasd.org\/blogs\/matematicas\/#personlogo\",\"inLanguage\":\"es\",\"url\":\"https:\/\/secure.gravatar.com\/avatar\/50eb6cc40d97cb9ad268a3471c7e2492?s=96&d=mm&r=g\",\"contentUrl\":\"https:\/\/secure.gravatar.com\/avatar\/50eb6cc40d97cb9ad268a3471c7e2492?s=96&d=mm&r=g\",\"caption\":\"Matem\u00e1ticas y sus fronteras\"},\"description\":\"Manuel de Le\u00f3n es Profesor de Investigaci\u00f3n del CSIC, acad\u00e9mico de la Real Academia de Ciencias y su Tesorero, fundador del ICMAT (CSIC), acad\u00e9mico de la Real Academia Canaria de Ciencias y de la Real Academia Galega de Ciencias. Es adem\u00e1s Director del programa Estalmat.\",\"url\":\"https:\/\/www.madrimasd.org\/blogs\/matematicas\/author\/matematicas\"}]}<\/script>\n<!-- \/ Yoast SEO plugin. -->","yoast_head_json":{"title":"2016: International Year of Global Understanding (IYGU) - Matem\u00e1ticas y sus fronteras","robots":{"index":"index","follow":"follow","max-snippet":"max-snippet:-1","max-image-preview":"max-image-preview:large","max-video-preview":"max-video-preview:-1"},"canonical":"https:\/\/www.madrimasd.org\/blogs\/matematicas\/2015\/09\/21\/140116","og_locale":"es_ES","og_type":"article","og_title":"2016: International Year of Global Understanding (IYGU) - Matem\u00e1ticas y sus fronteras","og_description":"Resulta dif\u00edcil traducir al espa\u00f1ol el nombre del International Year of Global Understanding (IYGU, A\u00f1o Internacional del \u00bfEntendimiento Global?) que se celebrar\u00e1 en 2016. Ha sido declarado por la Uni\u00f3n Geogr\u00e1fica Internacional (IGU, en sus siglas inglesas) y que est\u00e1 apoyado por el Consejo Internacional de la Ciencia (ICSU, en sus siglas inglesas). Estar\u00e1 acompa\u00f1ado de numerosas actividades que persiguen un objetivo com\u00fan: mostrar la relaci\u00f3n entre lo local y lo global y buscar v\u00edas para construir entre todos un mundo sostenible. El A\u00f1o Internacional del Global Understanding (IYGU) pretende construir puentes entre lo local y lo global; es decir,\u2026","og_url":"https:\/\/www.madrimasd.org\/blogs\/matematicas\/2015\/09\/21\/140116","og_site_name":"Matem\u00e1ticas y sus fronteras","article_published_time":"2015-09-21T07:33:54+00:00","article_modified_time":"2015-09-21T15:04:14+00:00","og_image":[{"url":"http:\/\/www.madrimasd.org\/blogs\/matematicas\/files\/2015\/09\/globalweblogo.png"}],"twitter_card":"summary_large_image","twitter_misc":{"Escrito por":"Matem\u00e1ticas y sus fronteras","Tiempo de lectura":"2 minutos"},"schema":{"@context":"https:\/\/schema.org","@graph":[{"@type":"WebSite","@id":"https:\/\/www.madrimasd.org\/blogs\/matematicas\/#website","url":"https:\/\/www.madrimasd.org\/blogs\/matematicas\/","name":"Matem\u00e1ticas y sus fronteras","description":"","potentialAction":[{"@type":"SearchAction","target":{"@type":"EntryPoint","urlTemplate":"https:\/\/www.madrimasd.org\/blogs\/matematicas\/?s={search_term_string}"},"query-input":"required name=search_term_string"}],"inLanguage":"es"},{"@type":"ImageObject","@id":"https:\/\/www.madrimasd.org\/blogs\/matematicas\/2015\/09\/21\/140116#primaryimage","inLanguage":"es","url":"http:\/\/www.madrimasd.org\/blogs\/matematicas\/files\/2015\/09\/globalweblogo.png","contentUrl":"http:\/\/www.madrimasd.org\/blogs\/matematicas\/files\/2015\/09\/globalweblogo.png"},{"@type":"WebPage","@id":"https:\/\/www.madrimasd.org\/blogs\/matematicas\/2015\/09\/21\/140116#webpage","url":"https:\/\/www.madrimasd.org\/blogs\/matematicas\/2015\/09\/21\/140116","name":"2016: International Year of Global Understanding (IYGU) - Matem\u00e1ticas y sus fronteras","isPartOf":{"@id":"https:\/\/www.madrimasd.org\/blogs\/matematicas\/#website"},"primaryImageOfPage":{"@id":"https:\/\/www.madrimasd.org\/blogs\/matematicas\/2015\/09\/21\/140116#primaryimage"},"datePublished":"2015-09-21T07:33:54+00:00","dateModified":"2015-09-21T15:04:14+00:00","author":{"@id":"https:\/\/www.madrimasd.org\/blogs\/matematicas\/#\/schema\/person\/15722bca1b77eece37f4c192bd1b5230"},"breadcrumb":{"@id":"https:\/\/www.madrimasd.org\/blogs\/matematicas\/2015\/09\/21\/140116#breadcrumb"},"inLanguage":"es","potentialAction":[{"@type":"ReadAction","target":["https:\/\/www.madrimasd.org\/blogs\/matematicas\/2015\/09\/21\/140116"]}]},{"@type":"BreadcrumbList","@id":"https:\/\/www.madrimasd.org\/blogs\/matematicas\/2015\/09\/21\/140116#breadcrumb","itemListElement":[{"@type":"ListItem","position":1,"name":"Portada","item":"https:\/\/www.madrimasd.org\/blogs\/matematicas"},{"@type":"ListItem","position":2,"name":"2016: International Year of Global Understanding (IYGU)"}]},{"@type":"Person","@id":"https:\/\/www.madrimasd.org\/blogs\/matematicas\/#\/schema\/person\/15722bca1b77eece37f4c192bd1b5230","name":"Matem\u00e1ticas y sus fronteras","image":{"@type":"ImageObject","@id":"https:\/\/www.madrimasd.org\/blogs\/matematicas\/#personlogo","inLanguage":"es","url":"https:\/\/secure.gravatar.com\/avatar\/50eb6cc40d97cb9ad268a3471c7e2492?s=96&d=mm&r=g","contentUrl":"https:\/\/secure.gravatar.com\/avatar\/50eb6cc40d97cb9ad268a3471c7e2492?s=96&d=mm&r=g","caption":"Matem\u00e1ticas y sus fronteras"},"description":"Manuel de Le\u00f3n es Profesor de Investigaci\u00f3n del CSIC, acad\u00e9mico de la Real Academia de Ciencias y su Tesorero, fundador del ICMAT (CSIC), acad\u00e9mico de la Real Academia Canaria de Ciencias y de la Real Academia Galega de Ciencias. Es adem\u00e1s Director del programa Estalmat.","url":"https:\/\/www.madrimasd.org\/blogs\/matematicas\/author\/matematicas"}]}},"_links":{"self":[{"href":"https:\/\/www.madrimasd.org\/blogs\/matematicas\/wp-json\/wp\/v2\/posts\/140116"}],"collection":[{"href":"https:\/\/www.madrimasd.org\/blogs\/matematicas\/wp-json\/wp\/v2\/posts"}],"about":[{"href":"https:\/\/www.madrimasd.org\/blogs\/matematicas\/wp-json\/wp\/v2\/types\/post"}],"author":[{"embeddable":true,"href":"https:\/\/www.madrimasd.org\/blogs\/matematicas\/wp-json\/wp\/v2\/users\/49"}],"replies":[{"embeddable":true,"href":"https:\/\/www.madrimasd.org\/blogs\/matematicas\/wp-json\/wp\/v2\/comments?post=140116"}],"version-history":[{"count":7,"href":"https:\/\/www.madrimasd.org\/blogs\/matematicas\/wp-json\/wp\/v2\/posts\/140116\/revisions"}],"predecessor-version":[{"id":140123,"href":"https:\/\/www.madrimasd.org\/blogs\/matematicas\/wp-json\/wp\/v2\/posts\/140116\/revisions\/140123"}],"wp:attachment":[{"href":"https:\/\/www.madrimasd.org\/blogs\/matematicas\/wp-json\/wp\/v2\/media?parent=140116"}],"wp:term":[{"taxonomy":"category","embeddable":true,"href":"https:\/\/www.madrimasd.org\/blogs\/matematicas\/wp-json\/wp\/v2\/categories?post=140116"},{"taxonomy":"post_tag","embeddable":true,"href":"https:\/\/www.madrimasd.org\/blogs\/matematicas\/wp-json\/wp\/v2\/tags?post=140116"}],"curies":[{"name":"wp","href":"https:\/\/api.w.org\/{rel}","templated":true}]}}