{"id":140124,"date":"2015-09-22T07:09:13","date_gmt":"2015-09-22T06:09:13","guid":{"rendered":"http:\/\/www.madrimasd.org\/blogs\/matematicas\/?p=140124"},"modified":"2015-09-22T08:06:59","modified_gmt":"2015-09-22T07:06:59","slug":"ya-son-mas-de-150-los-inscritos-en-el-foro-100xciencia-que-se-celebrara-en-la-palma-del-7-al-9-de-octubre","status":"publish","type":"post","link":"https:\/\/www.madrimasd.org\/blogs\/matematicas\/2015\/09\/22\/140124","title":{"rendered":"Ya son m\u00e1s de 150 los inscritos en el foro \u201c100XCIENCIA\u201d que se celebrar\u00e1 en La Palma del 7 al 9 de octubre"},"content":{"rendered":"<p><strong>El ICMAT es una de las instituciones coorganizadoras del primer Foro 100xCiencia, en el que los centros de excelencia Severo Ochoa se reunir\u00e1n para discutir sobre ciencia y comunicaci\u00f3n. El encuentro cuenta con periodistas del<em> New York Times<\/em>, la agencia SINC, <em>El Pa\u00eds <\/em>o el <\/strong><strong><em>S\u00fcddeutsche Zeitung<\/em><\/strong><strong>, adem\u00e1s de representantes y responsables de comunicaci\u00f3n de todos los centros de investigaci\u00f3n Severo Ochoa, periodistas jovenes que han recibido becas de asistencia&#8230; A continuaci\u00f3n reproducimos la \u00faltima nota de prensa enviada por la organizaci\u00f3n del evento.<\/strong><\/p>\n<p style=\"text-align: center;\"><a href=\"https:\/\/www.madrimasd.org\/blogs\/matematicas\/files\/2015\/09\/banner_web_960x120.png\"><img decoding=\"async\" class=\"aligncenter  wp-image-140126\" title=\"banner_web_960x120\" src=\"https:\/\/www.madrimasd.org\/blogs\/matematicas\/files\/2015\/09\/banner_web_960x120.png\" alt=\"\" width=\"346\" height=\"67\" srcset=\"https:\/\/www.madrimasd.org\/blogs\/matematicas\/files\/2015\/09\/banner_web_960x120.png 960w, https:\/\/www.madrimasd.org\/blogs\/matematicas\/files\/2015\/09\/banner_web_960x120-300x57.png 300w\" sizes=\"(max-width: 346px) 100vw, 346px\" \/><\/a><\/p>\n<p>M\u00e1s de 150 personas se han inscrito ya en el gran encuentro de divulgaci\u00f3n cient\u00edfica \u201c100XCIENCIA: <em>Communicating Frontier Science<\/em>\u201d, que se celebrar\u00e1 en La Palma entre el 7 y el 9 de octubre y para el que a\u00fan quedan plazas libres. Se trata de un foro donde investigadores y directivos de los 20 centros espa\u00f1oles con certificaci\u00f3n de excelencia Severo Ochoa compartir\u00e1n con periodistas y comunicadores especializados un espacio para reflexionar juntos sobre la situaci\u00f3n actual de la ciencia, tanto en el \u00e1mbito nacional como internacional. El Instituto de Astrof\u00edsica de Canarias (IAC) act\u00faa como instituci\u00f3n anfitriona de este primer encuentro 100xCIENCIA.<\/p>\n<p>Este foro incluye un completo programa de ponencias. Adem\u00e1s de los directores y representantes de cada centro, que expondr\u00e1n sus l\u00edneas de trabajo, tambi\u00e9n asistir\u00e1n como conferenciantes de la rama de comunicaci\u00f3n los siguientes invitados: el periodista cient\u00edfico de <em>The New York Times<\/em>, <strong>Kenneth Chang<\/strong>; la redactora jefe de Ciencia y Tecnolog\u00eda de El Pa\u00eds\/Materia, <strong>Patricia Fern\u00e1ndez de Lis;<\/strong> el presidente em\u00e9rito de la <em>European Union of Science Journalists&#8217; Associations<\/em> <strong>Hanns J. Neubert;<\/strong> y la coordinadora y redactora jefa del Servicio de Informaci\u00f3n y Noticias Cient\u00edficas (SINC), <strong>Pampa Garc\u00eda Molina.<\/strong><\/p>\n<p>Uno de los preceptos esenciales de este foro es la consideraci\u00f3n de la divulgaci\u00f3n y de la informaci\u00f3n cient\u00edfica como pilar del sistema de I+D+i. De esta forma, el encuentro servir\u00e1 para reflexionar sobre c\u00f3mo se divulga e informa de ciencia en la actualidad y los necesarios u obligados cambios que al respecto deben asumirse en la actualidad.<\/p>\n<p>El hecho de reunir a todos los representantes de centros de investigaci\u00f3n y a comunicadores especializados servir\u00e1 tambi\u00e9n para dar a conocer los \u00faltimos trabajos y las l\u00edneas de investigaci\u00f3n m\u00e1s punteras del pa\u00eds y para apoyar la difusi\u00f3n que se realiza en estos institutos. El encuentro es el veh\u00edculo para estrechar lazos y establecer estrategias de comunicaci\u00f3n conjuntas entre los centros de investigaci\u00f3n Severo Ochoa precisamente en el a\u00f1o en el que caduca la primera edici\u00f3n de esta distinci\u00f3n. Hay que recordar que el sello lo estableci\u00f3 el Gobierno de Espa\u00f1a en 2011 para valorar aquellos centros que destacaban por su excelencia investigadora y dotarlos de instrumentos de financiaci\u00f3n espec\u00edficos durante cuatro a\u00f1os.<\/p>\n<p>En \u201c100XCIENCIA\u201d habr\u00e1 lugar para el debate a trav\u00e9s de sus cuatro <strong>mesas redondas,<\/strong> en las que participar\u00e1n comunicadores y periodistas cient\u00edficos de reconocido prestigio junto a cient\u00edficos de los centros Severo OCHOA y representantes pol\u00edticos relacionados con la Ciencia. \u201cCiencia y retos del Siglo XXI\u201d, \u201cPol\u00edtica Cient\u00edfica\u201d, \u201cImpacto de la divulgaci\u00f3n en la sociedad\u201d y \u201cCiencia en los medios\u201d ser\u00e1n los temas sobre los que se debatir\u00e1 en las mesas redondas.<\/p>\n<p>En el marco de este encuentro habr\u00e1 tambi\u00e9n una serie de actos abiertos al p\u00fablico general. Es el caso de las charlas \u201cDiabetes\u201d, por Joan Guinovart del <em>Institute for Research in Biomedicine<\/em> (IRB Barcelona), y \u201cToma de decisiones\u201d, por Luis Mart\u00ednez Otero del Instituto de Neurociencias (IN), que tendr\u00e1n lugar el mi\u00e9rcoles 7 de octubre al t\u00e9rmino del programa en el Teatro Circo de Marte, en Santa Cruz de La Palma. Investigadores de varios centros Severo Ochoa impartir\u00e1n tambi\u00e9n charlas para escolares en Santa Cruz y en Los Llanos el d\u00eda 9 de octubre.<\/p>\n<p><strong>100xCiencia<\/strong> est\u00e1 organizado por los 20 centros de excelencia Severo Ochoa acreditados hasta el momento por el Ministerio de Econom\u00eda y Competitividad (MINECO), con la colaboraci\u00f3n del Cabildo Insular de la Palma y el Ayuntamiento de Santa Cruz de La Palma, as\u00ed como con el patrocinio del Banco de Santander y Telef\u00f3nica. Es el primer esfuerzo coordinado en materia de comunicaci\u00f3n de estos \u00a0centros de investigaci\u00f3n, y pretende crear un espacio de colaboraci\u00f3n para optimizar sus esfuerzos en la comunicaci\u00f3n y la divulgaci\u00f3n.<\/p>\n<p><strong>M\u00e1s informaci\u00f3n: <\/strong><\/p>\n<p><a href=\"http:\/\/www.iac.es\/congreso\/100xciencia\/index.php\/es\/programa\">Programa del evento<\/a><\/p>\n<p><a href=\"http:\/\/www.iac.es\/congreso\/100xciencia\/index.php\/es\/ponentes\">Ponentes en 100xCIENCIA<\/a><\/p>\n<p>Novedades a trav\u00e9s de los perfiles de <a href=\"https:\/\/twitter.com\/foro100xciencia\"><strong>Twitter<\/strong><\/a>\u00a0y\u00a0<a href=\"https:\/\/www.facebook.com\/Foro100xCiencia-1434053586904566\/timeline\/\"><strong><span style=\"text-decoration: underline;\">Facebook<\/span><\/strong><\/a> del evento.<\/p>\n","protected":false},"excerpt":{"rendered":"<p>El ICMAT es una de las instituciones coorganizadoras del primer Foro 100xCiencia, en el que los centros de excelencia Severo Ochoa se reunir\u00e1n para discutir sobre ciencia y comunicaci\u00f3n. El encuentro cuenta con periodistas del New York Times, la agencia SINC, El Pa\u00eds o el S\u00fcddeutsche Zeitung, adem\u00e1s de representantes y responsables de comunicaci\u00f3n de todos los centros de investigaci\u00f3n Severo Ochoa, periodistas jovenes que han recibido becas de asistencia&#8230; A continuaci\u00f3n reproducimos la \u00faltima nota de prensa enviada por la organizaci\u00f3n del evento. M\u00e1s de 150 personas se han inscrito ya en el gran encuentro de divulgaci\u00f3n cient\u00edfica \u201c100XCIENCIA:\u2026<\/p>\n","protected":false},"author":49,"featured_media":0,"comment_status":"open","ping_status":"open","sticky":false,"template":"","format":"standard","meta":{"ngg_post_thumbnail":0},"categories":[1],"tags":[],"blocksy_meta":{"styles_descriptor":{"styles":{"desktop":"","tablet":"","mobile":""},"google_fonts":[],"version":4}},"aioseo_notices":[],"yoast_head":"<!-- This site is optimized with the Yoast SEO plugin v18.0 - https:\/\/yoast.com\/wordpress\/plugins\/seo\/ -->\n<title>Ya son m\u00e1s de 150 los inscritos en el foro \u201c100XCIENCIA\u201d que se celebrar\u00e1 en La Palma del 7 al 9 de octubre - Matem\u00e1ticas y sus fronteras<\/title>\n<meta name=\"robots\" content=\"index, follow, max-snippet:-1, max-image-preview:large, max-video-preview:-1\" \/>\n<link rel=\"canonical\" href=\"https:\/\/www.madrimasd.org\/blogs\/matematicas\/2015\/09\/22\/140124\" \/>\n<meta property=\"og:locale\" content=\"es_ES\" \/>\n<meta property=\"og:type\" content=\"article\" \/>\n<meta property=\"og:title\" content=\"Ya son m\u00e1s de 150 los inscritos en el foro \u201c100XCIENCIA\u201d que se celebrar\u00e1 en La Palma del 7 al 9 de octubre - Matem\u00e1ticas y sus fronteras\" \/>\n<meta property=\"og:description\" content=\"El ICMAT es una de las instituciones coorganizadoras del primer Foro 100xCiencia, en el que los centros de excelencia Severo Ochoa se reunir\u00e1n para discutir sobre ciencia y comunicaci\u00f3n. El encuentro cuenta con periodistas del New York Times, la agencia SINC, El Pa\u00eds o el S\u00fcddeutsche Zeitung, adem\u00e1s de representantes y responsables de comunicaci\u00f3n de todos los centros de investigaci\u00f3n Severo Ochoa, periodistas jovenes que han recibido becas de asistencia&#8230; A continuaci\u00f3n reproducimos la \u00faltima nota de prensa enviada por la organizaci\u00f3n del evento. M\u00e1s de 150 personas se han inscrito ya en el gran encuentro de divulgaci\u00f3n cient\u00edfica \u201c100XCIENCIA:\u2026\" \/>\n<meta property=\"og:url\" content=\"https:\/\/www.madrimasd.org\/blogs\/matematicas\/2015\/09\/22\/140124\" \/>\n<meta property=\"og:site_name\" content=\"Matem\u00e1ticas y sus fronteras\" \/>\n<meta property=\"article:published_time\" content=\"2015-09-22T06:09:13+00:00\" \/>\n<meta property=\"article:modified_time\" content=\"2015-09-22T07:06:59+00:00\" \/>\n<meta property=\"og:image\" content=\"http:\/\/www.madrimasd.org\/blogs\/matematicas\/files\/2015\/09\/banner_web_960x120.png\" \/>\n<meta name=\"twitter:card\" content=\"summary_large_image\" \/>\n<meta name=\"twitter:label1\" content=\"Escrito por\" \/>\n\t<meta name=\"twitter:data1\" content=\"Matem\u00e1ticas y sus fronteras\" \/>\n\t<meta name=\"twitter:label2\" content=\"Tiempo de lectura\" \/>\n\t<meta name=\"twitter:data2\" content=\"4 minutos\" \/>\n<script type=\"application\/ld+json\" class=\"yoast-schema-graph\">{\"@context\":\"https:\/\/schema.org\",\"@graph\":[{\"@type\":\"WebSite\",\"@id\":\"https:\/\/www.madrimasd.org\/blogs\/matematicas\/#website\",\"url\":\"https:\/\/www.madrimasd.org\/blogs\/matematicas\/\",\"name\":\"Matem\u00e1ticas y sus fronteras\",\"description\":\"\",\"potentialAction\":[{\"@type\":\"SearchAction\",\"target\":{\"@type\":\"EntryPoint\",\"urlTemplate\":\"https:\/\/www.madrimasd.org\/blogs\/matematicas\/?s={search_term_string}\"},\"query-input\":\"required name=search_term_string\"}],\"inLanguage\":\"es\"},{\"@type\":\"ImageObject\",\"@id\":\"https:\/\/www.madrimasd.org\/blogs\/matematicas\/2015\/09\/22\/140124#primaryimage\",\"inLanguage\":\"es\",\"url\":\"http:\/\/www.madrimasd.org\/blogs\/matematicas\/files\/2015\/09\/banner_web_960x120.png\",\"contentUrl\":\"http:\/\/www.madrimasd.org\/blogs\/matematicas\/files\/2015\/09\/banner_web_960x120.png\"},{\"@type\":\"WebPage\",\"@id\":\"https:\/\/www.madrimasd.org\/blogs\/matematicas\/2015\/09\/22\/140124#webpage\",\"url\":\"https:\/\/www.madrimasd.org\/blogs\/matematicas\/2015\/09\/22\/140124\",\"name\":\"Ya son m\u00e1s de 150 los inscritos en el foro \u201c100XCIENCIA\u201d que se celebrar\u00e1 en La Palma del 7 al 9 de octubre - Matem\u00e1ticas y sus fronteras\",\"isPartOf\":{\"@id\":\"https:\/\/www.madrimasd.org\/blogs\/matematicas\/#website\"},\"primaryImageOfPage\":{\"@id\":\"https:\/\/www.madrimasd.org\/blogs\/matematicas\/2015\/09\/22\/140124#primaryimage\"},\"datePublished\":\"2015-09-22T06:09:13+00:00\",\"dateModified\":\"2015-09-22T07:06:59+00:00\",\"author\":{\"@id\":\"https:\/\/www.madrimasd.org\/blogs\/matematicas\/#\/schema\/person\/15722bca1b77eece37f4c192bd1b5230\"},\"breadcrumb\":{\"@id\":\"https:\/\/www.madrimasd.org\/blogs\/matematicas\/2015\/09\/22\/140124#breadcrumb\"},\"inLanguage\":\"es\",\"potentialAction\":[{\"@type\":\"ReadAction\",\"target\":[\"https:\/\/www.madrimasd.org\/blogs\/matematicas\/2015\/09\/22\/140124\"]}]},{\"@type\":\"BreadcrumbList\",\"@id\":\"https:\/\/www.madrimasd.org\/blogs\/matematicas\/2015\/09\/22\/140124#breadcrumb\",\"itemListElement\":[{\"@type\":\"ListItem\",\"position\":1,\"name\":\"Portada\",\"item\":\"https:\/\/www.madrimasd.org\/blogs\/matematicas\"},{\"@type\":\"ListItem\",\"position\":2,\"name\":\"Ya son m\u00e1s de 150 los inscritos en el foro \u201c100XCIENCIA\u201d que se celebrar\u00e1 en La Palma del 7 al 9 de octubre\"}]},{\"@type\":\"Person\",\"@id\":\"https:\/\/www.madrimasd.org\/blogs\/matematicas\/#\/schema\/person\/15722bca1b77eece37f4c192bd1b5230\",\"name\":\"Matem\u00e1ticas y sus fronteras\",\"image\":{\"@type\":\"ImageObject\",\"@id\":\"https:\/\/www.madrimasd.org\/blogs\/matematicas\/#personlogo\",\"inLanguage\":\"es\",\"url\":\"https:\/\/secure.gravatar.com\/avatar\/50eb6cc40d97cb9ad268a3471c7e2492?s=96&d=mm&r=g\",\"contentUrl\":\"https:\/\/secure.gravatar.com\/avatar\/50eb6cc40d97cb9ad268a3471c7e2492?s=96&d=mm&r=g\",\"caption\":\"Matem\u00e1ticas y sus fronteras\"},\"description\":\"Manuel de Le\u00f3n es Profesor de Investigaci\u00f3n del CSIC, acad\u00e9mico de la Real Academia de Ciencias y su Tesorero, fundador del ICMAT (CSIC), acad\u00e9mico de la Real Academia Canaria de Ciencias y de la Real Academia Galega de Ciencias. Es adem\u00e1s Director del programa Estalmat.\",\"url\":\"https:\/\/www.madrimasd.org\/blogs\/matematicas\/author\/matematicas\"}]}<\/script>\n<!-- \/ Yoast SEO plugin. -->","yoast_head_json":{"title":"Ya son m\u00e1s de 150 los inscritos en el foro \u201c100XCIENCIA\u201d que se celebrar\u00e1 en La Palma del 7 al 9 de octubre - Matem\u00e1ticas y sus fronteras","robots":{"index":"index","follow":"follow","max-snippet":"max-snippet:-1","max-image-preview":"max-image-preview:large","max-video-preview":"max-video-preview:-1"},"canonical":"https:\/\/www.madrimasd.org\/blogs\/matematicas\/2015\/09\/22\/140124","og_locale":"es_ES","og_type":"article","og_title":"Ya son m\u00e1s de 150 los inscritos en el foro \u201c100XCIENCIA\u201d que se celebrar\u00e1 en La Palma del 7 al 9 de octubre - Matem\u00e1ticas y sus fronteras","og_description":"El ICMAT es una de las instituciones coorganizadoras del primer Foro 100xCiencia, en el que los centros de excelencia Severo Ochoa se reunir\u00e1n para discutir sobre ciencia y comunicaci\u00f3n. El encuentro cuenta con periodistas del New York Times, la agencia SINC, El Pa\u00eds o el S\u00fcddeutsche Zeitung, adem\u00e1s de representantes y responsables de comunicaci\u00f3n de todos los centros de investigaci\u00f3n Severo Ochoa, periodistas jovenes que han recibido becas de asistencia&#8230; A continuaci\u00f3n reproducimos la \u00faltima nota de prensa enviada por la organizaci\u00f3n del evento. M\u00e1s de 150 personas se han inscrito ya en el gran encuentro de divulgaci\u00f3n cient\u00edfica \u201c100XCIENCIA:\u2026","og_url":"https:\/\/www.madrimasd.org\/blogs\/matematicas\/2015\/09\/22\/140124","og_site_name":"Matem\u00e1ticas y sus fronteras","article_published_time":"2015-09-22T06:09:13+00:00","article_modified_time":"2015-09-22T07:06:59+00:00","og_image":[{"url":"http:\/\/www.madrimasd.org\/blogs\/matematicas\/files\/2015\/09\/banner_web_960x120.png"}],"twitter_card":"summary_large_image","twitter_misc":{"Escrito por":"Matem\u00e1ticas y sus fronteras","Tiempo de lectura":"4 minutos"},"schema":{"@context":"https:\/\/schema.org","@graph":[{"@type":"WebSite","@id":"https:\/\/www.madrimasd.org\/blogs\/matematicas\/#website","url":"https:\/\/www.madrimasd.org\/blogs\/matematicas\/","name":"Matem\u00e1ticas y sus fronteras","description":"","potentialAction":[{"@type":"SearchAction","target":{"@type":"EntryPoint","urlTemplate":"https:\/\/www.madrimasd.org\/blogs\/matematicas\/?s={search_term_string}"},"query-input":"required name=search_term_string"}],"inLanguage":"es"},{"@type":"ImageObject","@id":"https:\/\/www.madrimasd.org\/blogs\/matematicas\/2015\/09\/22\/140124#primaryimage","inLanguage":"es","url":"http:\/\/www.madrimasd.org\/blogs\/matematicas\/files\/2015\/09\/banner_web_960x120.png","contentUrl":"http:\/\/www.madrimasd.org\/blogs\/matematicas\/files\/2015\/09\/banner_web_960x120.png"},{"@type":"WebPage","@id":"https:\/\/www.madrimasd.org\/blogs\/matematicas\/2015\/09\/22\/140124#webpage","url":"https:\/\/www.madrimasd.org\/blogs\/matematicas\/2015\/09\/22\/140124","name":"Ya son m\u00e1s de 150 los inscritos en el foro \u201c100XCIENCIA\u201d que se celebrar\u00e1 en La Palma del 7 al 9 de octubre - Matem\u00e1ticas y sus fronteras","isPartOf":{"@id":"https:\/\/www.madrimasd.org\/blogs\/matematicas\/#website"},"primaryImageOfPage":{"@id":"https:\/\/www.madrimasd.org\/blogs\/matematicas\/2015\/09\/22\/140124#primaryimage"},"datePublished":"2015-09-22T06:09:13+00:00","dateModified":"2015-09-22T07:06:59+00:00","author":{"@id":"https:\/\/www.madrimasd.org\/blogs\/matematicas\/#\/schema\/person\/15722bca1b77eece37f4c192bd1b5230"},"breadcrumb":{"@id":"https:\/\/www.madrimasd.org\/blogs\/matematicas\/2015\/09\/22\/140124#breadcrumb"},"inLanguage":"es","potentialAction":[{"@type":"ReadAction","target":["https:\/\/www.madrimasd.org\/blogs\/matematicas\/2015\/09\/22\/140124"]}]},{"@type":"BreadcrumbList","@id":"https:\/\/www.madrimasd.org\/blogs\/matematicas\/2015\/09\/22\/140124#breadcrumb","itemListElement":[{"@type":"ListItem","position":1,"name":"Portada","item":"https:\/\/www.madrimasd.org\/blogs\/matematicas"},{"@type":"ListItem","position":2,"name":"Ya son m\u00e1s de 150 los inscritos en el foro \u201c100XCIENCIA\u201d que se celebrar\u00e1 en La Palma del 7 al 9 de octubre"}]},{"@type":"Person","@id":"https:\/\/www.madrimasd.org\/blogs\/matematicas\/#\/schema\/person\/15722bca1b77eece37f4c192bd1b5230","name":"Matem\u00e1ticas y sus fronteras","image":{"@type":"ImageObject","@id":"https:\/\/www.madrimasd.org\/blogs\/matematicas\/#personlogo","inLanguage":"es","url":"https:\/\/secure.gravatar.com\/avatar\/50eb6cc40d97cb9ad268a3471c7e2492?s=96&d=mm&r=g","contentUrl":"https:\/\/secure.gravatar.com\/avatar\/50eb6cc40d97cb9ad268a3471c7e2492?s=96&d=mm&r=g","caption":"Matem\u00e1ticas y sus fronteras"},"description":"Manuel de Le\u00f3n es Profesor de Investigaci\u00f3n del CSIC, acad\u00e9mico de la Real Academia de Ciencias y su Tesorero, fundador del ICMAT (CSIC), acad\u00e9mico de la Real Academia Canaria de Ciencias y de la Real Academia Galega de Ciencias. Es adem\u00e1s Director del programa Estalmat.","url":"https:\/\/www.madrimasd.org\/blogs\/matematicas\/author\/matematicas"}]}},"_links":{"self":[{"href":"https:\/\/www.madrimasd.org\/blogs\/matematicas\/wp-json\/wp\/v2\/posts\/140124"}],"collection":[{"href":"https:\/\/www.madrimasd.org\/blogs\/matematicas\/wp-json\/wp\/v2\/posts"}],"about":[{"href":"https:\/\/www.madrimasd.org\/blogs\/matematicas\/wp-json\/wp\/v2\/types\/post"}],"author":[{"embeddable":true,"href":"https:\/\/www.madrimasd.org\/blogs\/matematicas\/wp-json\/wp\/v2\/users\/49"}],"replies":[{"embeddable":true,"href":"https:\/\/www.madrimasd.org\/blogs\/matematicas\/wp-json\/wp\/v2\/comments?post=140124"}],"version-history":[{"count":4,"href":"https:\/\/www.madrimasd.org\/blogs\/matematicas\/wp-json\/wp\/v2\/posts\/140124\/revisions"}],"predecessor-version":[{"id":140130,"href":"https:\/\/www.madrimasd.org\/blogs\/matematicas\/wp-json\/wp\/v2\/posts\/140124\/revisions\/140130"}],"wp:attachment":[{"href":"https:\/\/www.madrimasd.org\/blogs\/matematicas\/wp-json\/wp\/v2\/media?parent=140124"}],"wp:term":[{"taxonomy":"category","embeddable":true,"href":"https:\/\/www.madrimasd.org\/blogs\/matematicas\/wp-json\/wp\/v2\/categories?post=140124"},{"taxonomy":"post_tag","embeddable":true,"href":"https:\/\/www.madrimasd.org\/blogs\/matematicas\/wp-json\/wp\/v2\/tags?post=140124"}],"curies":[{"name":"wp","href":"https:\/\/api.w.org\/{rel}","templated":true}]}}