{"id":146025,"date":"2018-12-15T11:51:38","date_gmt":"2018-12-15T10:51:38","guid":{"rendered":"http:\/\/www.madrimasd.org\/blogs\/matematicas\/?p=146025"},"modified":"2018-12-19T21:19:15","modified_gmt":"2018-12-19T20:19:15","slug":"teano-de-crotona","status":"publish","type":"post","link":"https:\/\/www.madrimasd.org\/blogs\/matematicas\/2018\/12\/15\/146025","title":{"rendered":"T\u00e9ano de Crotona"},"content":{"rendered":"<p>Vamos a recordar en esta entrada a una mujer que se dedic\u00f3 a las matem\u00e1ticas en el siglo VI a.C. y cuya vida est\u00e1 ligada a la de Pit\u00e1goras. Hay cierta confusi\u00f3n sobre su figura, y algunos creen que su biograf\u00eda es la suma de varias mujeres con ese nombre, pero no cabe ninguna duda de que se trata de un personaje apasionante.<\/p>\n<figure id=\"attachment_146028\" aria-describedby=\"caption-attachment-146028\" style=\"width: 300px\" class=\"wp-caption aligncenter\"><a href=\"https:\/\/www.madrimasd.org\/blogs\/matematicas\/files\/2018\/12\/Grabado-Pitagoras-discipulos_EDIIMA20180118_0897_20.jpg\"><img decoding=\"async\" class=\"size-medium wp-image-146028\" title=\"Grabado-Pitagoras-discipulos_EDIIMA20180118_0897_20\" src=\"https:\/\/www.madrimasd.org\/blogs\/matematicas\/files\/2018\/12\/Grabado-Pitagoras-discipulos_EDIIMA20180118_0897_20-300x168.jpg\" alt=\"\" width=\"300\" height=\"168\" srcset=\"https:\/\/www.madrimasd.org\/blogs\/matematicas\/files\/2018\/12\/Grabado-Pitagoras-discipulos_EDIIMA20180118_0897_20-300x168.jpg 300w, https:\/\/www.madrimasd.org\/blogs\/matematicas\/files\/2018\/12\/Grabado-Pitagoras-discipulos_EDIIMA20180118_0897_20.jpg 643w\" sizes=\"(max-width: 300px) 100vw, 300px\" \/><\/a><figcaption id=\"caption-attachment-146028\" class=\"wp-caption-text\">Pit\u00e1goras y sus disc\u00edpulas<\/figcaption><\/figure>\n<p>Esta entrada se podr\u00eda haber titulado T\u00e9ano, la esposa de Pit\u00e1goras, o T\u00e9ano, la hija de Pit\u00e1goras, y tambi\u00e9n T\u00e9ano, la hija de Mil\u00f3n, pues a todos estos t\u00edtulos responde su vida. Seg\u00fan cuenta Marc-Alain Ouaknin en su libro <em>El misterio de las cifras<\/em>, Pit\u00e1goras tiene que huir de su ciudad natal, Samos, probablemente huyendo de la tiran\u00eda de Pol\u00edcrates, y es el rico Mil\u00f3n quien lo acoge en Crotona, en el sur de Italia (en la llamada Magna Grecia).<\/p>\n<p>Mil\u00f3n es a su vez un personaje prodigioso, fue un atleta ol\u00edmpico, admirado por su fuerza y habilidad en todo el mundo giego. Mil\u00f3n gan\u00f3 doce coronas en los juegos ol\u00edmpicos y en los p\u00edticos, pero a la vez era un estudioso de la filosof\u00eda y las matem\u00e1ticas. Era tambi\u00e9n el hombre m\u00e1s rico de Crotona, y admirador de Pit\u00e1goras, as\u00ed que le proporcion\u00f3 los medios para fundar su escuela, la Fraternidad Pitag\u00f3rica, en la que vivieron y trabajaron cientos de disc\u00edpulos del sabio de Samos.<\/p>\n<figure id=\"attachment_146032\" aria-describedby=\"caption-attachment-146032\" style=\"width: 244px\" class=\"wp-caption aligncenter\"><a href=\"https:\/\/www.madrimasd.org\/blogs\/matematicas\/files\/2018\/12\/Milo_of_Croton_Attempting_to_Test_His_Strength_Is_Caught_and_Devoured_by_a_Lion_-_Charles_Meynier.jpg\"><img decoding=\"async\" class=\"size-medium wp-image-146032\" title=\"Milo_of_Croton,_Attempting_to_Test_His_Strength,_Is_Caught_and_Devoured_by_a_Lion_-_Charles_Meynier\" src=\"https:\/\/www.madrimasd.org\/blogs\/matematicas\/files\/2018\/12\/Milo_of_Croton_Attempting_to_Test_His_Strength_Is_Caught_and_Devoured_by_a_Lion_-_Charles_Meynier-244x300.jpg\" alt=\"\" width=\"244\" height=\"300\" srcset=\"https:\/\/www.madrimasd.org\/blogs\/matematicas\/files\/2018\/12\/Milo_of_Croton_Attempting_to_Test_His_Strength_Is_Caught_and_Devoured_by_a_Lion_-_Charles_Meynier-244x300.jpg 244w, https:\/\/www.madrimasd.org\/blogs\/matematicas\/files\/2018\/12\/Milo_of_Croton_Attempting_to_Test_His_Strength_Is_Caught_and_Devoured_by_a_Lion_-_Charles_Meynier-832x1024.jpg 832w, https:\/\/www.madrimasd.org\/blogs\/matematicas\/files\/2018\/12\/Milo_of_Croton_Attempting_to_Test_His_Strength_Is_Caught_and_Devoured_by_a_Lion_-_Charles_Meynier.jpg 1147w\" sizes=\"(max-width: 244px) 100vw, 244px\" \/><\/a><figcaption id=\"caption-attachment-146032\" class=\"wp-caption-text\">Mil\u00f3n de Crotona<\/figcaption><\/figure>\n<p>Seg\u00fan Ouaknin, T\u00e9ano era la bella hija de Mil\u00f3n, y a pesar de la diferencia de edad, se convirti\u00f3 en la esposa de Pit\u00e1goras. Se la supone autora de una serie de obras, que no han llegado a nosotros, aunque s\u00ed hay fragmentos que se le atribuyen. T\u00e9ano pas\u00f3 a ser miembro de la escuela pitag\u00f3rica, que no hac\u00eda distingos entre hombres o mujeres. Entre sus contribuciones a las matem\u00e1ticas se encuentran tratados sobre los poliedros y la proporci\u00f3n a\u00farea.<\/p>\n<p>En su obra <em>Sobre la piedad<\/em>, se conserva este texto sobre Pit\u00e1goras:<\/p>\n<p><em>He o\u00eddo decir que los griegos pensaban que Pit\u00e1goras hab\u00eda dicho que todo hab\u00eda sido engendrado por el N\u00famero. Pero esta afirmaci\u00f3n nos perturba: \u00bfc\u00f3mo nos podemos imaginar cosas que no existen y que pueden engendrar? \u00c9l dijo no que todas las cosas nac\u00edan del n\u00famero, sino que todo estaba formado de acuerdo con el N\u00famero, ya que en el n\u00famero reside el orden esencial, y las mismas cosas pueden ser nombradas primeras, segundas, y as\u00ed sucesivamente, s\u00f3lo cuando participan de este orden.<\/em><\/p>\n<p><em><\/em>La Fraternidad termin\u00f3 de manera tr\u00e1gica, ya que tras la guerra contra la ciudad de Sibaris, se desat\u00f3 una ola de descontento en Crotona contra Mil\u00f3n y Pit\u00e1goras, y la escuela fue incendiada. Se cree que Pit\u00e1goras y muchos de sus disc\u00edpulos perecieron entre las llamas, aunque T\u00e9ano pudo salvarse y continuar las ense\u00f1anzas de Pit\u00e1goras en Grecia y Egipto.<\/p>\n<p>En cualquier caso, como afirma el matem\u00e1tico australiano Michael A.B. Deakin en su art\u00edculo <a href=\"https:\/\/www.tandfonline.com\/doi\/abs\/10.1080\/0020739X.2012.729614\"><em>Theano: the world&#8217;s first female mathematician?<\/em><\/a>, es dif\u00edcil discernir sobre los hechos aut\u00e9nticos que se atribuyen a Teano, aunque es tambi\u00e9n complicado el negar que no se hubieran producido.<\/p>\n<p>NB: La imagen de Mil\u00f3n de Crotona es un cuadro de 1795 del pintor franc\u00e9s <strong>Charles Meynier<\/strong>, que representa la muerte del atleta devorado por un le\u00f3n. Se cuenta que orgullsos de su fuerza, Mil\u00f3n intent\u00f3 separar las dos mitades de un tronco de \u00e1rbol con la mala fortuna que al juntarse \u00e9stas, sus manos quedaron atrapadas impidi\u00e9ndole que pudiera defenderse de las fieras.<\/p>\n<p>___<\/p>\n<p><strong><strong>Manuel de Le\u00f3n<\/strong>\u00a0<\/strong>(CSIC, Fundador del ICMAT, Real Academia de Ciencias, Real Academia Canaria de Ciencias).<\/p>\n<p>&nbsp;<\/p>\n","protected":false},"excerpt":{"rendered":"<p>Vamos a recordar en esta entrada a una mujer que se dedic\u00f3 a las matem\u00e1ticas en el siglo VI a.C. y cuya vida est\u00e1 ligada a la de Pit\u00e1goras. Hay cierta confusi\u00f3n sobre su figura, y algunos creen que su biograf\u00eda es la suma de varias mujeres con ese nombre, pero no cabe ninguna duda de que se trata de un personaje apasionante. Esta entrada se podr\u00eda haber titulado T\u00e9ano, la esposa de Pit\u00e1goras, o T\u00e9ano, la hija de Pit\u00e1goras, y tambi\u00e9n T\u00e9ano, la hija de Mil\u00f3n, pues a todos estos t\u00edtulos responde su vida. Seg\u00fan cuenta Marc-Alain Ouaknin en\u2026<\/p>\n","protected":false},"author":49,"featured_media":0,"comment_status":"open","ping_status":"open","sticky":false,"template":"","format":"standard","meta":{"ngg_post_thumbnail":0},"categories":[1],"tags":[45561,33594,38784],"blocksy_meta":{"styles_descriptor":{"styles":{"desktop":"","tablet":"","mobile":""},"google_fonts":[],"version":4}},"aioseo_notices":[],"yoast_head":"<!-- This site is optimized with the Yoast SEO plugin v18.0 - https:\/\/yoast.com\/wordpress\/plugins\/seo\/ -->\n<title>T\u00e9ano de Crotona - Matem\u00e1ticas y sus fronteras<\/title>\n<meta name=\"robots\" content=\"index, follow, max-snippet:-1, max-image-preview:large, max-video-preview:-1\" \/>\n<link rel=\"canonical\" href=\"https:\/\/www.madrimasd.org\/blogs\/matematicas\/2018\/12\/15\/146025\" \/>\n<meta property=\"og:locale\" content=\"es_ES\" \/>\n<meta property=\"og:type\" content=\"article\" \/>\n<meta property=\"og:title\" content=\"T\u00e9ano de Crotona - Matem\u00e1ticas y sus fronteras\" \/>\n<meta property=\"og:description\" content=\"Vamos a recordar en esta entrada a una mujer que se dedic\u00f3 a las matem\u00e1ticas en el siglo VI a.C. y cuya vida est\u00e1 ligada a la de Pit\u00e1goras. Hay cierta confusi\u00f3n sobre su figura, y algunos creen que su biograf\u00eda es la suma de varias mujeres con ese nombre, pero no cabe ninguna duda de que se trata de un personaje apasionante. Esta entrada se podr\u00eda haber titulado T\u00e9ano, la esposa de Pit\u00e1goras, o T\u00e9ano, la hija de Pit\u00e1goras, y tambi\u00e9n T\u00e9ano, la hija de Mil\u00f3n, pues a todos estos t\u00edtulos responde su vida. Seg\u00fan cuenta Marc-Alain Ouaknin en\u2026\" \/>\n<meta property=\"og:url\" content=\"https:\/\/www.madrimasd.org\/blogs\/matematicas\/2018\/12\/15\/146025\" \/>\n<meta property=\"og:site_name\" content=\"Matem\u00e1ticas y sus fronteras\" \/>\n<meta property=\"article:published_time\" content=\"2018-12-15T10:51:38+00:00\" \/>\n<meta property=\"article:modified_time\" content=\"2018-12-19T20:19:15+00:00\" \/>\n<meta property=\"og:image\" content=\"http:\/\/www.madrimasd.org\/blogs\/matematicas\/files\/2018\/12\/Grabado-Pitagoras-discipulos_EDIIMA20180118_0897_20-300x168.jpg\" \/>\n<meta name=\"twitter:card\" content=\"summary_large_image\" \/>\n<meta name=\"twitter:label1\" content=\"Escrito por\" \/>\n\t<meta name=\"twitter:data1\" content=\"Matem\u00e1ticas y sus fronteras\" \/>\n\t<meta name=\"twitter:label2\" content=\"Tiempo de lectura\" \/>\n\t<meta name=\"twitter:data2\" content=\"3 minutos\" \/>\n<script type=\"application\/ld+json\" class=\"yoast-schema-graph\">{\"@context\":\"https:\/\/schema.org\",\"@graph\":[{\"@type\":\"WebSite\",\"@id\":\"https:\/\/www.madrimasd.org\/blogs\/matematicas\/#website\",\"url\":\"https:\/\/www.madrimasd.org\/blogs\/matematicas\/\",\"name\":\"Matem\u00e1ticas y sus fronteras\",\"description\":\"\",\"potentialAction\":[{\"@type\":\"SearchAction\",\"target\":{\"@type\":\"EntryPoint\",\"urlTemplate\":\"https:\/\/www.madrimasd.org\/blogs\/matematicas\/?s={search_term_string}\"},\"query-input\":\"required name=search_term_string\"}],\"inLanguage\":\"es\"},{\"@type\":\"ImageObject\",\"@id\":\"https:\/\/www.madrimasd.org\/blogs\/matematicas\/2018\/12\/15\/146025#primaryimage\",\"inLanguage\":\"es\",\"url\":\"http:\/\/www.madrimasd.org\/blogs\/matematicas\/files\/2018\/12\/Grabado-Pitagoras-discipulos_EDIIMA20180118_0897_20-300x168.jpg\",\"contentUrl\":\"http:\/\/www.madrimasd.org\/blogs\/matematicas\/files\/2018\/12\/Grabado-Pitagoras-discipulos_EDIIMA20180118_0897_20-300x168.jpg\"},{\"@type\":\"WebPage\",\"@id\":\"https:\/\/www.madrimasd.org\/blogs\/matematicas\/2018\/12\/15\/146025#webpage\",\"url\":\"https:\/\/www.madrimasd.org\/blogs\/matematicas\/2018\/12\/15\/146025\",\"name\":\"T\u00e9ano de Crotona - Matem\u00e1ticas y sus fronteras\",\"isPartOf\":{\"@id\":\"https:\/\/www.madrimasd.org\/blogs\/matematicas\/#website\"},\"primaryImageOfPage\":{\"@id\":\"https:\/\/www.madrimasd.org\/blogs\/matematicas\/2018\/12\/15\/146025#primaryimage\"},\"datePublished\":\"2018-12-15T10:51:38+00:00\",\"dateModified\":\"2018-12-19T20:19:15+00:00\",\"author\":{\"@id\":\"https:\/\/www.madrimasd.org\/blogs\/matematicas\/#\/schema\/person\/15722bca1b77eece37f4c192bd1b5230\"},\"breadcrumb\":{\"@id\":\"https:\/\/www.madrimasd.org\/blogs\/matematicas\/2018\/12\/15\/146025#breadcrumb\"},\"inLanguage\":\"es\",\"potentialAction\":[{\"@type\":\"ReadAction\",\"target\":[\"https:\/\/www.madrimasd.org\/blogs\/matematicas\/2018\/12\/15\/146025\"]}]},{\"@type\":\"BreadcrumbList\",\"@id\":\"https:\/\/www.madrimasd.org\/blogs\/matematicas\/2018\/12\/15\/146025#breadcrumb\",\"itemListElement\":[{\"@type\":\"ListItem\",\"position\":1,\"name\":\"Portada\",\"item\":\"https:\/\/www.madrimasd.org\/blogs\/matematicas\"},{\"@type\":\"ListItem\",\"position\":2,\"name\":\"T\u00e9ano de Crotona\"}]},{\"@type\":\"Person\",\"@id\":\"https:\/\/www.madrimasd.org\/blogs\/matematicas\/#\/schema\/person\/15722bca1b77eece37f4c192bd1b5230\",\"name\":\"Matem\u00e1ticas y sus fronteras\",\"image\":{\"@type\":\"ImageObject\",\"@id\":\"https:\/\/www.madrimasd.org\/blogs\/matematicas\/#personlogo\",\"inLanguage\":\"es\",\"url\":\"https:\/\/secure.gravatar.com\/avatar\/50eb6cc40d97cb9ad268a3471c7e2492?s=96&d=mm&r=g\",\"contentUrl\":\"https:\/\/secure.gravatar.com\/avatar\/50eb6cc40d97cb9ad268a3471c7e2492?s=96&d=mm&r=g\",\"caption\":\"Matem\u00e1ticas y sus fronteras\"},\"description\":\"Manuel de Le\u00f3n es Profesor de Investigaci\u00f3n del CSIC, acad\u00e9mico de la Real Academia de Ciencias y su Tesorero, fundador del ICMAT (CSIC), acad\u00e9mico de la Real Academia Canaria de Ciencias y de la Real Academia Galega de Ciencias. Es adem\u00e1s Director del programa Estalmat.\",\"url\":\"https:\/\/www.madrimasd.org\/blogs\/matematicas\/author\/matematicas\"}]}<\/script>\n<!-- \/ Yoast SEO plugin. -->","yoast_head_json":{"title":"T\u00e9ano de Crotona - Matem\u00e1ticas y sus fronteras","robots":{"index":"index","follow":"follow","max-snippet":"max-snippet:-1","max-image-preview":"max-image-preview:large","max-video-preview":"max-video-preview:-1"},"canonical":"https:\/\/www.madrimasd.org\/blogs\/matematicas\/2018\/12\/15\/146025","og_locale":"es_ES","og_type":"article","og_title":"T\u00e9ano de Crotona - Matem\u00e1ticas y sus fronteras","og_description":"Vamos a recordar en esta entrada a una mujer que se dedic\u00f3 a las matem\u00e1ticas en el siglo VI a.C. y cuya vida est\u00e1 ligada a la de Pit\u00e1goras. Hay cierta confusi\u00f3n sobre su figura, y algunos creen que su biograf\u00eda es la suma de varias mujeres con ese nombre, pero no cabe ninguna duda de que se trata de un personaje apasionante. Esta entrada se podr\u00eda haber titulado T\u00e9ano, la esposa de Pit\u00e1goras, o T\u00e9ano, la hija de Pit\u00e1goras, y tambi\u00e9n T\u00e9ano, la hija de Mil\u00f3n, pues a todos estos t\u00edtulos responde su vida. Seg\u00fan cuenta Marc-Alain Ouaknin en\u2026","og_url":"https:\/\/www.madrimasd.org\/blogs\/matematicas\/2018\/12\/15\/146025","og_site_name":"Matem\u00e1ticas y sus fronteras","article_published_time":"2018-12-15T10:51:38+00:00","article_modified_time":"2018-12-19T20:19:15+00:00","og_image":[{"url":"http:\/\/www.madrimasd.org\/blogs\/matematicas\/files\/2018\/12\/Grabado-Pitagoras-discipulos_EDIIMA20180118_0897_20-300x168.jpg"}],"twitter_card":"summary_large_image","twitter_misc":{"Escrito por":"Matem\u00e1ticas y sus fronteras","Tiempo de lectura":"3 minutos"},"schema":{"@context":"https:\/\/schema.org","@graph":[{"@type":"WebSite","@id":"https:\/\/www.madrimasd.org\/blogs\/matematicas\/#website","url":"https:\/\/www.madrimasd.org\/blogs\/matematicas\/","name":"Matem\u00e1ticas y sus fronteras","description":"","potentialAction":[{"@type":"SearchAction","target":{"@type":"EntryPoint","urlTemplate":"https:\/\/www.madrimasd.org\/blogs\/matematicas\/?s={search_term_string}"},"query-input":"required name=search_term_string"}],"inLanguage":"es"},{"@type":"ImageObject","@id":"https:\/\/www.madrimasd.org\/blogs\/matematicas\/2018\/12\/15\/146025#primaryimage","inLanguage":"es","url":"http:\/\/www.madrimasd.org\/blogs\/matematicas\/files\/2018\/12\/Grabado-Pitagoras-discipulos_EDIIMA20180118_0897_20-300x168.jpg","contentUrl":"http:\/\/www.madrimasd.org\/blogs\/matematicas\/files\/2018\/12\/Grabado-Pitagoras-discipulos_EDIIMA20180118_0897_20-300x168.jpg"},{"@type":"WebPage","@id":"https:\/\/www.madrimasd.org\/blogs\/matematicas\/2018\/12\/15\/146025#webpage","url":"https:\/\/www.madrimasd.org\/blogs\/matematicas\/2018\/12\/15\/146025","name":"T\u00e9ano de Crotona - Matem\u00e1ticas y sus fronteras","isPartOf":{"@id":"https:\/\/www.madrimasd.org\/blogs\/matematicas\/#website"},"primaryImageOfPage":{"@id":"https:\/\/www.madrimasd.org\/blogs\/matematicas\/2018\/12\/15\/146025#primaryimage"},"datePublished":"2018-12-15T10:51:38+00:00","dateModified":"2018-12-19T20:19:15+00:00","author":{"@id":"https:\/\/www.madrimasd.org\/blogs\/matematicas\/#\/schema\/person\/15722bca1b77eece37f4c192bd1b5230"},"breadcrumb":{"@id":"https:\/\/www.madrimasd.org\/blogs\/matematicas\/2018\/12\/15\/146025#breadcrumb"},"inLanguage":"es","potentialAction":[{"@type":"ReadAction","target":["https:\/\/www.madrimasd.org\/blogs\/matematicas\/2018\/12\/15\/146025"]}]},{"@type":"BreadcrumbList","@id":"https:\/\/www.madrimasd.org\/blogs\/matematicas\/2018\/12\/15\/146025#breadcrumb","itemListElement":[{"@type":"ListItem","position":1,"name":"Portada","item":"https:\/\/www.madrimasd.org\/blogs\/matematicas"},{"@type":"ListItem","position":2,"name":"T\u00e9ano de Crotona"}]},{"@type":"Person","@id":"https:\/\/www.madrimasd.org\/blogs\/matematicas\/#\/schema\/person\/15722bca1b77eece37f4c192bd1b5230","name":"Matem\u00e1ticas y sus fronteras","image":{"@type":"ImageObject","@id":"https:\/\/www.madrimasd.org\/blogs\/matematicas\/#personlogo","inLanguage":"es","url":"https:\/\/secure.gravatar.com\/avatar\/50eb6cc40d97cb9ad268a3471c7e2492?s=96&d=mm&r=g","contentUrl":"https:\/\/secure.gravatar.com\/avatar\/50eb6cc40d97cb9ad268a3471c7e2492?s=96&d=mm&r=g","caption":"Matem\u00e1ticas y sus fronteras"},"description":"Manuel de Le\u00f3n es Profesor de Investigaci\u00f3n del CSIC, acad\u00e9mico de la Real Academia de Ciencias y su Tesorero, fundador del ICMAT (CSIC), acad\u00e9mico de la Real Academia Canaria de Ciencias y de la Real Academia Galega de Ciencias. Es adem\u00e1s Director del programa Estalmat.","url":"https:\/\/www.madrimasd.org\/blogs\/matematicas\/author\/matematicas"}]}},"_links":{"self":[{"href":"https:\/\/www.madrimasd.org\/blogs\/matematicas\/wp-json\/wp\/v2\/posts\/146025"}],"collection":[{"href":"https:\/\/www.madrimasd.org\/blogs\/matematicas\/wp-json\/wp\/v2\/posts"}],"about":[{"href":"https:\/\/www.madrimasd.org\/blogs\/matematicas\/wp-json\/wp\/v2\/types\/post"}],"author":[{"embeddable":true,"href":"https:\/\/www.madrimasd.org\/blogs\/matematicas\/wp-json\/wp\/v2\/users\/49"}],"replies":[{"embeddable":true,"href":"https:\/\/www.madrimasd.org\/blogs\/matematicas\/wp-json\/wp\/v2\/comments?post=146025"}],"version-history":[{"count":9,"href":"https:\/\/www.madrimasd.org\/blogs\/matematicas\/wp-json\/wp\/v2\/posts\/146025\/revisions"}],"predecessor-version":[{"id":146056,"href":"https:\/\/www.madrimasd.org\/blogs\/matematicas\/wp-json\/wp\/v2\/posts\/146025\/revisions\/146056"}],"wp:attachment":[{"href":"https:\/\/www.madrimasd.org\/blogs\/matematicas\/wp-json\/wp\/v2\/media?parent=146025"}],"wp:term":[{"taxonomy":"category","embeddable":true,"href":"https:\/\/www.madrimasd.org\/blogs\/matematicas\/wp-json\/wp\/v2\/categories?post=146025"},{"taxonomy":"post_tag","embeddable":true,"href":"https:\/\/www.madrimasd.org\/blogs\/matematicas\/wp-json\/wp\/v2\/tags?post=146025"}],"curies":[{"name":"wp","href":"https:\/\/api.w.org\/{rel}","templated":true}]}}