{"id":150343,"date":"2023-08-24T19:33:51","date_gmt":"2023-08-24T18:33:51","guid":{"rendered":"https:\/\/www.madrimasd.org\/blogs\/matematicas\/?p=150343"},"modified":"2023-08-24T19:33:51","modified_gmt":"2023-08-24T18:33:51","slug":"museos-matematicos-la-maison-poincare","status":"publish","type":"post","link":"https:\/\/www.madrimasd.org\/blogs\/matematicas\/2023\/08\/24\/150343","title":{"rendered":"Museos matem\u00e1ticos: la Maison Poincar\u00e9"},"content":{"rendered":"<p style=\"font-weight: 400\">La Maison Poincar\u00e9, primer museo franc\u00e9s dedicado a las matem\u00e1ticas, se inaugurar\u00e1 en Par\u00eds el 27 de septiembre bajo el patrocinio del Presidente de la Rep\u00fablica.<\/p>\n<p><a href=\"https:\/\/www.madrimasd.org\/blogs\/matematicas\/files\/2023\/08\/937127-maison-poincare-a-paris-decouvrez-le-tout-premier-musee-des-mathematiques.jpg\"><img decoding=\"async\" class=\"aligncenter size-full wp-image-150353\" src=\"https:\/\/www.madrimasd.org\/blogs\/matematicas\/files\/2023\/08\/937127-maison-poincare-a-paris-decouvrez-le-tout-premier-musee-des-mathematiques.jpg\" alt=\"\" width=\"824\" height=\"549\" srcset=\"https:\/\/www.madrimasd.org\/blogs\/matematicas\/files\/2023\/08\/937127-maison-poincare-a-paris-decouvrez-le-tout-premier-musee-des-mathematiques.jpg 824w, https:\/\/www.madrimasd.org\/blogs\/matematicas\/files\/2023\/08\/937127-maison-poincare-a-paris-decouvrez-le-tout-premier-musee-des-mathematiques-300x200.jpg 300w, https:\/\/www.madrimasd.org\/blogs\/matematicas\/files\/2023\/08\/937127-maison-poincare-a-paris-decouvrez-le-tout-premier-musee-des-mathematiques-768x512.jpg 768w\" sizes=\"(max-width: 824px) 100vw, 824px\" \/><\/a><\/p>\n<p style=\"font-weight: 400\">Esta iniciativa tiene como promotor uno de los matem\u00e1ticos franceses m\u00e1s conocidos, C\u00e9dric Villani, que tras conseguir la medalla Fields en 2010, se pas\u00f3 a la pol\u00edtica francesa, primero como diputado en el partido de Fran\u00e7ois Macron, y posteriormente en el ayuntamiento de Par\u00eds.<\/p>\n<p style=\"font-weight: 400\">Este museo ocupar\u00e1 900 metros cuadrados en el edificio Jean-Perrin del Instituto Henri-Poincar\u00e9 (IHP), uno de los centro internacional de investigaci\u00f3n matem\u00e1tica de referencia, y que est\u00e1 adscrito al CNRS y a la Universidad de la Sorbona.<\/p>\n<p style=\"font-weight: 400\">En la noticia a la que hemos tenido acceso, la directora del Instituto Poincar\u00e9, Sylvie Benzoni, afirma que: \u00abNuestra idea es que los escolares y el p\u00fablico en general hablen con los investigadores que trabajan en nuestro instituto, en un momento en el que las cuestiones sociales que rodean a las matem\u00e1ticas est\u00e1n m\u00e1s presentes que nunca\u201d. Recordemos que recientemente se produjo una gran pol\u00e9mica en el pa\u00eds vecino al haber eliminado las matem\u00e1ticas en el plan de estudios obligatorio en los que ser\u00eda nuestro bachillerato.<\/p>\n<figure id=\"attachment_150350\" aria-describedby=\"caption-attachment-150350\" style=\"width: 408px\" class=\"wp-caption aligncenter\"><a href=\"https:\/\/www.madrimasd.org\/blogs\/matematicas\/files\/2023\/08\/SylvieBenzoniGavage2022.png\"><img decoding=\"async\" class=\" wp-image-150350\" src=\"https:\/\/www.madrimasd.org\/blogs\/matematicas\/files\/2023\/08\/SylvieBenzoniGavage2022.png\" alt=\"\" width=\"408\" height=\"415\" srcset=\"https:\/\/www.madrimasd.org\/blogs\/matematicas\/files\/2023\/08\/SylvieBenzoniGavage2022.png 545w, https:\/\/www.madrimasd.org\/blogs\/matematicas\/files\/2023\/08\/SylvieBenzoniGavage2022-295x300.png 295w\" sizes=\"(max-width: 408px) 100vw, 408px\" \/><\/a><figcaption id=\"caption-attachment-150350\" class=\"wp-caption-text\">Sylvie Benzoni<\/figcaption><\/figure>\n<p style=\"font-weight: 400\">El p\u00fablico al que se dirige este museo es a los alumnos de cuarto curso, pero tambi\u00e9n a la poblaci\u00f3n en general, con la finalidad, no s\u00f3lo de elevar el nivel matem\u00e1tico de los estudiantes, sino el de la sociedad en su conjunto.<\/p>\n<p style=\"font-weight: 400\">Aparte de los materiales permanentes, se contemplan la organizaci\u00f3n de talleres para los estudiantes, siguiendo en general las l\u00edneas de actuaci\u00f3n de los modernos museos de ciencias: ver, o\u00edr y tocar, en este caso, las propias matem\u00e1ticas.<\/p>\n<p style=\"font-weight: 400\"><strong>El referente internacional<\/strong><\/p>\n<p style=\"font-weight: 400\">Sin duda alguna, el museo de matem\u00e1ticas que sirve de referente internacional es el MoMath, el Museo Nacional de Matem\u00e1ticas, en Manhattan, el coraz\u00f3n de Nueva York. &nbsp;El Museo Nacional de Matem\u00e1ticas, o MoMath, tiene sus ra\u00edces en el Museo Goudreau de Matem\u00e1ticas en el Arte y la Ciencia, que funcion\u00f3 en Long Island de 1980 a 2006.<\/p>\n<p><a href=\"https:\/\/www.madrimasd.org\/blogs\/matematicas\/files\/2023\/08\/img_4500.jpg\"><img decoding=\"async\" class=\"aligncenter size-full wp-image-150345\" src=\"https:\/\/www.madrimasd.org\/blogs\/matematicas\/files\/2023\/08\/img_4500.jpg\" alt=\"\" width=\"640\" height=\"427\" srcset=\"https:\/\/www.madrimasd.org\/blogs\/matematicas\/files\/2023\/08\/img_4500.jpg 640w, https:\/\/www.madrimasd.org\/blogs\/matematicas\/files\/2023\/08\/img_4500-300x200.jpg 300w\" sizes=\"(max-width: 640px) 100vw, 640px\" \/><\/a><\/p>\n<p style=\"font-weight: 400\">Cuando el Museo Goudreau cerr\u00f3, un apasionado grupo de matem\u00e1ticos, educadores y l\u00edderes empresariales, entre ellos Glen Whitney, antiguo analista de fondos de cobertura, reconoci\u00f3 la necesidad de preservar y ampliar el concepto de un museo dedicado a las matem\u00e1ticas. As\u00ed naci\u00f3 la idea de MoMath.<\/p>\n<p style=\"font-weight: 400\">Tras a\u00f1os de planificaci\u00f3n y recaudaci\u00f3n de fondos, MoMath abri\u00f3 sus puertas al p\u00fablico el 15 de diciembre de 2012, en un espacio de dos plantas y 19.000 pies cuadrados situado en el 11 East 26th Street de Manhattan, Nueva York.<\/p>\n<p style=\"font-weight: 400\">Nos remitimos a la p\u00e1gina web para darse cuenta de la magnitud de este museo.<\/p>\n<p style=\"font-weight: 400\"><strong>Otras iniciativas<\/strong><\/p>\n<p style=\"font-weight: 400\">Son ya unos cuantos los museos dedicados a las matem\u00e1ticas total o parcialmente, <a href=\"https:\/\/www.mathcom.wiki\/index.php?title=Math_Museums\">en este enlace<\/a> se puede ver un mapa con todos ellos (aunque faltan algunos).<\/p>\n<p style=\"font-weight: 400\">La situaci\u00f3n en Espa\u00f1a no es tan mala. Tenemos el excelente Museu de Matem\u00e0tiques de Catalunya en Barcelona https:\/\/mmaca.cat. Aunque la parte m\u00e1s visible de la MMACA es la exposici\u00f3n permanente en el Palau Mercader de Cornell\u00e0 de Llobregat y las actividades para grupos escolares, la MMACA organiza exposiciones itinerantes y participa en ferias, festivales cient\u00edficos, congresos, publicaciones y otros eventos de la comunidad matem\u00e1tica catalana, espa\u00f1ola e internacional en el \u00e1mbito de la educaci\u00f3n y la divulgaci\u00f3n de las matem\u00e1ticas. Pronto contar\u00e1 con una nueva sede en Can Bagaria.<\/p>\n<p><a href=\"https:\/\/www.madrimasd.org\/blogs\/matematicas\/files\/2023\/08\/palau.jpg\"><img decoding=\"async\" class=\"aligncenter size-full wp-image-150347\" src=\"https:\/\/www.madrimasd.org\/blogs\/matematicas\/files\/2023\/08\/palau.jpg\" alt=\"\" width=\"585\" height=\"448\" srcset=\"https:\/\/www.madrimasd.org\/blogs\/matematicas\/files\/2023\/08\/palau.jpg 585w, https:\/\/www.madrimasd.org\/blogs\/matematicas\/files\/2023\/08\/palau-300x230.jpg 300w\" sizes=\"(max-width: 585px) 100vw, 585px\" \/><\/a><\/p>\n<p style=\"font-weight: 400\">En Zaragoza se ha puesto en marcha otro Museo de Matem\u00e1ticas, en el edificio M\u00aa Josefa Izuel, del Parque Tecnol\u00f3gico Walqa, en Cuarte (Huesca). &nbsp;<\/p>\n<p><a href=\"https:\/\/www.madrimasd.org\/blogs\/matematicas\/files\/2023\/08\/170420231029476254.jpg\"><img decoding=\"async\" class=\"aligncenter size-full wp-image-150355\" src=\"https:\/\/www.madrimasd.org\/blogs\/matematicas\/files\/2023\/08\/170420231029476254.jpg\" alt=\"\" width=\"567\" height=\"378\" srcset=\"https:\/\/www.madrimasd.org\/blogs\/matematicas\/files\/2023\/08\/170420231029476254.jpg 567w, https:\/\/www.madrimasd.org\/blogs\/matematicas\/files\/2023\/08\/170420231029476254-300x200.jpg 300w\" sizes=\"(max-width: 567px) 100vw, 567px\" \/><\/a><\/p>\n<p style=\"font-weight: 400\">Tambi\u00e9n hay una secci\u00f3n de matem\u00e1ticas en el Museo de la Ciencia de Valladolid, la <a href=\"https:\/\/www.madrimasd.org\/blogs\/matematicas\/2018\/10\/07\/145804\">Sala \u2018Malditas Matem\u00e1ticas\u2026 \u00bfo no?\u2019<\/a><\/p>\n<p style=\"font-weight: 400\">Y recientemente se ha creado el EMMA, en Legan\u00e9s, por iniciativa de la Sociedad Madrile\u00f1a de Profesores y profesoras de Matem\u00e1ticas Emma Castelnuovo, con la colaboraci\u00f3n de la Comunidad de Madrid.<\/p>\n<p style=\"font-weight: 400\"><a href=\"https:\/\/www.madrimasd.org\/blogs\/matematicas\/files\/2023\/08\/logo-2-sobre-blanco.png\"><img decoding=\"async\" class=\"aligncenter size-full wp-image-150349\" src=\"https:\/\/www.madrimasd.org\/blogs\/matematicas\/files\/2023\/08\/logo-2-sobre-blanco.png\" alt=\"\" width=\"592\" height=\"200\" srcset=\"https:\/\/www.madrimasd.org\/blogs\/matematicas\/files\/2023\/08\/logo-2-sobre-blanco.png 592w, https:\/\/www.madrimasd.org\/blogs\/matematicas\/files\/2023\/08\/logo-2-sobre-blanco-300x101.png 300w\" sizes=\"(max-width: 592px) 100vw, 592px\" \/><\/a><\/p>\n<p>______________<\/p>\n<p><strong>Manuel de Le\u00f3n<\/strong> (CSIC, Fundador del ICMAT, Real Academia de Ciencias, Real Academia Canaria de Ciencias, Real Academia Galega de Ciencias).<\/p>\n","protected":false},"excerpt":{"rendered":"<p>La Maison Poincar\u00e9, primer museo franc\u00e9s dedicado a las matem\u00e1ticas, se inaugurar\u00e1 en Par\u00eds el 27 de septiembre bajo el patrocinio del Presidente de la Rep\u00fablica. Esta iniciativa tiene como promotor uno de los matem\u00e1ticos franceses m\u00e1s conocidos, C\u00e9dric Villani, que tras conseguir la medalla Fields en 2010, se pas\u00f3 a la pol\u00edtica francesa, primero como diputado en el partido de Fran\u00e7ois Macron, y posteriormente en el ayuntamiento de Par\u00eds. Este museo ocupar\u00e1 900 metros cuadrados en el edificio Jean-Perrin del Instituto Henri-Poincar\u00e9 (IHP), uno de los centro internacional de investigaci\u00f3n matem\u00e1tica de referencia, y que est\u00e1 adscrito al CNRS\u2026<\/p>\n","protected":false},"author":49,"featured_media":0,"comment_status":"open","ping_status":"open","sticky":false,"template":"","format":"standard","meta":{"ngg_post_thumbnail":0},"categories":[1],"tags":[49579],"blocksy_meta":{"styles_descriptor":{"styles":{"desktop":"","tablet":"","mobile":""},"google_fonts":[],"version":4}},"aioseo_notices":[],"yoast_head":"<!-- This site is optimized with the Yoast SEO plugin v18.0 - https:\/\/yoast.com\/wordpress\/plugins\/seo\/ -->\n<title>Museos matem\u00e1ticos: la Maison Poincar\u00e9 - Matem\u00e1ticas y sus fronteras<\/title>\n<meta name=\"robots\" content=\"index, follow, max-snippet:-1, max-image-preview:large, max-video-preview:-1\" \/>\n<link rel=\"canonical\" href=\"https:\/\/www.madrimasd.org\/blogs\/matematicas\/2023\/08\/24\/150343\" \/>\n<meta property=\"og:locale\" content=\"es_ES\" \/>\n<meta property=\"og:type\" content=\"article\" \/>\n<meta property=\"og:title\" content=\"Museos matem\u00e1ticos: la Maison Poincar\u00e9 - Matem\u00e1ticas y sus fronteras\" \/>\n<meta property=\"og:description\" content=\"La Maison Poincar\u00e9, primer museo franc\u00e9s dedicado a las matem\u00e1ticas, se inaugurar\u00e1 en Par\u00eds el 27 de septiembre bajo el patrocinio del Presidente de la Rep\u00fablica. Esta iniciativa tiene como promotor uno de los matem\u00e1ticos franceses m\u00e1s conocidos, C\u00e9dric Villani, que tras conseguir la medalla Fields en 2010, se pas\u00f3 a la pol\u00edtica francesa, primero como diputado en el partido de Fran\u00e7ois Macron, y posteriormente en el ayuntamiento de Par\u00eds. Este museo ocupar\u00e1 900 metros cuadrados en el edificio Jean-Perrin del Instituto Henri-Poincar\u00e9 (IHP), uno de los centro internacional de investigaci\u00f3n matem\u00e1tica de referencia, y que est\u00e1 adscrito al CNRS\u2026\" \/>\n<meta property=\"og:url\" content=\"https:\/\/www.madrimasd.org\/blogs\/matematicas\/2023\/08\/24\/150343\" \/>\n<meta property=\"og:site_name\" content=\"Matem\u00e1ticas y sus fronteras\" \/>\n<meta property=\"article:published_time\" content=\"2023-08-24T18:33:51+00:00\" \/>\n<meta property=\"og:image\" content=\"https:\/\/www.madrimasd.org\/blogs\/matematicas\/files\/2023\/08\/937127-maison-poincare-a-paris-decouvrez-le-tout-premier-musee-des-mathematiques.jpg\" \/>\n<meta name=\"twitter:card\" content=\"summary_large_image\" \/>\n<meta name=\"twitter:label1\" content=\"Escrito por\" \/>\n\t<meta name=\"twitter:data1\" content=\"Matem\u00e1ticas y sus fronteras\" \/>\n\t<meta name=\"twitter:label2\" content=\"Tiempo de lectura\" \/>\n\t<meta name=\"twitter:data2\" content=\"4 minutos\" \/>\n<script type=\"application\/ld+json\" class=\"yoast-schema-graph\">{\"@context\":\"https:\/\/schema.org\",\"@graph\":[{\"@type\":\"WebSite\",\"@id\":\"https:\/\/www.madrimasd.org\/blogs\/matematicas\/#website\",\"url\":\"https:\/\/www.madrimasd.org\/blogs\/matematicas\/\",\"name\":\"Matem\u00e1ticas y sus fronteras\",\"description\":\"\",\"potentialAction\":[{\"@type\":\"SearchAction\",\"target\":{\"@type\":\"EntryPoint\",\"urlTemplate\":\"https:\/\/www.madrimasd.org\/blogs\/matematicas\/?s={search_term_string}\"},\"query-input\":\"required name=search_term_string\"}],\"inLanguage\":\"es\"},{\"@type\":\"ImageObject\",\"@id\":\"https:\/\/www.madrimasd.org\/blogs\/matematicas\/2023\/08\/24\/150343#primaryimage\",\"inLanguage\":\"es\",\"url\":\"https:\/\/www.madrimasd.org\/blogs\/matematicas\/files\/2023\/08\/937127-maison-poincare-a-paris-decouvrez-le-tout-premier-musee-des-mathematiques.jpg\",\"contentUrl\":\"https:\/\/www.madrimasd.org\/blogs\/matematicas\/files\/2023\/08\/937127-maison-poincare-a-paris-decouvrez-le-tout-premier-musee-des-mathematiques.jpg\",\"width\":824,\"height\":549},{\"@type\":\"WebPage\",\"@id\":\"https:\/\/www.madrimasd.org\/blogs\/matematicas\/2023\/08\/24\/150343#webpage\",\"url\":\"https:\/\/www.madrimasd.org\/blogs\/matematicas\/2023\/08\/24\/150343\",\"name\":\"Museos matem\u00e1ticos: la Maison Poincar\u00e9 - Matem\u00e1ticas y sus fronteras\",\"isPartOf\":{\"@id\":\"https:\/\/www.madrimasd.org\/blogs\/matematicas\/#website\"},\"primaryImageOfPage\":{\"@id\":\"https:\/\/www.madrimasd.org\/blogs\/matematicas\/2023\/08\/24\/150343#primaryimage\"},\"datePublished\":\"2023-08-24T18:33:51+00:00\",\"dateModified\":\"2023-08-24T18:33:51+00:00\",\"author\":{\"@id\":\"https:\/\/www.madrimasd.org\/blogs\/matematicas\/#\/schema\/person\/15722bca1b77eece37f4c192bd1b5230\"},\"breadcrumb\":{\"@id\":\"https:\/\/www.madrimasd.org\/blogs\/matematicas\/2023\/08\/24\/150343#breadcrumb\"},\"inLanguage\":\"es\",\"potentialAction\":[{\"@type\":\"ReadAction\",\"target\":[\"https:\/\/www.madrimasd.org\/blogs\/matematicas\/2023\/08\/24\/150343\"]}]},{\"@type\":\"BreadcrumbList\",\"@id\":\"https:\/\/www.madrimasd.org\/blogs\/matematicas\/2023\/08\/24\/150343#breadcrumb\",\"itemListElement\":[{\"@type\":\"ListItem\",\"position\":1,\"name\":\"Portada\",\"item\":\"https:\/\/www.madrimasd.org\/blogs\/matematicas\"},{\"@type\":\"ListItem\",\"position\":2,\"name\":\"Museos matem\u00e1ticos: la Maison Poincar\u00e9\"}]},{\"@type\":\"Person\",\"@id\":\"https:\/\/www.madrimasd.org\/blogs\/matematicas\/#\/schema\/person\/15722bca1b77eece37f4c192bd1b5230\",\"name\":\"Matem\u00e1ticas y sus fronteras\",\"image\":{\"@type\":\"ImageObject\",\"@id\":\"https:\/\/www.madrimasd.org\/blogs\/matematicas\/#personlogo\",\"inLanguage\":\"es\",\"url\":\"https:\/\/secure.gravatar.com\/avatar\/50eb6cc40d97cb9ad268a3471c7e2492?s=96&d=mm&r=g\",\"contentUrl\":\"https:\/\/secure.gravatar.com\/avatar\/50eb6cc40d97cb9ad268a3471c7e2492?s=96&d=mm&r=g\",\"caption\":\"Matem\u00e1ticas y sus fronteras\"},\"description\":\"Manuel de Le\u00f3n es Profesor de Investigaci\u00f3n del CSIC, acad\u00e9mico de la Real Academia de Ciencias y su Tesorero, fundador del ICMAT (CSIC), acad\u00e9mico de la Real Academia Canaria de Ciencias y de la Real Academia Galega de Ciencias. Es adem\u00e1s Director del programa Estalmat.\",\"url\":\"https:\/\/www.madrimasd.org\/blogs\/matematicas\/author\/matematicas\"}]}<\/script>\n<!-- \/ Yoast SEO plugin. -->","yoast_head_json":{"title":"Museos matem\u00e1ticos: la Maison Poincar\u00e9 - Matem\u00e1ticas y sus fronteras","robots":{"index":"index","follow":"follow","max-snippet":"max-snippet:-1","max-image-preview":"max-image-preview:large","max-video-preview":"max-video-preview:-1"},"canonical":"https:\/\/www.madrimasd.org\/blogs\/matematicas\/2023\/08\/24\/150343","og_locale":"es_ES","og_type":"article","og_title":"Museos matem\u00e1ticos: la Maison Poincar\u00e9 - Matem\u00e1ticas y sus fronteras","og_description":"La Maison Poincar\u00e9, primer museo franc\u00e9s dedicado a las matem\u00e1ticas, se inaugurar\u00e1 en Par\u00eds el 27 de septiembre bajo el patrocinio del Presidente de la Rep\u00fablica. Esta iniciativa tiene como promotor uno de los matem\u00e1ticos franceses m\u00e1s conocidos, C\u00e9dric Villani, que tras conseguir la medalla Fields en 2010, se pas\u00f3 a la pol\u00edtica francesa, primero como diputado en el partido de Fran\u00e7ois Macron, y posteriormente en el ayuntamiento de Par\u00eds. Este museo ocupar\u00e1 900 metros cuadrados en el edificio Jean-Perrin del Instituto Henri-Poincar\u00e9 (IHP), uno de los centro internacional de investigaci\u00f3n matem\u00e1tica de referencia, y que est\u00e1 adscrito al CNRS\u2026","og_url":"https:\/\/www.madrimasd.org\/blogs\/matematicas\/2023\/08\/24\/150343","og_site_name":"Matem\u00e1ticas y sus fronteras","article_published_time":"2023-08-24T18:33:51+00:00","og_image":[{"url":"https:\/\/www.madrimasd.org\/blogs\/matematicas\/files\/2023\/08\/937127-maison-poincare-a-paris-decouvrez-le-tout-premier-musee-des-mathematiques.jpg"}],"twitter_card":"summary_large_image","twitter_misc":{"Escrito por":"Matem\u00e1ticas y sus fronteras","Tiempo de lectura":"4 minutos"},"schema":{"@context":"https:\/\/schema.org","@graph":[{"@type":"WebSite","@id":"https:\/\/www.madrimasd.org\/blogs\/matematicas\/#website","url":"https:\/\/www.madrimasd.org\/blogs\/matematicas\/","name":"Matem\u00e1ticas y sus fronteras","description":"","potentialAction":[{"@type":"SearchAction","target":{"@type":"EntryPoint","urlTemplate":"https:\/\/www.madrimasd.org\/blogs\/matematicas\/?s={search_term_string}"},"query-input":"required name=search_term_string"}],"inLanguage":"es"},{"@type":"ImageObject","@id":"https:\/\/www.madrimasd.org\/blogs\/matematicas\/2023\/08\/24\/150343#primaryimage","inLanguage":"es","url":"https:\/\/www.madrimasd.org\/blogs\/matematicas\/files\/2023\/08\/937127-maison-poincare-a-paris-decouvrez-le-tout-premier-musee-des-mathematiques.jpg","contentUrl":"https:\/\/www.madrimasd.org\/blogs\/matematicas\/files\/2023\/08\/937127-maison-poincare-a-paris-decouvrez-le-tout-premier-musee-des-mathematiques.jpg","width":824,"height":549},{"@type":"WebPage","@id":"https:\/\/www.madrimasd.org\/blogs\/matematicas\/2023\/08\/24\/150343#webpage","url":"https:\/\/www.madrimasd.org\/blogs\/matematicas\/2023\/08\/24\/150343","name":"Museos matem\u00e1ticos: la Maison Poincar\u00e9 - Matem\u00e1ticas y sus fronteras","isPartOf":{"@id":"https:\/\/www.madrimasd.org\/blogs\/matematicas\/#website"},"primaryImageOfPage":{"@id":"https:\/\/www.madrimasd.org\/blogs\/matematicas\/2023\/08\/24\/150343#primaryimage"},"datePublished":"2023-08-24T18:33:51+00:00","dateModified":"2023-08-24T18:33:51+00:00","author":{"@id":"https:\/\/www.madrimasd.org\/blogs\/matematicas\/#\/schema\/person\/15722bca1b77eece37f4c192bd1b5230"},"breadcrumb":{"@id":"https:\/\/www.madrimasd.org\/blogs\/matematicas\/2023\/08\/24\/150343#breadcrumb"},"inLanguage":"es","potentialAction":[{"@type":"ReadAction","target":["https:\/\/www.madrimasd.org\/blogs\/matematicas\/2023\/08\/24\/150343"]}]},{"@type":"BreadcrumbList","@id":"https:\/\/www.madrimasd.org\/blogs\/matematicas\/2023\/08\/24\/150343#breadcrumb","itemListElement":[{"@type":"ListItem","position":1,"name":"Portada","item":"https:\/\/www.madrimasd.org\/blogs\/matematicas"},{"@type":"ListItem","position":2,"name":"Museos matem\u00e1ticos: la Maison Poincar\u00e9"}]},{"@type":"Person","@id":"https:\/\/www.madrimasd.org\/blogs\/matematicas\/#\/schema\/person\/15722bca1b77eece37f4c192bd1b5230","name":"Matem\u00e1ticas y sus fronteras","image":{"@type":"ImageObject","@id":"https:\/\/www.madrimasd.org\/blogs\/matematicas\/#personlogo","inLanguage":"es","url":"https:\/\/secure.gravatar.com\/avatar\/50eb6cc40d97cb9ad268a3471c7e2492?s=96&d=mm&r=g","contentUrl":"https:\/\/secure.gravatar.com\/avatar\/50eb6cc40d97cb9ad268a3471c7e2492?s=96&d=mm&r=g","caption":"Matem\u00e1ticas y sus fronteras"},"description":"Manuel de Le\u00f3n es Profesor de Investigaci\u00f3n del CSIC, acad\u00e9mico de la Real Academia de Ciencias y su Tesorero, fundador del ICMAT (CSIC), acad\u00e9mico de la Real Academia Canaria de Ciencias y de la Real Academia Galega de Ciencias. Es adem\u00e1s Director del programa Estalmat.","url":"https:\/\/www.madrimasd.org\/blogs\/matematicas\/author\/matematicas"}]}},"_links":{"self":[{"href":"https:\/\/www.madrimasd.org\/blogs\/matematicas\/wp-json\/wp\/v2\/posts\/150343"}],"collection":[{"href":"https:\/\/www.madrimasd.org\/blogs\/matematicas\/wp-json\/wp\/v2\/posts"}],"about":[{"href":"https:\/\/www.madrimasd.org\/blogs\/matematicas\/wp-json\/wp\/v2\/types\/post"}],"author":[{"embeddable":true,"href":"https:\/\/www.madrimasd.org\/blogs\/matematicas\/wp-json\/wp\/v2\/users\/49"}],"replies":[{"embeddable":true,"href":"https:\/\/www.madrimasd.org\/blogs\/matematicas\/wp-json\/wp\/v2\/comments?post=150343"}],"version-history":[{"count":7,"href":"https:\/\/www.madrimasd.org\/blogs\/matematicas\/wp-json\/wp\/v2\/posts\/150343\/revisions"}],"predecessor-version":[{"id":150358,"href":"https:\/\/www.madrimasd.org\/blogs\/matematicas\/wp-json\/wp\/v2\/posts\/150343\/revisions\/150358"}],"wp:attachment":[{"href":"https:\/\/www.madrimasd.org\/blogs\/matematicas\/wp-json\/wp\/v2\/media?parent=150343"}],"wp:term":[{"taxonomy":"category","embeddable":true,"href":"https:\/\/www.madrimasd.org\/blogs\/matematicas\/wp-json\/wp\/v2\/categories?post=150343"},{"taxonomy":"post_tag","embeddable":true,"href":"https:\/\/www.madrimasd.org\/blogs\/matematicas\/wp-json\/wp\/v2\/tags?post=150343"}],"curies":[{"name":"wp","href":"https:\/\/api.w.org\/{rel}","templated":true}]}}