{"id":150980,"date":"2025-08-02T12:18:30","date_gmt":"2025-08-02T11:18:30","guid":{"rendered":"https:\/\/www.madrimasd.org\/blogs\/matematicas\/?p=150980"},"modified":"2025-08-02T12:19:17","modified_gmt":"2025-08-02T11:19:17","slug":"la-union-de-las-competencias","status":"publish","type":"post","link":"https:\/\/www.madrimasd.org\/blogs\/matematicas\/2025\/08\/02\/150980","title":{"rendered":"La Uni\u00f3n de las Competencias"},"content":{"rendered":"<p style=\"font-weight: 400\">Unos de los temas m\u00e1s debatidos en Europa, y muy en particular en Espa\u00f1a, es la falta de competitividad para hacer frente a los desaf\u00edos del mundo global. Para tratar de paliar este problema, la Uni\u00f3n Europea ha creado la <a href=\"https:\/\/commission.europa.eu\/topics\/eu-competitiveness\/union-skills_en\">Union of skills,<\/a> en espa\u00f1ol, la Uni\u00f3n de las Competencias.<\/p>\n<p><a href=\"https:\/\/www.madrimasd.org\/blogs\/matematicas\/files\/2025\/08\/Communication_basic-skills_graphic_version_Page_01.jpg\"><img decoding=\"async\" class=\"aligncenter wp-image-150981\" src=\"https:\/\/www.madrimasd.org\/blogs\/matematicas\/files\/2025\/08\/Communication_basic-skills_graphic_version_Page_01.jpg\" alt=\"\" width=\"734\" height=\"413\" srcset=\"https:\/\/www.madrimasd.org\/blogs\/matematicas\/files\/2025\/08\/Communication_basic-skills_graphic_version_Page_01.jpg 1380w, https:\/\/www.madrimasd.org\/blogs\/matematicas\/files\/2025\/08\/Communication_basic-skills_graphic_version_Page_01-300x169.jpg 300w, https:\/\/www.madrimasd.org\/blogs\/matematicas\/files\/2025\/08\/Communication_basic-skills_graphic_version_Page_01-1024x576.jpg 1024w, https:\/\/www.madrimasd.org\/blogs\/matematicas\/files\/2025\/08\/Communication_basic-skills_graphic_version_Page_01-768x432.jpg 768w\" sizes=\"(max-width: 734px) 100vw, 734px\" \/><\/a><\/p>\n<p style=\"font-weight: 400\">Las razones para esto son las que se han identificado: \u201cLa Uni\u00f3n Europea necesita personas cualificadas para responder a los nuevos retos y seguir siendo competitiva. Pero a medida que cambian los requisitos laborales, muchos trabajadores tienen dificultades para mantenerse al d\u00eda y las empresas no encuentran el talento adecuado. Estas carencias de cualificaciones y mano de obra est\u00e1n obstaculizando la competitividad europea. Por eso la Comisi\u00f3n Europea est\u00e1 introduciendo la uni\u00f3n de capacidades, un plan para mejorar la educaci\u00f3n, la formaci\u00f3n y el aprendizaje permanente de alta calidad.\u201d<\/p>\n<p style=\"font-weight: 400\">En mi opini\u00f3n, esta importante acci\u00f3n est\u00e1 pasando bastante desapercibida en nuestro pa\u00eds, y es nuestra intenci\u00f3n en Matem\u00e1ticas y sus fronteras contribuir a su conocimiento.<\/p>\n<p style=\"font-weight: 400\">Los objetivos de esta Uni\u00f3n de las Competencias son:<\/p>\n<ul>\n<li>ofrecer niveles m\u00e1s elevados de cualificaciones b\u00e1sicas y avanzadas&nbsp;<\/li>\n<li>ofrecer oportunidades para que las personas actualicen y adquieran peri\u00f3dicamente nuevas cualificaciones<\/li>\n<li>facilitar la contrataci\u00f3n por parte de las empresas de toda la UE<\/li>\n<li>atraer, desarrollar y retener a los mejores talentos en Europa<\/li>\n<\/ul>\n<p style=\"font-weight: 400\"><a href=\"https:\/\/www.madrimasd.org\/blogs\/matematicas\/files\/2025\/08\/union-of-skills-img.jpg\"><img decoding=\"async\" class=\"aligncenter size-full wp-image-150982\" src=\"https:\/\/www.madrimasd.org\/blogs\/matematicas\/files\/2025\/08\/union-of-skills-img.jpg\" alt=\"\" width=\"600\" height=\"400\" srcset=\"https:\/\/www.madrimasd.org\/blogs\/matematicas\/files\/2025\/08\/union-of-skills-img.jpg 600w, https:\/\/www.madrimasd.org\/blogs\/matematicas\/files\/2025\/08\/union-of-skills-img-300x200.jpg 300w\" sizes=\"(max-width: 600px) 100vw, 600px\" \/><\/a><\/p>\n<p style=\"font-weight: 400\">Las cifras que ofrece la Uni\u00f3n Europea son demoledoras:<\/p>\n<ul>\n<li>Uno de cada cinco adultos tiene dificultades con la lectura y la escritura<\/li>\n<li>Uno de cada cuatro j\u00f3venes de 15 a\u00f1os tiene carencias en lectura, matem\u00e1ticas y ciencias<\/li>\n<li>Casi cuatro de cada cinco PYMEs no pueden encontrar el talento que necesitan<\/li>\n<\/ul>\n<p style=\"font-weight: 400\">El conjunto de competencias b\u00e1sicas&nbsp;son: Alfabetizaci\u00f3n, Matem\u00e1ticas, Ciencias, Digitalizaci\u00f3n y Ciudadan\u00eda. En lo que se refiere a las matem\u00e1ticas, el informe se\u00f1ala:<\/p>\n<p style=\"font-weight: 400\"><em>Las destrezas matem\u00e1ticas son esenciales para la vida cotidiana en nuestro mundo rico en tecnolog\u00eda. Son la base del pensamiento l\u00f3gico y abstracto. Estas competencias, incluida la alfabetizaci\u00f3n financiera, permiten a las personas tomar decisiones informadas basadas en datos, y les ayudan a <\/em><em>desarrollar un enfoque medido de la asunci\u00f3n de riesgos y capacitan a los ciudadanos para tomar decisiones financieras bien informadas a lo largo de la vida, adem\u00e1s de mejorar sus perspectivas en el mercado laboral. Una competencia deficiente puede dar lugar a una baja aceptaci\u00f3n de los estudios y carreras STEM. Los avances tecnol\u00f3gicos, la investigaci\u00f3n educativa y las necesidades de la sociedad han llevado a hacer m\u00e1s hincapi\u00e9 en la capacidad de los alumnos para resolver problemas y en sus habilidades de pensamiento cr\u00edtico, anim\u00e1ndoles a comprender y aplicar conceptos matem\u00e1ticos, en lugar de limitarse a memorizar f\u00f3rmulas. El uso cada vez mayor de herramientas digitales en matem\u00e1ticas pone de relieve la creciente conexi\u00f3n entre la alfabetizaci\u00f3n matem\u00e1tica y la digital.<\/em><\/p>\n<p><a href=\"https:\/\/www.madrimasd.org\/blogs\/matematicas\/files\/2025\/08\/ec-logo-horiz_en.png\"><img decoding=\"async\" class=\"aligncenter size-full wp-image-150983\" src=\"https:\/\/www.madrimasd.org\/blogs\/matematicas\/files\/2025\/08\/ec-logo-horiz_en.png\" alt=\"\" width=\"1076\" height=\"387\" srcset=\"https:\/\/www.madrimasd.org\/blogs\/matematicas\/files\/2025\/08\/ec-logo-horiz_en.png 1076w, https:\/\/www.madrimasd.org\/blogs\/matematicas\/files\/2025\/08\/ec-logo-horiz_en-300x108.png 300w, https:\/\/www.madrimasd.org\/blogs\/matematicas\/files\/2025\/08\/ec-logo-horiz_en-1024x368.png 1024w, https:\/\/www.madrimasd.org\/blogs\/matematicas\/files\/2025\/08\/ec-logo-horiz_en-768x276.png 768w\" sizes=\"(max-width: 1076px) 100vw, 1076px\" \/><\/a>La Comisi\u00f3n Europea prepara un plan de apoyo a las competencias b\u00e1sicas en colaboraci\u00f3n con los Estados miembros:<\/p>\n<ul>\n<li>Pilotar un esquema de apoyo a las capacidades b\u00e1sicas en 2026.<\/li>\n<li>Elaborar directrices para los responsables pol\u00edticos en 2025 como paso preparatorio para el Plan de Apoyo<\/li>\n<\/ul>\n<p style=\"font-weight: 400\">La Comisi\u00f3n invita a los Estados miembros a:<\/p>\n<ul>\n<li>A declarar su inter\u00e9s en colaborar con la Comisi\u00f3n en la puesta a prueba del Plan de Apoyo a las Capacidades B\u00e1sicas utilizando los fondos disponibles de la UE.<\/li>\n<li>Establecer objetivos nacionales de bajo rendimiento y alto rendimiento centrados en alumnos desfavorecidos.<\/li>\n<\/ul>\n<p style=\"font-weight: 400\">Estamos deseando la puesta en marcha del proyecto en nuestro pa\u00eds.<\/p>\n<p>_____________<\/p>\n<p><strong>Manuel de Le\u00f3n<\/strong>&nbsp;(CSIC, Fundador del ICMAT, Real Academia de Ciencias, Real Academia Canaria de Ciencias, Real Academia Galega de Ciencias).<\/p>\n","protected":false},"excerpt":{"rendered":"<p>Unos de los temas m\u00e1s debatidos en Europa, y muy en particular en Espa\u00f1a, es la falta de competitividad para hacer frente a los desaf\u00edos del mundo global. Para tratar de paliar este problema, la Uni\u00f3n Europea ha creado la Union of skills, en espa\u00f1ol, la Uni\u00f3n de las Competencias. Las razones para esto son las que se han identificado: \u201cLa Uni\u00f3n Europea necesita personas cualificadas para responder a los nuevos retos y seguir siendo competitiva. Pero a medida que cambian los requisitos laborales, muchos trabajadores tienen dificultades para mantenerse al d\u00eda y las empresas no encuentran el talento adecuado.\u2026<\/p>\n","protected":false},"author":49,"featured_media":0,"comment_status":"open","ping_status":"open","sticky":false,"template":"","format":"standard","meta":{"ngg_post_thumbnail":0},"categories":[1],"tags":[63,49671],"blocksy_meta":{"styles_descriptor":{"styles":{"desktop":"","tablet":"","mobile":""},"google_fonts":[],"version":4}},"aioseo_notices":[],"yoast_head":"<!-- This site is optimized with the Yoast SEO plugin v18.0 - https:\/\/yoast.com\/wordpress\/plugins\/seo\/ -->\n<title>La Uni\u00f3n de las Competencias - Matem\u00e1ticas y sus fronteras<\/title>\n<meta name=\"robots\" content=\"index, follow, max-snippet:-1, max-image-preview:large, max-video-preview:-1\" \/>\n<link rel=\"canonical\" href=\"https:\/\/www.madrimasd.org\/blogs\/matematicas\/2025\/08\/02\/150980\" \/>\n<meta property=\"og:locale\" content=\"es_ES\" \/>\n<meta property=\"og:type\" content=\"article\" \/>\n<meta property=\"og:title\" content=\"La Uni\u00f3n de las Competencias - Matem\u00e1ticas y sus fronteras\" \/>\n<meta property=\"og:description\" content=\"Unos de los temas m\u00e1s debatidos en Europa, y muy en particular en Espa\u00f1a, es la falta de competitividad para hacer frente a los desaf\u00edos del mundo global. Para tratar de paliar este problema, la Uni\u00f3n Europea ha creado la Union of skills, en espa\u00f1ol, la Uni\u00f3n de las Competencias. Las razones para esto son las que se han identificado: \u201cLa Uni\u00f3n Europea necesita personas cualificadas para responder a los nuevos retos y seguir siendo competitiva. Pero a medida que cambian los requisitos laborales, muchos trabajadores tienen dificultades para mantenerse al d\u00eda y las empresas no encuentran el talento adecuado.\u2026\" \/>\n<meta property=\"og:url\" content=\"https:\/\/www.madrimasd.org\/blogs\/matematicas\/2025\/08\/02\/150980\" \/>\n<meta property=\"og:site_name\" content=\"Matem\u00e1ticas y sus fronteras\" \/>\n<meta property=\"article:published_time\" content=\"2025-08-02T11:18:30+00:00\" \/>\n<meta property=\"article:modified_time\" content=\"2025-08-02T11:19:17+00:00\" \/>\n<meta property=\"og:image\" content=\"https:\/\/www.madrimasd.org\/blogs\/matematicas\/files\/2025\/08\/Communication_basic-skills_graphic_version_Page_01.jpg\" \/>\n<meta name=\"twitter:card\" content=\"summary_large_image\" \/>\n<meta name=\"twitter:label1\" content=\"Escrito por\" \/>\n\t<meta name=\"twitter:data1\" content=\"Matem\u00e1ticas y sus fronteras\" \/>\n\t<meta name=\"twitter:label2\" content=\"Tiempo de lectura\" \/>\n\t<meta name=\"twitter:data2\" content=\"3 minutos\" \/>\n<script type=\"application\/ld+json\" class=\"yoast-schema-graph\">{\"@context\":\"https:\/\/schema.org\",\"@graph\":[{\"@type\":\"WebSite\",\"@id\":\"https:\/\/www.madrimasd.org\/blogs\/matematicas\/#website\",\"url\":\"https:\/\/www.madrimasd.org\/blogs\/matematicas\/\",\"name\":\"Matem\u00e1ticas y sus fronteras\",\"description\":\"\",\"potentialAction\":[{\"@type\":\"SearchAction\",\"target\":{\"@type\":\"EntryPoint\",\"urlTemplate\":\"https:\/\/www.madrimasd.org\/blogs\/matematicas\/?s={search_term_string}\"},\"query-input\":\"required name=search_term_string\"}],\"inLanguage\":\"es\"},{\"@type\":\"ImageObject\",\"@id\":\"https:\/\/www.madrimasd.org\/blogs\/matematicas\/2025\/08\/02\/150980#primaryimage\",\"inLanguage\":\"es\",\"url\":\"https:\/\/www.madrimasd.org\/blogs\/matematicas\/files\/2025\/08\/Communication_basic-skills_graphic_version_Page_01.jpg\",\"contentUrl\":\"https:\/\/www.madrimasd.org\/blogs\/matematicas\/files\/2025\/08\/Communication_basic-skills_graphic_version_Page_01.jpg\",\"width\":1380,\"height\":776},{\"@type\":\"WebPage\",\"@id\":\"https:\/\/www.madrimasd.org\/blogs\/matematicas\/2025\/08\/02\/150980#webpage\",\"url\":\"https:\/\/www.madrimasd.org\/blogs\/matematicas\/2025\/08\/02\/150980\",\"name\":\"La Uni\u00f3n de las Competencias - Matem\u00e1ticas y sus fronteras\",\"isPartOf\":{\"@id\":\"https:\/\/www.madrimasd.org\/blogs\/matematicas\/#website\"},\"primaryImageOfPage\":{\"@id\":\"https:\/\/www.madrimasd.org\/blogs\/matematicas\/2025\/08\/02\/150980#primaryimage\"},\"datePublished\":\"2025-08-02T11:18:30+00:00\",\"dateModified\":\"2025-08-02T11:19:17+00:00\",\"author\":{\"@id\":\"https:\/\/www.madrimasd.org\/blogs\/matematicas\/#\/schema\/person\/15722bca1b77eece37f4c192bd1b5230\"},\"breadcrumb\":{\"@id\":\"https:\/\/www.madrimasd.org\/blogs\/matematicas\/2025\/08\/02\/150980#breadcrumb\"},\"inLanguage\":\"es\",\"potentialAction\":[{\"@type\":\"ReadAction\",\"target\":[\"https:\/\/www.madrimasd.org\/blogs\/matematicas\/2025\/08\/02\/150980\"]}]},{\"@type\":\"BreadcrumbList\",\"@id\":\"https:\/\/www.madrimasd.org\/blogs\/matematicas\/2025\/08\/02\/150980#breadcrumb\",\"itemListElement\":[{\"@type\":\"ListItem\",\"position\":1,\"name\":\"Portada\",\"item\":\"https:\/\/www.madrimasd.org\/blogs\/matematicas\"},{\"@type\":\"ListItem\",\"position\":2,\"name\":\"La Uni\u00f3n de las Competencias\"}]},{\"@type\":\"Person\",\"@id\":\"https:\/\/www.madrimasd.org\/blogs\/matematicas\/#\/schema\/person\/15722bca1b77eece37f4c192bd1b5230\",\"name\":\"Matem\u00e1ticas y sus fronteras\",\"image\":{\"@type\":\"ImageObject\",\"@id\":\"https:\/\/www.madrimasd.org\/blogs\/matematicas\/#personlogo\",\"inLanguage\":\"es\",\"url\":\"https:\/\/secure.gravatar.com\/avatar\/50eb6cc40d97cb9ad268a3471c7e2492?s=96&d=mm&r=g\",\"contentUrl\":\"https:\/\/secure.gravatar.com\/avatar\/50eb6cc40d97cb9ad268a3471c7e2492?s=96&d=mm&r=g\",\"caption\":\"Matem\u00e1ticas y sus fronteras\"},\"description\":\"Manuel de Le\u00f3n es Profesor de Investigaci\u00f3n del CSIC, acad\u00e9mico de la Real Academia de Ciencias y su Tesorero, fundador del ICMAT (CSIC), acad\u00e9mico de la Real Academia Canaria de Ciencias y de la Real Academia Galega de Ciencias. Es adem\u00e1s Director del programa Estalmat.\",\"url\":\"https:\/\/www.madrimasd.org\/blogs\/matematicas\/author\/matematicas\"}]}<\/script>\n<!-- \/ Yoast SEO plugin. -->","yoast_head_json":{"title":"La Uni\u00f3n de las Competencias - Matem\u00e1ticas y sus fronteras","robots":{"index":"index","follow":"follow","max-snippet":"max-snippet:-1","max-image-preview":"max-image-preview:large","max-video-preview":"max-video-preview:-1"},"canonical":"https:\/\/www.madrimasd.org\/blogs\/matematicas\/2025\/08\/02\/150980","og_locale":"es_ES","og_type":"article","og_title":"La Uni\u00f3n de las Competencias - Matem\u00e1ticas y sus fronteras","og_description":"Unos de los temas m\u00e1s debatidos en Europa, y muy en particular en Espa\u00f1a, es la falta de competitividad para hacer frente a los desaf\u00edos del mundo global. Para tratar de paliar este problema, la Uni\u00f3n Europea ha creado la Union of skills, en espa\u00f1ol, la Uni\u00f3n de las Competencias. Las razones para esto son las que se han identificado: \u201cLa Uni\u00f3n Europea necesita personas cualificadas para responder a los nuevos retos y seguir siendo competitiva. Pero a medida que cambian los requisitos laborales, muchos trabajadores tienen dificultades para mantenerse al d\u00eda y las empresas no encuentran el talento adecuado.\u2026","og_url":"https:\/\/www.madrimasd.org\/blogs\/matematicas\/2025\/08\/02\/150980","og_site_name":"Matem\u00e1ticas y sus fronteras","article_published_time":"2025-08-02T11:18:30+00:00","article_modified_time":"2025-08-02T11:19:17+00:00","og_image":[{"url":"https:\/\/www.madrimasd.org\/blogs\/matematicas\/files\/2025\/08\/Communication_basic-skills_graphic_version_Page_01.jpg"}],"twitter_card":"summary_large_image","twitter_misc":{"Escrito por":"Matem\u00e1ticas y sus fronteras","Tiempo de lectura":"3 minutos"},"schema":{"@context":"https:\/\/schema.org","@graph":[{"@type":"WebSite","@id":"https:\/\/www.madrimasd.org\/blogs\/matematicas\/#website","url":"https:\/\/www.madrimasd.org\/blogs\/matematicas\/","name":"Matem\u00e1ticas y sus fronteras","description":"","potentialAction":[{"@type":"SearchAction","target":{"@type":"EntryPoint","urlTemplate":"https:\/\/www.madrimasd.org\/blogs\/matematicas\/?s={search_term_string}"},"query-input":"required name=search_term_string"}],"inLanguage":"es"},{"@type":"ImageObject","@id":"https:\/\/www.madrimasd.org\/blogs\/matematicas\/2025\/08\/02\/150980#primaryimage","inLanguage":"es","url":"https:\/\/www.madrimasd.org\/blogs\/matematicas\/files\/2025\/08\/Communication_basic-skills_graphic_version_Page_01.jpg","contentUrl":"https:\/\/www.madrimasd.org\/blogs\/matematicas\/files\/2025\/08\/Communication_basic-skills_graphic_version_Page_01.jpg","width":1380,"height":776},{"@type":"WebPage","@id":"https:\/\/www.madrimasd.org\/blogs\/matematicas\/2025\/08\/02\/150980#webpage","url":"https:\/\/www.madrimasd.org\/blogs\/matematicas\/2025\/08\/02\/150980","name":"La Uni\u00f3n de las Competencias - Matem\u00e1ticas y sus fronteras","isPartOf":{"@id":"https:\/\/www.madrimasd.org\/blogs\/matematicas\/#website"},"primaryImageOfPage":{"@id":"https:\/\/www.madrimasd.org\/blogs\/matematicas\/2025\/08\/02\/150980#primaryimage"},"datePublished":"2025-08-02T11:18:30+00:00","dateModified":"2025-08-02T11:19:17+00:00","author":{"@id":"https:\/\/www.madrimasd.org\/blogs\/matematicas\/#\/schema\/person\/15722bca1b77eece37f4c192bd1b5230"},"breadcrumb":{"@id":"https:\/\/www.madrimasd.org\/blogs\/matematicas\/2025\/08\/02\/150980#breadcrumb"},"inLanguage":"es","potentialAction":[{"@type":"ReadAction","target":["https:\/\/www.madrimasd.org\/blogs\/matematicas\/2025\/08\/02\/150980"]}]},{"@type":"BreadcrumbList","@id":"https:\/\/www.madrimasd.org\/blogs\/matematicas\/2025\/08\/02\/150980#breadcrumb","itemListElement":[{"@type":"ListItem","position":1,"name":"Portada","item":"https:\/\/www.madrimasd.org\/blogs\/matematicas"},{"@type":"ListItem","position":2,"name":"La Uni\u00f3n de las Competencias"}]},{"@type":"Person","@id":"https:\/\/www.madrimasd.org\/blogs\/matematicas\/#\/schema\/person\/15722bca1b77eece37f4c192bd1b5230","name":"Matem\u00e1ticas y sus fronteras","image":{"@type":"ImageObject","@id":"https:\/\/www.madrimasd.org\/blogs\/matematicas\/#personlogo","inLanguage":"es","url":"https:\/\/secure.gravatar.com\/avatar\/50eb6cc40d97cb9ad268a3471c7e2492?s=96&d=mm&r=g","contentUrl":"https:\/\/secure.gravatar.com\/avatar\/50eb6cc40d97cb9ad268a3471c7e2492?s=96&d=mm&r=g","caption":"Matem\u00e1ticas y sus fronteras"},"description":"Manuel de Le\u00f3n es Profesor de Investigaci\u00f3n del CSIC, acad\u00e9mico de la Real Academia de Ciencias y su Tesorero, fundador del ICMAT (CSIC), acad\u00e9mico de la Real Academia Canaria de Ciencias y de la Real Academia Galega de Ciencias. Es adem\u00e1s Director del programa Estalmat.","url":"https:\/\/www.madrimasd.org\/blogs\/matematicas\/author\/matematicas"}]}},"_links":{"self":[{"href":"https:\/\/www.madrimasd.org\/blogs\/matematicas\/wp-json\/wp\/v2\/posts\/150980"}],"collection":[{"href":"https:\/\/www.madrimasd.org\/blogs\/matematicas\/wp-json\/wp\/v2\/posts"}],"about":[{"href":"https:\/\/www.madrimasd.org\/blogs\/matematicas\/wp-json\/wp\/v2\/types\/post"}],"author":[{"embeddable":true,"href":"https:\/\/www.madrimasd.org\/blogs\/matematicas\/wp-json\/wp\/v2\/users\/49"}],"replies":[{"embeddable":true,"href":"https:\/\/www.madrimasd.org\/blogs\/matematicas\/wp-json\/wp\/v2\/comments?post=150980"}],"version-history":[{"count":3,"href":"https:\/\/www.madrimasd.org\/blogs\/matematicas\/wp-json\/wp\/v2\/posts\/150980\/revisions"}],"predecessor-version":[{"id":150986,"href":"https:\/\/www.madrimasd.org\/blogs\/matematicas\/wp-json\/wp\/v2\/posts\/150980\/revisions\/150986"}],"wp:attachment":[{"href":"https:\/\/www.madrimasd.org\/blogs\/matematicas\/wp-json\/wp\/v2\/media?parent=150980"}],"wp:term":[{"taxonomy":"category","embeddable":true,"href":"https:\/\/www.madrimasd.org\/blogs\/matematicas\/wp-json\/wp\/v2\/categories?post=150980"},{"taxonomy":"post_tag","embeddable":true,"href":"https:\/\/www.madrimasd.org\/blogs\/matematicas\/wp-json\/wp\/v2\/tags?post=150980"}],"curies":[{"name":"wp","href":"https:\/\/api.w.org\/{rel}","templated":true}]}}