{"id":151086,"date":"2025-12-19T17:11:04","date_gmt":"2025-12-19T16:11:04","guid":{"rendered":"https:\/\/www.madrimasd.org\/blogs\/matematicas\/?p=151086"},"modified":"2025-12-19T17:11:04","modified_gmt":"2025-12-19T16:11:04","slug":"en-memoria-de-marisa-fernandez","status":"publish","type":"post","link":"https:\/\/www.madrimasd.org\/blogs\/matematicas\/2025\/12\/19\/151086","title":{"rendered":"En memoria de Marisa Fern\u00e1ndez"},"content":{"rendered":"<p style=\"font-weight: 400\">Esta entrada reproduce el <a href=\"https:\/\/rsme.es\/wp-content\/uploads\/2025\/11\/Boletin_913.pdf\">obituario publicado<\/a> en el Bolet\u00edn de la Real Sociedad Matem\u00e1tica Espa\u00f1ola&nbsp;sobre el fallecimiento de una querida amiga y colaboradora, la profesora Mar\u00eda Luisa (Marisa) Fern\u00e1ndez Rodr\u00edguez, Catedr\u00e1tica em\u00e9rita de la Universidad del Pa\u00eds Vasco y &nbsp;reconocida investigadora en el campo de la Geometr\u00eda Diferencial.<\/p>\n<p><a href=\"https:\/\/www.madrimasd.org\/blogs\/matematicas\/files\/2025\/12\/5124_20251219165527701.jpg\"><img decoding=\"async\" class=\"aligncenter size-full wp-image-151087\" src=\"https:\/\/www.madrimasd.org\/blogs\/matematicas\/files\/2025\/12\/5124_20251219165527701.jpg\" alt=\"\" width=\"274\" height=\"343\" srcset=\"https:\/\/www.madrimasd.org\/blogs\/matematicas\/files\/2025\/12\/5124_20251219165527701.jpg 274w, https:\/\/www.madrimasd.org\/blogs\/matematicas\/files\/2025\/12\/5124_20251219165527701-240x300.jpg 240w\" sizes=\"(max-width: 274px) 100vw, 274px\" \/><\/a><\/p>\n<p style=\"font-weight: 400\">El pasado 18 de noviembre fallec\u00eda Mar\u00eda Luisa (Marisa) Fern\u00e1ndez, en Ourense, una muy triste noticia que nos llegaba desde la ciudad gallega. Marisa Fern\u00e1ndez ha realizado no solo contribuciones cient\u00edficas relevantes en el campo de la geometr\u00eda diferencial, sino que adem\u00e1s ha contribuido de una manera notable a la estructuraci\u00f3n social de nuestra comunidad matem\u00e1tica.<\/p>\n<p style=\"font-weight: 400\">Marisa Fern\u00e1ndez inici\u00f3 su carrera en la Facultad de Matem\u00e1ticas de la Universidad de Santiago de Compostela, y tras la licenciatura en 1974, desarroll\u00f3 su tesis doctoral bajo la direcci\u00f3n del Profesor Enrique Vidal Abascal, tesis que defendi\u00f3 en 1976l. Tras los pasos habituales en esa \u00e9poca de contratos temporales, consigui\u00f3 en 1980 una plaza de Profesora Adjunta (ahora llamada Titular) en Geometr\u00eda Diferencial en la facultad, y en 1986 la C\u00e1tedra de Geometr\u00eda Diferencial en la Universidad del Pa\u00eds Vasco, donde ejerci\u00f3 hasta su reciente jubilaci\u00f3n.<\/p>\n<p style=\"font-weight: 400\">He tenido la oportunidad de compartir con ella una buena parte de mi propia carrera profesional, primero alguna signatura de la licenciatura y luego diez a\u00f1os en el Departamento de Xeometr\u00eda e Topolox\u00eda de Santiago. En 1986 yo me fui al CSIC a Madrid, y Marisa a Bilbao, aunque seguimos trabajando en varios temas de investigaci\u00f3n unos a\u00f1os m\u00e1s. En la UPV, Marisa trabaj\u00f3 en firme para formar un grupo de geometr\u00eda diferencial.<\/p>\n<p style=\"font-weight: 400\">Quiz\u00e1s no se conozca bien su papel en la reconstrucci\u00f3n de la RSME, pero en septiembre de 1996 recib\u00ed una llamada telef\u00f3nica suya para contarme como ella y Antonio Mart\u00ednez Naveira hab\u00edan hablado de la penosa situaci\u00f3n de la RSME con Andr\u00e9 Lichnerowicz y este les coment\u00f3, \u201csi no pueden hacer nada con la RSME, monten ustedes una sociedad de geometr\u00eda\u201d.&nbsp; Y all\u00e1 convocamos una reuni\u00f3n en el CSIC en Madrid a la que asistieron los \u00faltimos tres presidentes de la RSME (todos ge\u00f3metras) y se dieron las condiciones para formar una Comisi\u00f3n Gestora con Antonio Mart\u00ednez Naveira de presidente, Marisa Fern\u00e1ndez de tesorera y yo mismo de vicepresidente. A ella se uni\u00f3 Salvador Segura de secretario. Y ah\u00ed comenz\u00f3 esta andadura de la RSME que nos ha llevado a tantos logros.<\/p>\n<p style=\"font-weight: 400\">Pero tambi\u00e9n en el ICM de Madrid Marisa tuvo un papel destacado. Hizo un trabajo excepcional en la comisi\u00f3n encargada de conseguir ayuda para los matem\u00e1ticos de los pa\u00edses en v\u00edas de desarrollo, con reuniones con ministerios, universidades, colegios mayores, \u2026 Y en esa misma direcci\u00f3n, ya en 2003, Marisa trabaj\u00f3 firmemente para organizar una reuni\u00f3n de todos los presidentes de las sociedades matem\u00e1ticas de Latinoam\u00e9rica, que se celebr\u00f3 en Santiago de Compostela y de la que podido rescatar <a href=\"http:\/\/tv.usc.gal\/mmobj\/index\/id\/1761\">este video<\/a> en la que presenta el evento presidido por el entonces Presidente de la Xunta de Galicia, Manuel Fraga Iribarne. Y no acaba aqu\u00ed su trabajo; quiero recordar su ayuda importante para que Espa\u00f1a entrara en CIMPA, con sus conversaciones con Michel Jambu y la ayuda tambi\u00e9n de Enrique Zuazua.<\/p>\n<p style=\"font-weight: 400\">Quisiera tambi\u00e9n recordar sus logros matem\u00e1ticos. Tras su tesis doctoral, Marisa hizo una estancia en la Universidad de Maryland con el profesor Alfred Gray, con el que public\u00f3 un art\u00edculo en el que caracterizaban las variedades de Riemann cuyo grupo de holonom\u00eda es un subgrupo del grupo excepcional G<sub>2<\/sub>, art\u00edculo con un enorme impacto. En 1985, describimos una familia de variedades que generalizaban a dimensiones superiores el ejemplo en cuatro dimensiones construido por Kodaira y Thurston. En contraste con lo que se pensaba hasta entonces, si hab\u00eda un gran n\u00famero de variedades compactas no k\u00e4hlerianas casi k\u00e4hlerianas y simpl\u00e9cticas. M\u00e1s tarde, Marisa Fern\u00e1ndez, en colaboraci\u00f3n con Luis A. Cordero y Alfred Gray usaron la teor\u00eda de modelos minimales para obtener nuevos e importantes ejemplos. Ese instrumento fue de enorme utilidad ya que permit\u00eda un c\u00e1lculo sencillo de productos de Massey, y con ello obtuvimos ejemplos y contraejemplos en muchos tipos de variedades. Marisa continu\u00f3 trabajando tanto en esta frontera entre lo simpl\u00e9ctico y lo K\u00e4hleriano, as\u00ed como en otros temas de geometr\u00eda riemanniana. Solo como ejemplos, citemos su construcci\u00f3n de los primeros ejemplos de variedades compactas G<sub>2<\/sub> calibradas, en el sentido de Harvey y Lawson, o la del primer ejemplo de una variedad compacta, simplemente conexa y simpl\u00e9ctica que no es formal (en dimensi\u00f3n 8), o la prueba de la conjetura de Goldberg en geometr\u00eda almost cok\u00e4hler de que toda variedad compacta y almost cok\u00e4hler Einstein es cok\u00e4hler y transversalmente Calabi-Yau. Sus logros pueden verse en la web de MathSciNet con sus 116 publicaciones rese\u00f1adas.<\/p>\n<figure id=\"attachment_151088\" aria-describedby=\"caption-attachment-151088\" style=\"width: 775px\" class=\"wp-caption aligncenter\"><a href=\"https:\/\/www.madrimasd.org\/blogs\/matematicas\/files\/2025\/12\/PREMIOS-RSME-FBBVA-08_web.jpg\"><img decoding=\"async\" class=\"size-full wp-image-151088\" src=\"https:\/\/www.madrimasd.org\/blogs\/matematicas\/files\/2025\/12\/PREMIOS-RSME-FBBVA-08_web.jpg\" alt=\"\" width=\"775\" height=\"500\" srcset=\"https:\/\/www.madrimasd.org\/blogs\/matematicas\/files\/2025\/12\/PREMIOS-RSME-FBBVA-08_web.jpg 775w, https:\/\/www.madrimasd.org\/blogs\/matematicas\/files\/2025\/12\/PREMIOS-RSME-FBBVA-08_web-300x194.jpg 300w, https:\/\/www.madrimasd.org\/blogs\/matematicas\/files\/2025\/12\/PREMIOS-RSME-FBBVA-08_web-768x495.jpg 768w\" sizes=\"(max-width: 775px) 100vw, 775px\" \/><\/a><figcaption id=\"caption-attachment-151088\" class=\"wp-caption-text\">Medalla de la RSME<\/figcaption><\/figure>\n<p style=\"font-weight: 400\">Por todos sus logros cient\u00edficos y sociales, en 2019 fue merecedora de la medalla de la RSME. Marisa dec\u00eda en el acto de entrega de la medalla: \u201cEs un motivo de alegr\u00eda notar el aprecio y la consideraci\u00f3n, por parte de mis colegas espa\u00f1oles, a la dedicaci\u00f3n y al esfuerzo que he realizado en distintos aspectos de mi actividad acad\u00e9mica\u201d, y continuaba: \u201cAparte de centrar mis esfuerzos en la investigaci\u00f3n, con la que realmente disfruto, siempre intentar\u00e9 ayudar en lo que sea \u00fatil para la comunidad matem\u00e1tica\u201d.<\/p>\n<p style=\"font-weight: 400\">Aunque nuestros caminos profesionales nos llevaron por rutas diferentes, siempre recordar\u00e9 cuando en nuestro departamento en la Facultad, Marisa ven\u00eda a mi despacho a media tarde, y me dec\u00eda, \u201cvamos a merendar\u201d, y nos \u00edbamos al Hostal de los Reyes Cat\u00f3licos a tomarnos un caf\u00e9 para volver luego a trabajar ya que ambos \u00e9ramos de los sal\u00edan muy tarde de la facultad. Descansa en paz, Marisa.<\/p>\n<p><strong>_____________<\/strong><\/p>\n<p><strong>Manuel de Le\u00f3n<\/strong> (CSIC, Fundador del ICMAT, Real Academia de Ciencias, Real Academia Canaria de Ciencias, Real Academia Galega de Ciencias, Presidente del ICM2006 Madrid y miembro del Comit\u00e9 Ejecutivo de IMU (2007-2024) y del Comit\u00e9 Ejecutivo del ISC (2014-2018).<\/p>\n","protected":false},"excerpt":{"rendered":"<p>Esta entrada reproduce el obituario publicado en el Bolet\u00edn de la Real Sociedad Matem\u00e1tica Espa\u00f1ola&nbsp;sobre el fallecimiento de una querida amiga y colaboradora, la profesora Mar\u00eda Luisa (Marisa) Fern\u00e1ndez Rodr\u00edguez, Catedr\u00e1tica em\u00e9rita de la Universidad del Pa\u00eds Vasco y &nbsp;reconocida investigadora en el campo de la Geometr\u00eda Diferencial. El pasado 18 de noviembre fallec\u00eda Mar\u00eda Luisa (Marisa) Fern\u00e1ndez, en Ourense, una muy triste noticia que nos llegaba desde la ciudad gallega. Marisa Fern\u00e1ndez ha realizado no solo contribuciones cient\u00edficas relevantes en el campo de la geometr\u00eda diferencial, sino que adem\u00e1s ha contribuido de una manera notable a la estructuraci\u00f3n social\u2026<\/p>\n","protected":false},"author":49,"featured_media":0,"comment_status":"open","ping_status":"open","sticky":false,"template":"","format":"standard","meta":{"ngg_post_thumbnail":0},"categories":[1],"tags":[49696,49643],"blocksy_meta":{"styles_descriptor":{"styles":{"desktop":"","tablet":"","mobile":""},"google_fonts":[],"version":4}},"aioseo_notices":[],"yoast_head":"<!-- This site is optimized with the Yoast SEO plugin v18.0 - https:\/\/yoast.com\/wordpress\/plugins\/seo\/ -->\n<title>En memoria de Marisa Fern\u00e1ndez - Matem\u00e1ticas y sus fronteras<\/title>\n<meta name=\"robots\" content=\"index, follow, max-snippet:-1, max-image-preview:large, max-video-preview:-1\" \/>\n<link rel=\"canonical\" href=\"https:\/\/www.madrimasd.org\/blogs\/matematicas\/2025\/12\/19\/151086\" \/>\n<meta property=\"og:locale\" content=\"es_ES\" \/>\n<meta property=\"og:type\" content=\"article\" \/>\n<meta property=\"og:title\" content=\"En memoria de Marisa Fern\u00e1ndez - Matem\u00e1ticas y sus fronteras\" \/>\n<meta property=\"og:description\" content=\"Esta entrada reproduce el obituario publicado en el Bolet\u00edn de la Real Sociedad Matem\u00e1tica Espa\u00f1ola&nbsp;sobre el fallecimiento de una querida amiga y colaboradora, la profesora Mar\u00eda Luisa (Marisa) Fern\u00e1ndez Rodr\u00edguez, Catedr\u00e1tica em\u00e9rita de la Universidad del Pa\u00eds Vasco y &nbsp;reconocida investigadora en el campo de la Geometr\u00eda Diferencial. El pasado 18 de noviembre fallec\u00eda Mar\u00eda Luisa (Marisa) Fern\u00e1ndez, en Ourense, una muy triste noticia que nos llegaba desde la ciudad gallega. Marisa Fern\u00e1ndez ha realizado no solo contribuciones cient\u00edficas relevantes en el campo de la geometr\u00eda diferencial, sino que adem\u00e1s ha contribuido de una manera notable a la estructuraci\u00f3n social\u2026\" \/>\n<meta property=\"og:url\" content=\"https:\/\/www.madrimasd.org\/blogs\/matematicas\/2025\/12\/19\/151086\" \/>\n<meta property=\"og:site_name\" content=\"Matem\u00e1ticas y sus fronteras\" \/>\n<meta property=\"article:published_time\" content=\"2025-12-19T16:11:04+00:00\" \/>\n<meta property=\"og:image\" content=\"https:\/\/www.madrimasd.org\/blogs\/matematicas\/files\/2025\/12\/5124_20251219165527701.jpg\" \/>\n<meta name=\"twitter:card\" content=\"summary_large_image\" \/>\n<meta name=\"twitter:label1\" content=\"Escrito por\" \/>\n\t<meta name=\"twitter:data1\" content=\"Matem\u00e1ticas y sus fronteras\" \/>\n\t<meta name=\"twitter:label2\" content=\"Tiempo de lectura\" \/>\n\t<meta name=\"twitter:data2\" content=\"5 minutos\" \/>\n<script type=\"application\/ld+json\" class=\"yoast-schema-graph\">{\"@context\":\"https:\/\/schema.org\",\"@graph\":[{\"@type\":\"WebSite\",\"@id\":\"https:\/\/www.madrimasd.org\/blogs\/matematicas\/#website\",\"url\":\"https:\/\/www.madrimasd.org\/blogs\/matematicas\/\",\"name\":\"Matem\u00e1ticas y sus fronteras\",\"description\":\"\",\"potentialAction\":[{\"@type\":\"SearchAction\",\"target\":{\"@type\":\"EntryPoint\",\"urlTemplate\":\"https:\/\/www.madrimasd.org\/blogs\/matematicas\/?s={search_term_string}\"},\"query-input\":\"required name=search_term_string\"}],\"inLanguage\":\"es\"},{\"@type\":\"ImageObject\",\"@id\":\"https:\/\/www.madrimasd.org\/blogs\/matematicas\/2025\/12\/19\/151086#primaryimage\",\"inLanguage\":\"es\",\"url\":\"https:\/\/www.madrimasd.org\/blogs\/matematicas\/files\/2025\/12\/5124_20251219165527701.jpg\",\"contentUrl\":\"https:\/\/www.madrimasd.org\/blogs\/matematicas\/files\/2025\/12\/5124_20251219165527701.jpg\",\"width\":274,\"height\":343},{\"@type\":\"WebPage\",\"@id\":\"https:\/\/www.madrimasd.org\/blogs\/matematicas\/2025\/12\/19\/151086#webpage\",\"url\":\"https:\/\/www.madrimasd.org\/blogs\/matematicas\/2025\/12\/19\/151086\",\"name\":\"En memoria de Marisa Fern\u00e1ndez - Matem\u00e1ticas y sus fronteras\",\"isPartOf\":{\"@id\":\"https:\/\/www.madrimasd.org\/blogs\/matematicas\/#website\"},\"primaryImageOfPage\":{\"@id\":\"https:\/\/www.madrimasd.org\/blogs\/matematicas\/2025\/12\/19\/151086#primaryimage\"},\"datePublished\":\"2025-12-19T16:11:04+00:00\",\"dateModified\":\"2025-12-19T16:11:04+00:00\",\"author\":{\"@id\":\"https:\/\/www.madrimasd.org\/blogs\/matematicas\/#\/schema\/person\/15722bca1b77eece37f4c192bd1b5230\"},\"breadcrumb\":{\"@id\":\"https:\/\/www.madrimasd.org\/blogs\/matematicas\/2025\/12\/19\/151086#breadcrumb\"},\"inLanguage\":\"es\",\"potentialAction\":[{\"@type\":\"ReadAction\",\"target\":[\"https:\/\/www.madrimasd.org\/blogs\/matematicas\/2025\/12\/19\/151086\"]}]},{\"@type\":\"BreadcrumbList\",\"@id\":\"https:\/\/www.madrimasd.org\/blogs\/matematicas\/2025\/12\/19\/151086#breadcrumb\",\"itemListElement\":[{\"@type\":\"ListItem\",\"position\":1,\"name\":\"Portada\",\"item\":\"https:\/\/www.madrimasd.org\/blogs\/matematicas\"},{\"@type\":\"ListItem\",\"position\":2,\"name\":\"En memoria de Marisa Fern\u00e1ndez\"}]},{\"@type\":\"Person\",\"@id\":\"https:\/\/www.madrimasd.org\/blogs\/matematicas\/#\/schema\/person\/15722bca1b77eece37f4c192bd1b5230\",\"name\":\"Matem\u00e1ticas y sus fronteras\",\"image\":{\"@type\":\"ImageObject\",\"@id\":\"https:\/\/www.madrimasd.org\/blogs\/matematicas\/#personlogo\",\"inLanguage\":\"es\",\"url\":\"https:\/\/secure.gravatar.com\/avatar\/50eb6cc40d97cb9ad268a3471c7e2492?s=96&d=mm&r=g\",\"contentUrl\":\"https:\/\/secure.gravatar.com\/avatar\/50eb6cc40d97cb9ad268a3471c7e2492?s=96&d=mm&r=g\",\"caption\":\"Matem\u00e1ticas y sus fronteras\"},\"description\":\"Manuel de Le\u00f3n es Profesor de Investigaci\u00f3n del CSIC, acad\u00e9mico de la Real Academia de Ciencias y su Tesorero, fundador del ICMAT (CSIC), acad\u00e9mico de la Real Academia Canaria de Ciencias y de la Real Academia Galega de Ciencias. Es adem\u00e1s Director del programa Estalmat.\",\"url\":\"https:\/\/www.madrimasd.org\/blogs\/matematicas\/author\/matematicas\"}]}<\/script>\n<!-- \/ Yoast SEO plugin. -->","yoast_head_json":{"title":"En memoria de Marisa Fern\u00e1ndez - Matem\u00e1ticas y sus fronteras","robots":{"index":"index","follow":"follow","max-snippet":"max-snippet:-1","max-image-preview":"max-image-preview:large","max-video-preview":"max-video-preview:-1"},"canonical":"https:\/\/www.madrimasd.org\/blogs\/matematicas\/2025\/12\/19\/151086","og_locale":"es_ES","og_type":"article","og_title":"En memoria de Marisa Fern\u00e1ndez - Matem\u00e1ticas y sus fronteras","og_description":"Esta entrada reproduce el obituario publicado en el Bolet\u00edn de la Real Sociedad Matem\u00e1tica Espa\u00f1ola&nbsp;sobre el fallecimiento de una querida amiga y colaboradora, la profesora Mar\u00eda Luisa (Marisa) Fern\u00e1ndez Rodr\u00edguez, Catedr\u00e1tica em\u00e9rita de la Universidad del Pa\u00eds Vasco y &nbsp;reconocida investigadora en el campo de la Geometr\u00eda Diferencial. El pasado 18 de noviembre fallec\u00eda Mar\u00eda Luisa (Marisa) Fern\u00e1ndez, en Ourense, una muy triste noticia que nos llegaba desde la ciudad gallega. Marisa Fern\u00e1ndez ha realizado no solo contribuciones cient\u00edficas relevantes en el campo de la geometr\u00eda diferencial, sino que adem\u00e1s ha contribuido de una manera notable a la estructuraci\u00f3n social\u2026","og_url":"https:\/\/www.madrimasd.org\/blogs\/matematicas\/2025\/12\/19\/151086","og_site_name":"Matem\u00e1ticas y sus fronteras","article_published_time":"2025-12-19T16:11:04+00:00","og_image":[{"url":"https:\/\/www.madrimasd.org\/blogs\/matematicas\/files\/2025\/12\/5124_20251219165527701.jpg"}],"twitter_card":"summary_large_image","twitter_misc":{"Escrito por":"Matem\u00e1ticas y sus fronteras","Tiempo de lectura":"5 minutos"},"schema":{"@context":"https:\/\/schema.org","@graph":[{"@type":"WebSite","@id":"https:\/\/www.madrimasd.org\/blogs\/matematicas\/#website","url":"https:\/\/www.madrimasd.org\/blogs\/matematicas\/","name":"Matem\u00e1ticas y sus fronteras","description":"","potentialAction":[{"@type":"SearchAction","target":{"@type":"EntryPoint","urlTemplate":"https:\/\/www.madrimasd.org\/blogs\/matematicas\/?s={search_term_string}"},"query-input":"required name=search_term_string"}],"inLanguage":"es"},{"@type":"ImageObject","@id":"https:\/\/www.madrimasd.org\/blogs\/matematicas\/2025\/12\/19\/151086#primaryimage","inLanguage":"es","url":"https:\/\/www.madrimasd.org\/blogs\/matematicas\/files\/2025\/12\/5124_20251219165527701.jpg","contentUrl":"https:\/\/www.madrimasd.org\/blogs\/matematicas\/files\/2025\/12\/5124_20251219165527701.jpg","width":274,"height":343},{"@type":"WebPage","@id":"https:\/\/www.madrimasd.org\/blogs\/matematicas\/2025\/12\/19\/151086#webpage","url":"https:\/\/www.madrimasd.org\/blogs\/matematicas\/2025\/12\/19\/151086","name":"En memoria de Marisa Fern\u00e1ndez - Matem\u00e1ticas y sus fronteras","isPartOf":{"@id":"https:\/\/www.madrimasd.org\/blogs\/matematicas\/#website"},"primaryImageOfPage":{"@id":"https:\/\/www.madrimasd.org\/blogs\/matematicas\/2025\/12\/19\/151086#primaryimage"},"datePublished":"2025-12-19T16:11:04+00:00","dateModified":"2025-12-19T16:11:04+00:00","author":{"@id":"https:\/\/www.madrimasd.org\/blogs\/matematicas\/#\/schema\/person\/15722bca1b77eece37f4c192bd1b5230"},"breadcrumb":{"@id":"https:\/\/www.madrimasd.org\/blogs\/matematicas\/2025\/12\/19\/151086#breadcrumb"},"inLanguage":"es","potentialAction":[{"@type":"ReadAction","target":["https:\/\/www.madrimasd.org\/blogs\/matematicas\/2025\/12\/19\/151086"]}]},{"@type":"BreadcrumbList","@id":"https:\/\/www.madrimasd.org\/blogs\/matematicas\/2025\/12\/19\/151086#breadcrumb","itemListElement":[{"@type":"ListItem","position":1,"name":"Portada","item":"https:\/\/www.madrimasd.org\/blogs\/matematicas"},{"@type":"ListItem","position":2,"name":"En memoria de Marisa Fern\u00e1ndez"}]},{"@type":"Person","@id":"https:\/\/www.madrimasd.org\/blogs\/matematicas\/#\/schema\/person\/15722bca1b77eece37f4c192bd1b5230","name":"Matem\u00e1ticas y sus fronteras","image":{"@type":"ImageObject","@id":"https:\/\/www.madrimasd.org\/blogs\/matematicas\/#personlogo","inLanguage":"es","url":"https:\/\/secure.gravatar.com\/avatar\/50eb6cc40d97cb9ad268a3471c7e2492?s=96&d=mm&r=g","contentUrl":"https:\/\/secure.gravatar.com\/avatar\/50eb6cc40d97cb9ad268a3471c7e2492?s=96&d=mm&r=g","caption":"Matem\u00e1ticas y sus fronteras"},"description":"Manuel de Le\u00f3n es Profesor de Investigaci\u00f3n del CSIC, acad\u00e9mico de la Real Academia de Ciencias y su Tesorero, fundador del ICMAT (CSIC), acad\u00e9mico de la Real Academia Canaria de Ciencias y de la Real Academia Galega de Ciencias. Es adem\u00e1s Director del programa Estalmat.","url":"https:\/\/www.madrimasd.org\/blogs\/matematicas\/author\/matematicas"}]}},"_links":{"self":[{"href":"https:\/\/www.madrimasd.org\/blogs\/matematicas\/wp-json\/wp\/v2\/posts\/151086"}],"collection":[{"href":"https:\/\/www.madrimasd.org\/blogs\/matematicas\/wp-json\/wp\/v2\/posts"}],"about":[{"href":"https:\/\/www.madrimasd.org\/blogs\/matematicas\/wp-json\/wp\/v2\/types\/post"}],"author":[{"embeddable":true,"href":"https:\/\/www.madrimasd.org\/blogs\/matematicas\/wp-json\/wp\/v2\/users\/49"}],"replies":[{"embeddable":true,"href":"https:\/\/www.madrimasd.org\/blogs\/matematicas\/wp-json\/wp\/v2\/comments?post=151086"}],"version-history":[{"count":2,"href":"https:\/\/www.madrimasd.org\/blogs\/matematicas\/wp-json\/wp\/v2\/posts\/151086\/revisions"}],"predecessor-version":[{"id":151090,"href":"https:\/\/www.madrimasd.org\/blogs\/matematicas\/wp-json\/wp\/v2\/posts\/151086\/revisions\/151090"}],"wp:attachment":[{"href":"https:\/\/www.madrimasd.org\/blogs\/matematicas\/wp-json\/wp\/v2\/media?parent=151086"}],"wp:term":[{"taxonomy":"category","embeddable":true,"href":"https:\/\/www.madrimasd.org\/blogs\/matematicas\/wp-json\/wp\/v2\/categories?post=151086"},{"taxonomy":"post_tag","embeddable":true,"href":"https:\/\/www.madrimasd.org\/blogs\/matematicas\/wp-json\/wp\/v2\/tags?post=151086"}],"curies":[{"name":"wp","href":"https:\/\/api.w.org\/{rel}","templated":true}]}}